{"id":17144,"date":"2025-02-03T10:58:20","date_gmt":"2025-02-03T13:58:20","guid":{"rendered":"https:\/\/www.visionweb.com.ar\/?p=17144"},"modified":"2025-02-03T10:58:20","modified_gmt":"2025-02-03T13:58:20","slug":"diputados-comenzara-a-tratar-en-extraordinarias-la-reforma-electoral-de-milei","status":"publish","type":"post","link":"https:\/\/www.visionweb.com.ar\/?p=17144","title":{"rendered":"Diputados comenzar\u00e1 a tratar en extraordinarias la reforma electoral de Milei"},"content":{"rendered":"<p><em><strong>Ser\u00e1 ma\u00f1ana martes. El oficialismo de la C\u00e1mara de Diputados convoc\u00f3 a un plenario de comisiones para debatir el tratamiento de la reforma electoral. Quieren llegar a girar al\u00a0Senado\u00a0los tres proyectos en la sesi\u00f3n del jueves 6 de febrero. <\/strong><\/em><!--more--><\/p>\n<p><img loading=\"lazy\" decoding=\"async\" class=\"size-medium wp-image-12685 alignright\" src=\"https:\/\/www.visionweb.com.ar\/wp-content\/uploads\/2023\/11\/Congreso-nacional-300x242.png\" alt=\"\" width=\"300\" height=\"242\" srcset=\"https:\/\/www.visionweb.com.ar\/wp-content\/uploads\/2023\/11\/Congreso-nacional-300x242.png 300w, https:\/\/www.visionweb.com.ar\/wp-content\/uploads\/2023\/11\/Congreso-nacional.png 532w\" sizes=\"auto, (max-width: 300px) 100vw, 300px\" \/>\u00a0\u00a0 <strong>L<\/strong>a\u00a0<strong>C\u00e1mara de Diputados<\/strong>\u00a0confirm\u00f3 que este martes 4 de febrero arranca el tratamiento de la\u00a0<strong>reforma electoral<\/strong>\u00a0que envi\u00f3 el Ejecutivo nacional al\u00a0<strong>Congreso<\/strong>, la cual <strong>incluye la eliminaci\u00f3n o suspensi\u00f3n de las elecciones Primarias, Abiertas, Simult\u00e1neas y Obligatorias<\/strong> (<strong>PASO<\/strong>), la\u00a0<strong>financiaci\u00f3n de los partidos pol\u00edticos<\/strong>\u00a0y el proyecto de\u00a0<strong>Ficha Limpia<\/strong>.<\/p>\n<p>De esta manera, este martes a las 14:00 horas, la\u00a0<strong>C\u00e1mara Baja<\/strong>\u00a0dar\u00e1 comienzo al\u00a0<strong>plenario de comisiones\u00a0<\/strong>en el que se reunir\u00e1\u00a0<strong>Asuntos Constitucionales<\/strong>,\u00a0<strong>Justicia<\/strong>, y Presupuesto y Hacienda.<\/p>\n<p>El oficialismo ir\u00e1 por la suspensi\u00f3n de las<strong>\u00a0PASO<\/strong>\u00a0con el objetivo de conseguir el\u00a0<strong>dictamen de mayor\u00eda el mi\u00e9rcoles 5 de febrero\u00a0<\/strong>para llevar la\u00a0<strong>reforma electoral\u00a0<\/strong><strong>el jueves 6 al recinto<\/strong>.<\/p>\n<p>En detalle, la primera reuni\u00f3n plenaria tendr\u00e1 presentes a los integrantes de la Comisi\u00f3n de Asuntos Constitucionales (cabecera), que preside el santafesino\u00a0<strong>Nicol\u00e1s Mayoraz<\/strong>; de Justicia, a cargo del juje\u00f1o\u00a0<strong>Manuel Quintar<\/strong>; y de Presupuesto y Hacienda, presidida por\u00a0<strong>Jos\u00e9 Luis Espert<\/strong>.<\/p>\n<p>Vale se\u00f1alar que, uno de los puntos de tensi\u00f3n es la desconfianza de varios bloques respecto del inter\u00e9s del Gobierno en avanzar con ciertos temas, como \u201c<strong>Ficha Limpia<\/strong>\u201d, el\u00a0<strong>juicio en ausencia\u00a0<\/strong>y la reforma de la ley de partidos pol\u00edticos.<\/p>\n<p>Los legisladores buscar\u00e1n garantizar el tiempo necesario para el debate, podr\u00edan plantear incluso la posibilidad de extender las\u00a0<strong>sesiones extraordinarias<\/strong>\u00a0o <strong>trasladar las discusiones al per\u00edodo ordinario<\/strong>. Sin embargo, desde el oficialismo aseguraron que no las prorrogar\u00e1n por lo que intentar\u00e1n cerrar las negociaciones durante las comisiones.<\/p>\n<p>Adem\u00e1s, desde el oficialismo se muestran optimistas y <strong>afirman que llegar\u00e1n a girar al\u00a0Senado\u00a0los tres proyectos en cuesti\u00f3n en la sesi\u00f3n del 6 de febrero<\/strong>. De cumplir con las expectativas, la semana siguiente, entre el 11 y 13 de febrero, en Diputados se abocar\u00e1n al tratamiento del nuevo texto de Ficha Limpia, es decir la versi\u00f3n del Ejecutivo Nacional.<\/p>\n<p><strong>Ficha Limpia, PASO y juicio en ausencia: el temario de las sesiones extraordinarias<\/strong><\/p>\n<p>Cabe recordar que, a mediados de noviembre, y en dos oportunidades fracas\u00f3 la sesi\u00f3n donde se iba a tratar el proyecto hist\u00f3rico del\u00a0<strong>PRO<\/strong>\u00a0sobre\u00a0<strong>Ficha Limpia<\/strong>.<\/p>\n<p>La iniciativa que present\u00f3 <strong>La Libertad Avanza<\/strong>\u00a0sostiene parte del proyecto presentado por el\u00a0<strong>PRO<\/strong>,\u00a0que <strong>imposibilita candidaturas a personas condenadas por los delitos de fraude, tr\u00e1fico de influencia, enriquecimiento il\u00edcito, negociaciones incompatibles con el ejercicio de funciones p\u00fablicas<\/strong>\u00a0y encubrimiento, aunque no tengan condena firme de la Corte Suprema.<\/p>\n<p>De esta manera, seg\u00fan el proyecto de<strong>\u00a0Ficha Limpia<\/strong>\u00a0del oficialismo, una condena en segunda instancia bastar\u00e1 para denegar la posibilidad de candidatearse, algo que complicar\u00eda en pleno a\u00f1o electoral una eventual postulaci\u00f3n de la presidenta del principal partido opositor,\u00a0<strong>Cristina Kirchner<\/strong>, y de incluso <strong>algunos funcionarios del propio Gobierno<\/strong>.<\/p>\n<p>En lo que respecta a los proyectos de\u00a0<strong>juicio en ausencia<\/strong>\u00a0y el<strong>\u00a0<\/strong>de\u00a0<strong>reincidencia y reiterancia<\/strong>, ya est\u00e1n <strong>listos para ser tratados<\/strong> en el recinto de la\u00a0<strong>C\u00e1mara de\u00a0Diputados<\/strong>, ya que cuentan con dictamen favorable. Tal es as\u00ed que, estaban incluidos en el temario de en la \u00faltima sesi\u00f3n del a\u00f1o 24, que fracas\u00f3 por falta de quorum.<\/p>\n<p><strong>\u00a0temario completo de las sesiones extraordinarias<\/strong><\/p>\n<ul>\n<li>Proyecto de ley por el cual se aborda de manera integral el fen\u00f3meno del crimen organizado en el pa\u00eds. Ley Antimafia<\/li>\n<li>Proyecto de ley tendiente a modificar el C\u00f3digo Procesal Penal y C\u00f3digo Procesal Penal Federal<\/li>\n<li>Proyecto de ley tendiente a modificar el r\u00e9gimen de reiterancia, concurso de delitos y unificaci\u00f3n de cadenas<\/li>\n<li>Proyecto de ley de Reforma para el Fortalecimiento Electoral<\/li>\n<li>Proyecto de ley sobre ficha limpia remitido por el Ejecutivo Nacional<\/li>\n<li>Proyecto de ley sombre Compensaci\u00f3n e \u00cdndice de Actualizaci\u00f3n de Quebrantos a ser remitido por el Ejecutivo Nacional<\/li>\n<li>Consideraci\u00f3n de Pliegos que requieran acuerdos para designaciones y promociones del Senado de la Naci\u00f3n. <strong>(VW)<\/strong><\/li>\n<\/ul>\n","protected":false},"excerpt":{"rendered":"<p>Ser\u00e1 ma\u00f1ana martes. El oficialismo de la C\u00e1mara de Diputados convoc\u00f3 a un plenario de comisiones para debatir el tratamiento de la reforma electoral. Quieren llegar a girar al\u00a0Senado\u00a0los tres proyectos en la sesi\u00f3n&#46;&#46;&#46;<\/p>\n","protected":false},"author":4,"featured_media":12685,"comment_status":"closed","ping_status":"closed","sticky":false,"template":"","format":"standard","meta":{"_monsterinsights_skip_tracking":false,"_monsterinsights_sitenote_active":false,"_monsterinsights_sitenote_note":"","_monsterinsights_sitenote_category":0,"footnotes":""},"categories":[4],"tags":[143,7187,6994,7264,7263],"class_list":["post-17144","post","type-post","status-publish","format-standard","has-post-thumbnail","hentry","category-politica","tag-diputados","tag-extraordinarias","tag-ficha-limpia","tag-reforma-electoral-de-milei","tag-suspension-de-paso"],"_links":{"self":[{"href":"https:\/\/www.visionweb.com.ar\/index.php?rest_route=\/wp\/v2\/posts\/17144","targetHints":{"allow":["GET"]}}],"collection":[{"href":"https:\/\/www.visionweb.com.ar\/index.php?rest_route=\/wp\/v2\/posts"}],"about":[{"href":"https:\/\/www.visionweb.com.ar\/index.php?rest_route=\/wp\/v2\/types\/post"}],"author":[{"embeddable":true,"href":"https:\/\/www.visionweb.com.ar\/index.php?rest_route=\/wp\/v2\/users\/4"}],"replies":[{"embeddable":true,"href":"https:\/\/www.visionweb.com.ar\/index.php?rest_route=%2Fwp%2Fv2%2Fcomments&post=17144"}],"version-history":[{"count":1,"href":"https:\/\/www.visionweb.com.ar\/index.php?rest_route=\/wp\/v2\/posts\/17144\/revisions"}],"predecessor-version":[{"id":17145,"href":"https:\/\/www.visionweb.com.ar\/index.php?rest_route=\/wp\/v2\/posts\/17144\/revisions\/17145"}],"wp:featuredmedia":[{"embeddable":true,"href":"https:\/\/www.visionweb.com.ar\/index.php?rest_route=\/wp\/v2\/media\/12685"}],"wp:attachment":[{"href":"https:\/\/www.visionweb.com.ar\/index.php?rest_route=%2Fwp%2Fv2%2Fmedia&parent=17144"}],"wp:term":[{"taxonomy":"category","embeddable":true,"href":"https:\/\/www.visionweb.com.ar\/index.php?rest_route=%2Fwp%2Fv2%2Fcategories&post=17144"},{"taxonomy":"post_tag","embeddable":true,"href":"https:\/\/www.visionweb.com.ar\/index.php?rest_route=%2Fwp%2Fv2%2Ftags&post=17144"}],"curies":[{"name":"wp","href":"https:\/\/api.w.org\/{rel}","templated":true}]}}