{"id":17139,"date":"2025-02-03T10:27:21","date_gmt":"2025-02-03T13:27:21","guid":{"rendered":"https:\/\/www.visionweb.com.ar\/?p=17139"},"modified":"2025-02-03T11:49:53","modified_gmt":"2025-02-03T14:49:53","slug":"supermercadistas-piden-rebaja-de-impoestos","status":"publish","type":"post","link":"https:\/\/www.visionweb.com.ar\/?p=17139","title":{"rendered":"Supermercadistas piden rebaja de impuestos"},"content":{"rendered":"<p><em><strong>CAS y FASA dirigieron notas con comentarios sobre la situaci\u00f3n fiscal, dirigidas al presidente Milei y a los ministros Caputo y Sturzenegger para generar mecanismos que permitan bajar la presi\u00f3n tributaria. Destacan la <\/strong><strong>\u00a0gesti\u00f3n del Gobierno.<\/strong><\/em><!--more--><\/p>\n<p><img loading=\"lazy\" decoding=\"async\" class=\"size-medium wp-image-17140 alignright\" src=\"https:\/\/www.visionweb.com.ar\/wp-content\/uploads\/2025\/02\/SUPERMERCADISMO-300x200.png\" alt=\"\" width=\"300\" height=\"200\" srcset=\"https:\/\/www.visionweb.com.ar\/wp-content\/uploads\/2025\/02\/SUPERMERCADISMO-300x200.png 300w, https:\/\/www.visionweb.com.ar\/wp-content\/uploads\/2025\/02\/SUPERMERCADISMO.png 640w\" sizes=\"auto, (max-width: 300px) 100vw, 300px\" \/>Las principales c\u00e1maras empresarias que re\u00fanen en su seno a los supermercadistas y autoservicios reclamaron al poder ejecutivo nacional la implemetaci\u00f3n\u00a0 de medidas pol\u00edticas que permitan reducir las presi\u00f3n tributaria, incluso las tasas municipales, que en algunos casos alcanzan al 50% o m\u00e1s, que terminan pagando los consumidores.<\/p>\n<p>El documento que fue firmado por V\u00edctor Palpacelli y Ricardo Zorz\u00f3n, presidentes de FASA (Federaci\u00f3n Argentina de supermercados y Autoservicios)\u00a0 y de CAS (C\u00e1mara Argentina de Supermercados),\u00a0 respectivamente, fue dirigido al presidente Javier Milei, a los ministro de Econom\u00eda Luis Caputo y de Desregulaci\u00f3n y Transformaci\u00f3n del Estado, Federico Sturzenegger.<\/p>\n<p>En el documento los empresarios supermercadistas manifiestan su apoyo\u00a0 \u00aba la pol\u00edtica de recorte del gasto p\u00fablico y rebajas impositivas que est\u00e1 implementando su gobierno\u00bb.<\/p>\n<p>Los empresarios,\u00a0 recordaron al respecto que el reciente anuncio de reducci\u00f3n \u00ab<em>de retenciones a las exportaciones agrarias, en primer t\u00e9rmino, seguido por la eliminaci\u00f3n y reducci\u00f3n de grav\u00e1menes aplicados a autom\u00f3viles y motos, es una plausible confirmaci\u00f3n de la decisi\u00f3n de tomar las medidas necesarias en materia econ\u00f3mica, seg\u00fan usted lo anunciara oportunamente\u00bb<\/em>.<\/p>\n<p><img loading=\"lazy\" decoding=\"async\" class=\"size-medium wp-image-17141 alignleft\" src=\"https:\/\/www.visionweb.com.ar\/wp-content\/uploads\/2025\/02\/CAMARAS-300x51.png\" alt=\"\" width=\"300\" height=\"51\" srcset=\"https:\/\/www.visionweb.com.ar\/wp-content\/uploads\/2025\/02\/CAMARAS-300x51.png 300w, https:\/\/www.visionweb.com.ar\/wp-content\/uploads\/2025\/02\/CAMARAS.png 640w\" sizes=\"auto, (max-width: 300px) 100vw, 300px\" \/>\u00ab<em>La mayor\u00eda de la sociedad argentina apoya estas medidas, al igual que nuestro sector, integrado por empresas de capital nacional radicadas a lo largo y a lo ancho de todo el pa\u00eds, sin embargo, no debemos perder de vista que medidas similares se deben aplicar de manera urgente a productos de consumo masivo, especialmente a los alimentos<\/em>\u00ab, expresa la misiva dirigida al Ejecutivo nacional, a la que tuvo acceso <strong>Visi\u00f3n Web<\/strong>.<\/p>\n<p>Sin embargo aclaran en el documento que <em>\u00abNada justifica que los precios que abonan los consumidores tengan -en la mayor\u00eda de los casos- un componente de impuestos y otros grav\u00e1menes cercano al 50%<\/em>\u00ab.<\/p>\n<p>\u00ab<em>En ese sentido, como usted sabe, los impuestos y tasas provincilaes y municipales son una parte destacada de esa carga que afecta en mayor medida a las capas sociales de menores recursos\u00bb, <\/em>consigna el documento<em>.<\/em><\/p>\n<p>Los supercadistas destacan asimismo, que es mucho lo que queda por hacer en ese campo, comenzando por <em>\u00abuna carga perniciosamente distorsiva como es Ingresos Brutos, y continuando con tasas municipales y otras formas de recaudaci\u00f3n que s\u00f3lo sirven para obtener fondos, sin brindar una contraprestaci\u00f3n equivalente por parte de los municipios\u00bb<\/em>.<\/p>\n<p>\u00abDesde nuestro sector pedimos a los gobernadores e intendentes que reduzcan sin dilaciones las cargas tributarias, para que la gente pueda acceder a los productos que necesita sin una desmedida presi\u00f3n fiscal, como la actual, que aumenta sus precios injustificadamente\u00bb, agregan.<\/p>\n<p><em>\u00abEstamos enfrentando tiempos decisivos para terminar con la decadencia de nuestro querido pa\u00eds; ya se ha dado un gran paso con la reducci\u00f3n de la inflaci\u00f3n, la estabilidad de precios esta impulsando una incipiente recuperaci\u00f3n del consumo; celebramos que se comiencen a implementar medidas en el sentido correcto y remarcamos la necesidad de actuar con celeridad y priorizando los sectores m\u00e1s criticos<\/em>\u201d, cierra el Documento <strong>(VW)<\/strong><\/p>\n","protected":false},"excerpt":{"rendered":"<p>CAS y FASA dirigieron notas con comentarios sobre la situaci\u00f3n fiscal, dirigidas al presidente Milei y a los ministros Caputo y Sturzenegger para generar mecanismos que permitan bajar la presi\u00f3n tributaria. Destacan la \u00a0gesti\u00f3n&#46;&#46;&#46;<\/p>\n","protected":false},"author":3,"featured_media":17140,"comment_status":"closed","ping_status":"closed","sticky":false,"template":"","format":"standard","meta":{"_monsterinsights_skip_tracking":false,"_monsterinsights_sitenote_active":false,"_monsterinsights_sitenote_note":"","_monsterinsights_sitenote_category":0,"footnotes":""},"categories":[8,4],"tags":[7262,4530,5407,1218],"class_list":["post-17139","post","type-post","status-publish","format-standard","has-post-thumbnail","hentry","category-interes-general","category-politica","tag-caputo-srurzenegger","tag-milei","tag-pedido","tag-supermercadistas"],"_links":{"self":[{"href":"https:\/\/www.visionweb.com.ar\/index.php?rest_route=\/wp\/v2\/posts\/17139","targetHints":{"allow":["GET"]}}],"collection":[{"href":"https:\/\/www.visionweb.com.ar\/index.php?rest_route=\/wp\/v2\/posts"}],"about":[{"href":"https:\/\/www.visionweb.com.ar\/index.php?rest_route=\/wp\/v2\/types\/post"}],"author":[{"embeddable":true,"href":"https:\/\/www.visionweb.com.ar\/index.php?rest_route=\/wp\/v2\/users\/3"}],"replies":[{"embeddable":true,"href":"https:\/\/www.visionweb.com.ar\/index.php?rest_route=%2Fwp%2Fv2%2Fcomments&post=17139"}],"version-history":[{"count":3,"href":"https:\/\/www.visionweb.com.ar\/index.php?rest_route=\/wp\/v2\/posts\/17139\/revisions"}],"predecessor-version":[{"id":17149,"href":"https:\/\/www.visionweb.com.ar\/index.php?rest_route=\/wp\/v2\/posts\/17139\/revisions\/17149"}],"wp:featuredmedia":[{"embeddable":true,"href":"https:\/\/www.visionweb.com.ar\/index.php?rest_route=\/wp\/v2\/media\/17140"}],"wp:attachment":[{"href":"https:\/\/www.visionweb.com.ar\/index.php?rest_route=%2Fwp%2Fv2%2Fmedia&parent=17139"}],"wp:term":[{"taxonomy":"category","embeddable":true,"href":"https:\/\/www.visionweb.com.ar\/index.php?rest_route=%2Fwp%2Fv2%2Fcategories&post=17139"},{"taxonomy":"post_tag","embeddable":true,"href":"https:\/\/www.visionweb.com.ar\/index.php?rest_route=%2Fwp%2Fv2%2Ftags&post=17139"}],"curies":[{"name":"wp","href":"https:\/\/api.w.org\/{rel}","templated":true}]}}