{"id":17134,"date":"2025-01-31T14:12:42","date_gmt":"2025-01-31T17:12:42","guid":{"rendered":"https:\/\/www.visionweb.com.ar\/?p=17134"},"modified":"2025-01-31T14:12:42","modified_gmt":"2025-01-31T17:12:42","slug":"kicillof-confirmo-su-presencia-en-la-marcha-antifascista-del-sabado","status":"publish","type":"post","link":"https:\/\/www.visionweb.com.ar\/?p=17134","title":{"rendered":"Kicillof confirm\u00f3 su presencia en la marcha antifascista del s\u00e1bado"},"content":{"rendered":"<p><em><strong>El gobernador bonaerense confirm\u00f3 su presencia en la marcha en rechazo a los dichos de Milei sobre femicidios y diversidad. Reafirm\u00f3 el compromiso del gobierno provincial con la defensa de los derechos humanos y la igualdad de g\u00e9nero.<\/strong><\/em><!--more--><\/p>\n<p><img loading=\"lazy\" decoding=\"async\" class=\"size-medium wp-image-7951 alignright\" src=\"https:\/\/www.visionweb.com.ar\/wp-content\/uploads\/2022\/10\/Kicillof-archivo-300x246.jpg\" alt=\"\" width=\"300\" height=\"246\" srcset=\"https:\/\/www.visionweb.com.ar\/wp-content\/uploads\/2022\/10\/Kicillof-archivo-300x246.jpg 300w, https:\/\/www.visionweb.com.ar\/wp-content\/uploads\/2022\/10\/Kicillof-archivo.bmp 620w\" sizes=\"auto, (max-width: 300px) 100vw, 300px\" \/>\u00a0\u00a0 <strong>E<\/strong>l Gobernador <strong>Axel kicillof<\/strong> <strong>confirm\u00f3 su participaci\u00f3n en la marcha \u201cAntifascista y Antirracista\u201d, que tendr\u00e1 lugar el pr\u00f3ximo s\u00e1bado 1 de febrero, <\/strong>en respuesta a las declaraciones pol\u00e9micas del presidente <strong>Milei en el Foro Econ\u00f3mico mundial de Davos<\/strong>.<\/p>\n<p>Cabe recordar, que en Davos,\u00a0<strong>Milei compar\u00f3 a los homosexuales con ped\u00f3filos y plante\u00f3 la eliminaci\u00f3n de la figura del femicidio del C\u00f3digo Penal<\/strong>, afirmaciones que generaron un fuerte rechazo en diversos sectores de la sociedad. En esa l\u00ednea, el ministro de Justicia,\u00a0<strong>Mariano Cuneo Libarona<\/strong>, confirm\u00f3 que se tratar\u00eda de un proyecto de ley.<\/p>\n<p>En ese contexto, el gobernador de la provincia destac\u00f3: \u201c<strong>Nos van a ver como Gobierno de la Provincia de Buenos Aires, este s\u00e1bado en la marcha, para que entiendan bien que si hay violencia contra las mujeres, si hay desigualdad, no nos podemos quedar al costado indiferentes porque eso es convalidarla\u201d.<\/strong><\/p>\n<p><strong>Kicillof\u00a0<\/strong>durante su intervenci\u00f3n en la \u00abConferencia de Verano\u00bb en Pehuen Co, reiter\u00f3 su rechazo a los dichos de\u00a0<strong>Milei\u00a0<\/strong>y reafirm\u00f3 el compromiso del gobierno provincial con la defensa de los derechos humanos y la igualdad de g\u00e9nero.<\/p>\n<p>Detalles de la marcha<\/p>\n<p><strong>La marcha <\/strong>se celebrar\u00e1 ma\u00f1ana a partir de las 16:00 hs, con un recorrido que ir\u00e1 desde<strong> el Congreso de la Naci\u00f3n hasta la Plaza de Mayo<\/strong>. La manifestaci\u00f3n convocada por la Comisi\u00f3n Organizadora de la Marcha del Orgullo, se enmarca dentro de un contexto de creciente movilizaci\u00f3n social frente a las pol\u00edticas del presidente, quien ha sido duramente criticado por negar la existencia de la brecha salarial de g\u00e9nero y la problem\u00e1tica de los femicidios.<\/p>\n<p>Adem\u00e1s, sus comparaciones sobre la supuesta \u201cdiscriminaci\u00f3n hacia los hombres\u201d y sus ataques a la \u201cideolog\u00eda woke\u201d han sido ampliamente repudiadas por diversos sectores, entre ellos la comunidad LGBTIQ+ y organizaciones feministas.<\/p>\n<p>En su discurso,\u00a0<strong>Kicillof<\/strong>\u00a0record\u00f3 que el rol del Estado es fundamental para garantizar la igualdad de derechos y la lucha contra la violencia de g\u00e9nero. En este sentido, destac\u00f3 que \u201cel \u00fanico prestador de servicios en localidades peque\u00f1as es el Estado, y no es que haya que eliminarlo para dar paso a la iniciativa privada, sino que el Estado aparece cuando el privado no llega\u201d.<\/p>\n<p>Estas declaraciones se alinean con su cr\u00edtica al gobierno nacional, que seg\u00fan \u00e9l subestima el papel del Estado en la provisi\u00f3n de servicios esenciales y en la promoci\u00f3n del bienestar social.<\/p>\n<p>De esta manera, la marcha del s\u00e1bado se presenta como una manifestaci\u00f3n de rechazo no solo a los dichos de Milei, sino tambi\u00e9n al modelo de gobierno que no avala los avances logrados en materia de igualdad de g\u00e9nero y de derechos humanos. <strong>(VW)<\/strong><\/p>\n","protected":false},"excerpt":{"rendered":"<p>El gobernador bonaerense confirm\u00f3 su presencia en la marcha en rechazo a los dichos de Milei sobre femicidios y diversidad. Reafirm\u00f3 el compromiso del gobierno provincial con la defensa de los derechos humanos y&#46;&#46;&#46;<\/p>\n","protected":false},"author":4,"featured_media":7951,"comment_status":"closed","ping_status":"closed","sticky":false,"template":"","format":"standard","meta":{"_monsterinsights_skip_tracking":false,"_monsterinsights_sitenote_active":false,"_monsterinsights_sitenote_note":"","_monsterinsights_sitenote_category":0,"footnotes":""},"categories":[4,5],"tags":[7256,7257,7258],"class_list":["post-17134","post","type-post","status-publish","format-standard","has-post-thumbnail","hentry","category-politica","category-sociedad","tag-kicillof-ira-a-la-marcha","tag-marcha-antifascista","tag-rechazo-dichos-de-milei"],"_links":{"self":[{"href":"https:\/\/www.visionweb.com.ar\/index.php?rest_route=\/wp\/v2\/posts\/17134","targetHints":{"allow":["GET"]}}],"collection":[{"href":"https:\/\/www.visionweb.com.ar\/index.php?rest_route=\/wp\/v2\/posts"}],"about":[{"href":"https:\/\/www.visionweb.com.ar\/index.php?rest_route=\/wp\/v2\/types\/post"}],"author":[{"embeddable":true,"href":"https:\/\/www.visionweb.com.ar\/index.php?rest_route=\/wp\/v2\/users\/4"}],"replies":[{"embeddable":true,"href":"https:\/\/www.visionweb.com.ar\/index.php?rest_route=%2Fwp%2Fv2%2Fcomments&post=17134"}],"version-history":[{"count":1,"href":"https:\/\/www.visionweb.com.ar\/index.php?rest_route=\/wp\/v2\/posts\/17134\/revisions"}],"predecessor-version":[{"id":17135,"href":"https:\/\/www.visionweb.com.ar\/index.php?rest_route=\/wp\/v2\/posts\/17134\/revisions\/17135"}],"wp:featuredmedia":[{"embeddable":true,"href":"https:\/\/www.visionweb.com.ar\/index.php?rest_route=\/wp\/v2\/media\/7951"}],"wp:attachment":[{"href":"https:\/\/www.visionweb.com.ar\/index.php?rest_route=%2Fwp%2Fv2%2Fmedia&parent=17134"}],"wp:term":[{"taxonomy":"category","embeddable":true,"href":"https:\/\/www.visionweb.com.ar\/index.php?rest_route=%2Fwp%2Fv2%2Fcategories&post=17134"},{"taxonomy":"post_tag","embeddable":true,"href":"https:\/\/www.visionweb.com.ar\/index.php?rest_route=%2Fwp%2Fv2%2Ftags&post=17134"}],"curies":[{"name":"wp","href":"https:\/\/api.w.org\/{rel}","templated":true}]}}