{"id":17126,"date":"2025-01-31T09:17:57","date_gmt":"2025-01-31T12:17:57","guid":{"rendered":"https:\/\/www.visionweb.com.ar\/?p=17126"},"modified":"2025-01-31T09:17:57","modified_gmt":"2025-01-31T12:17:57","slug":"arba-definio-el-calendario-de-pagos-de-dos-impuestos","status":"publish","type":"post","link":"https:\/\/www.visionweb.com.ar\/?p=17126","title":{"rendered":"ARBA defini\u00f3 el calendario de pagos de dos impuestos"},"content":{"rendered":"<p><strong><em>El organismo recaudador oficializ\u00f3 las fechas de vencimiento para pagar el Impuesto Inmobiliarios y el de los Automotores. El cronograma completo.<\/em><\/strong><!--more--><\/p>\n<p><img loading=\"lazy\" decoding=\"async\" class=\"size-medium wp-image-13211 alignright\" src=\"https:\/\/www.visionweb.com.ar\/wp-content\/uploads\/2024\/01\/ARBA-EN-LA-COSTA-300x169.png\" alt=\"\" width=\"300\" height=\"169\" srcset=\"https:\/\/www.visionweb.com.ar\/wp-content\/uploads\/2024\/01\/ARBA-EN-LA-COSTA-300x169.png 300w, https:\/\/www.visionweb.com.ar\/wp-content\/uploads\/2024\/01\/ARBA-EN-LA-COSTA-768x432.png 768w, https:\/\/www.visionweb.com.ar\/wp-content\/uploads\/2024\/01\/ARBA-EN-LA-COSTA.png 777w\" sizes=\"auto, (max-width: 300px) 100vw, 300px\" \/>La Agencia de Recaudaci\u00f3n de la provincia de Buenos Aires (ARBA) aprob\u00f3 el calendario de vencimientos para el pago del Impuesto Inmobiliario y el de los Automotores. Las fechas fueron definidas luego de que el gobierno bonaerense prorrogara, de manera obligada, la Ley Impositiva del a\u00f1o pasado. Cu\u00e1ndo vencen.<\/p>\n<p>El cronograma de pagos qued\u00f3 oficializado en la Resoluci\u00f3n Normativa 5\/25 publicado en el Bolet\u00edn Oficial bonaerense de este viernes. La primera fecha es el 11 de marzo, ese d\u00eda vence el Impuesto Inmobiliario, tanto edificado como bald\u00edo, correspondiente a la primera cuota y a la anual. La segunda es el 26 del mismo mes porque ese d\u00eda vence el Impuesto a los Automotores (para veh\u00edculos).<\/p>\n<p><img loading=\"lazy\" decoding=\"async\" class=\"size-medium wp-image-17127 aligncenter\" src=\"https:\/\/www.visionweb.com.ar\/wp-content\/uploads\/2025\/01\/CRONOGRAMA-1-300x154.png\" alt=\"\" width=\"300\" height=\"154\" srcset=\"https:\/\/www.visionweb.com.ar\/wp-content\/uploads\/2025\/01\/CRONOGRAMA-1-300x154.png 300w, https:\/\/www.visionweb.com.ar\/wp-content\/uploads\/2025\/01\/CRONOGRAMA-1.png 640w\" sizes=\"auto, (max-width: 300px) 100vw, 300px\" \/><\/p>\n<p>ARBA tambi\u00e9n defini\u00f3 qui\u00e9nes deber\u00e1n pagar el tributo en una \u00fanica cuota: los contribuyentes cuyo componente b\u00e1sico del Inmobiliario (edificado) sea menor o igual a $7.760 y de $12.992 para el mismo tributo de bald\u00edos.<\/p>\n<p>En la isma l\u00ednea, se estableci\u00f3 que deber\u00e1 pagarse en una cuota el componente complementario del Inmobiliario cuando no supere los 40.192 pesos. En ambos casos, se tomar\u00e1 la fecha de vencimiento de la primera cuota como referencia.<\/p>\n<p><img loading=\"lazy\" decoding=\"async\" class=\"size-medium wp-image-17128 aligncenter\" src=\"https:\/\/www.visionweb.com.ar\/wp-content\/uploads\/2025\/01\/cronograma-2-300x137.png\" alt=\"\" width=\"300\" height=\"137\" srcset=\"https:\/\/www.visionweb.com.ar\/wp-content\/uploads\/2025\/01\/cronograma-2-300x137.png 300w, https:\/\/www.visionweb.com.ar\/wp-content\/uploads\/2025\/01\/cronograma-2-768x352.png 768w, https:\/\/www.visionweb.com.ar\/wp-content\/uploads\/2025\/01\/cronograma-2-980x450.png 980w, https:\/\/www.visionweb.com.ar\/wp-content\/uploads\/2025\/01\/cronograma-2.png 1024w\" sizes=\"auto, (max-width: 300px) 100vw, 300px\" \/><\/p>\n<p>De esta manera, el organismo dirigido por\u00a0<strong>Cristian Girard<\/strong> va acomodandose para un a\u00f1o at\u00edpico. Ya a principios de enero hab\u00eda definido el cronograma de pagos para impuesto a los Ingresos Brutos(VW)<\/p>\n","protected":false},"excerpt":{"rendered":"<p>El organismo recaudador oficializ\u00f3 las fechas de vencimiento para pagar el Impuesto Inmobiliarios y el de los Automotores. El cronograma completo.<\/p>\n","protected":false},"author":3,"featured_media":13211,"comment_status":"closed","ping_status":"closed","sticky":false,"template":"","format":"standard","meta":{"_monsterinsights_skip_tracking":false,"_monsterinsights_sitenote_active":false,"_monsterinsights_sitenote_note":"","_monsterinsights_sitenote_category":0,"footnotes":""},"categories":[8],"tags":[2140,7251,5418,5288],"class_list":["post-17126","post","type-post","status-publish","format-standard","has-post-thumbnail","hentry","category-interes-general","tag-automotores","tag-embarcaciones","tag-ib","tag-patentes"],"_links":{"self":[{"href":"https:\/\/www.visionweb.com.ar\/index.php?rest_route=\/wp\/v2\/posts\/17126","targetHints":{"allow":["GET"]}}],"collection":[{"href":"https:\/\/www.visionweb.com.ar\/index.php?rest_route=\/wp\/v2\/posts"}],"about":[{"href":"https:\/\/www.visionweb.com.ar\/index.php?rest_route=\/wp\/v2\/types\/post"}],"author":[{"embeddable":true,"href":"https:\/\/www.visionweb.com.ar\/index.php?rest_route=\/wp\/v2\/users\/3"}],"replies":[{"embeddable":true,"href":"https:\/\/www.visionweb.com.ar\/index.php?rest_route=%2Fwp%2Fv2%2Fcomments&post=17126"}],"version-history":[{"count":1,"href":"https:\/\/www.visionweb.com.ar\/index.php?rest_route=\/wp\/v2\/posts\/17126\/revisions"}],"predecessor-version":[{"id":17129,"href":"https:\/\/www.visionweb.com.ar\/index.php?rest_route=\/wp\/v2\/posts\/17126\/revisions\/17129"}],"wp:featuredmedia":[{"embeddable":true,"href":"https:\/\/www.visionweb.com.ar\/index.php?rest_route=\/wp\/v2\/media\/13211"}],"wp:attachment":[{"href":"https:\/\/www.visionweb.com.ar\/index.php?rest_route=%2Fwp%2Fv2%2Fmedia&parent=17126"}],"wp:term":[{"taxonomy":"category","embeddable":true,"href":"https:\/\/www.visionweb.com.ar\/index.php?rest_route=%2Fwp%2Fv2%2Fcategories&post=17126"},{"taxonomy":"post_tag","embeddable":true,"href":"https:\/\/www.visionweb.com.ar\/index.php?rest_route=%2Fwp%2Fv2%2Ftags&post=17126"}],"curies":[{"name":"wp","href":"https:\/\/api.w.org\/{rel}","templated":true}]}}