{"id":17107,"date":"2025-01-30T09:35:13","date_gmt":"2025-01-30T12:35:13","guid":{"rendered":"https:\/\/www.visionweb.com.ar\/?p=17107"},"modified":"2025-01-30T09:36:35","modified_gmt":"2025-01-30T12:36:35","slug":"con-el-acompanamiento-del-municipio-se-agranda-la-familia-de-la-escuela-agraria-de-glew","status":"publish","type":"post","link":"https:\/\/www.visionweb.com.ar\/?p=17107","title":{"rendered":"Se agranda la familia de la Escuela Agraria de Glew"},"content":{"rendered":"<p><em><strong>Se incorpor\u00f3 una nueva vaca lechera y se encuentra en per\u00edodo de lactancia, a diferencia de Lola, que tambi\u00e9n hab\u00eda sido incorporada desde la Granja Municipal.<\/strong><\/em><!--more--><\/p>\n<p><img loading=\"lazy\" decoding=\"async\" class=\"size-medium wp-image-17108 alignleft\" src=\"https:\/\/www.visionweb.com.ar\/wp-content\/uploads\/2025\/01\/ESCUELA-AGRARIA-300x183.png\" alt=\"\" width=\"300\" height=\"183\" srcset=\"https:\/\/www.visionweb.com.ar\/wp-content\/uploads\/2025\/01\/ESCUELA-AGRARIA-300x183.png 300w, https:\/\/www.visionweb.com.ar\/wp-content\/uploads\/2025\/01\/ESCUELA-AGRARIA.png 640w\" sizes=\"auto, (max-width: 300px) 100vw, 300px\" \/>Con la incorporaci\u00f3n de una nueva vaca lechera para potenciar las pr\u00e1cticas pedag\u00f3gicas de los estudiantes, se agrand\u00f3 la familia de animales de la Escuela de Educaci\u00f3n Secundaria Agraria de la localidad de Glew, inform\u00f3 el municipio de Almirante Brown.<\/p>\n<p>La nueva integrante fue incorporada durante un emotivo acto realizado en el establecimiento ubicado en Adolfo Romero al 3800 y fue encabezado el secretario de Educaci\u00f3n, Ciencia y Tecnolog\u00eda, Sergio Pianciola, su par de Producci\u00f3n, Empleo y Formaci\u00f3n Profesional, Federico Sassone, y por la directora de la escuela, M\u00f3nica P\u00e9rez.<\/p>\n<p>\u201cEstamos muy felices porque es una incorporaci\u00f3n m\u00e1s que importante para nuestra querida escuela. La vaca tiene una funci\u00f3n pedag\u00f3gica muy importante y en este caso al ser lechera podr\u00e1 sumar nuevos conocimientos en los estudiantes. Ahora nos queda elegir el nombre\u201d, subray\u00f3 M\u00f3nica.<\/p>\n<p>El nuevo animal oriundo de la Granja Educativa Municipal de Ministro Rivadavia arrib\u00f3 luego de que en los \u00faltimos d\u00edas desconocidos entraran <strong>al establecimiento y se llevaran a \u201cLola\u201d, la vaca con la que contaba la instituci\u00f3n.<\/strong><\/p>\n<p>En ese sentido, la directora sostuvo que <strong>\u201cno perdemos las esperanzas de que Lola aparezca ya que adem\u00e1s de ser un animal de granja para nosotros era un integrante de nuestra familia, casi como una mascota<\/strong>\u201d, al tiempo que agradeci\u00f3 el \u201cgran apoyo del Municipio y lo resolutivos que fueron en todo momento\u201d.<\/p>\n<p>La nueva vaca es lechera y se encuentra en per\u00edodo de lactancia, a diferencia de Lola, que tambi\u00e9n hab\u00eda sido incorporada desde la Granja Municipal y que era de carne, por lo que ambos animales incorporan conocimientos distintos a los fines educativos y pedag\u00f3gicos.<\/p>\n<p>Cabe destacar que este querido establecimiento fue sede los \u00faltimos d\u00edas de la primera promoci\u00f3n de 26 egresados, durante un emotivo acto encabezado por el intendente browniano, Mariano Cascallares, y que desde su inauguraci\u00f3n en 2018 viene creciendo a pasos agigantados transform\u00e1ndose en un pilar para la comunidad browniana.<\/p>\n<p>Actualmente cuenta con una matr\u00edcula de 520 estudiantes y en todos estos a\u00f1os, gracias al trabajo articulado con la Federaci\u00f3n Asociaci\u00f3n Nikkei Argentina, el Municipio y Provincia llevaron adelante importantes trabajos de infraestructura, ampliaci\u00f3n, construcci\u00f3n de aulas y tambi\u00e9n incorporaci\u00f3n de distinta flora y fauna para fines educativos.<strong>(VW)<\/strong><\/p>\n","protected":false},"excerpt":{"rendered":"<p>Se incorpor\u00f3 una nueva vaca lechera y se encuentra en per\u00edodo de lactancia, a diferencia de Lola, que tambi\u00e9n hab\u00eda sido incorporada desde la Granja Municipal.<\/p>\n","protected":false},"author":3,"featured_media":17108,"comment_status":"closed","ping_status":"closed","sticky":false,"template":"","format":"standard","meta":{"_monsterinsights_skip_tracking":false,"_monsterinsights_sitenote_active":false,"_monsterinsights_sitenote_note":"","_monsterinsights_sitenote_category":0,"footnotes":""},"categories":[7],"tags":[7244,1181,7246,7245],"class_list":["post-17107","post","type-post","status-publish","format-standard","has-post-thumbnail","hentry","category-educacion-y-cultura","tag-agraria","tag-escuela","tag-incorporacion","tag-vaca"],"_links":{"self":[{"href":"https:\/\/www.visionweb.com.ar\/index.php?rest_route=\/wp\/v2\/posts\/17107","targetHints":{"allow":["GET"]}}],"collection":[{"href":"https:\/\/www.visionweb.com.ar\/index.php?rest_route=\/wp\/v2\/posts"}],"about":[{"href":"https:\/\/www.visionweb.com.ar\/index.php?rest_route=\/wp\/v2\/types\/post"}],"author":[{"embeddable":true,"href":"https:\/\/www.visionweb.com.ar\/index.php?rest_route=\/wp\/v2\/users\/3"}],"replies":[{"embeddable":true,"href":"https:\/\/www.visionweb.com.ar\/index.php?rest_route=%2Fwp%2Fv2%2Fcomments&post=17107"}],"version-history":[{"count":3,"href":"https:\/\/www.visionweb.com.ar\/index.php?rest_route=\/wp\/v2\/posts\/17107\/revisions"}],"predecessor-version":[{"id":17111,"href":"https:\/\/www.visionweb.com.ar\/index.php?rest_route=\/wp\/v2\/posts\/17107\/revisions\/17111"}],"wp:featuredmedia":[{"embeddable":true,"href":"https:\/\/www.visionweb.com.ar\/index.php?rest_route=\/wp\/v2\/media\/17108"}],"wp:attachment":[{"href":"https:\/\/www.visionweb.com.ar\/index.php?rest_route=%2Fwp%2Fv2%2Fmedia&parent=17107"}],"wp:term":[{"taxonomy":"category","embeddable":true,"href":"https:\/\/www.visionweb.com.ar\/index.php?rest_route=%2Fwp%2Fv2%2Fcategories&post=17107"},{"taxonomy":"post_tag","embeddable":true,"href":"https:\/\/www.visionweb.com.ar\/index.php?rest_route=%2Fwp%2Fv2%2Ftags&post=17107"}],"curies":[{"name":"wp","href":"https:\/\/api.w.org\/{rel}","templated":true}]}}