{"id":17104,"date":"2025-01-30T09:20:21","date_gmt":"2025-01-30T12:20:21","guid":{"rendered":"https:\/\/www.visionweb.com.ar\/?p=17104"},"modified":"2025-01-30T09:20:35","modified_gmt":"2025-01-30T12:20:35","slug":"lla-dejo-fuera-de-la-legislatura-portena-a-ramiro-marra","status":"publish","type":"post","link":"https:\/\/www.visionweb.com.ar\/?p=17104","title":{"rendered":"LLA dej\u00f3 fuera de la legislatura porte\u00f1a a Ramiro Marra"},"content":{"rendered":"<p><em><strong>Uno de los principales fundadores de La Libertad Avanza (LLA), ya no pertenece al partido. La separaci\u00f3n de la agrupaci\u00f3n oficialista portea\u00f1a obedece\u00a0 a que el legislador voto a favor de un nuevo impuesto<\/strong><\/em>.<!--more--><\/p>\n<p class=\"selectionShareable\"><img loading=\"lazy\" decoding=\"async\" class=\"size-medium wp-image-17105 alignright\" src=\"https:\/\/www.visionweb.com.ar\/wp-content\/uploads\/2025\/01\/MARRA-300x168.png\" alt=\"\" width=\"300\" height=\"168\" srcset=\"https:\/\/www.visionweb.com.ar\/wp-content\/uploads\/2025\/01\/MARRA-300x168.png 300w, https:\/\/www.visionweb.com.ar\/wp-content\/uploads\/2025\/01\/MARRA.png 640w\" sizes=\"auto, (max-width: 300px) 100vw, 300px\" \/>El legislador\u00a0<a href=\"https:\/\/www.lavoz.com.ar\/temas\/ramiro-marra\/\" target=\"_blank\" rel=\"noopener\"><b>Ramiro Marra<\/b><\/a>\u00a0fue expulsado este mi\u00e9rcoles de La Libertad Avanza (LLA) de manera \u201cirreversible\u201d, seg\u00fan un comunicado del partido libertario.<\/p>\n<p class=\"selectionShareable\">Seg\u00fan expres\u00f3 el partido en las redes sociales, la decisi\u00f3n se tom\u00f3 debido a que Marra no sigui\u00f3 los lineamientos del partido y vot\u00f3 a favor de un aumento de impuestos en la Ciudad de Buenos Aires, lo cual contradice el discurso que el\u00a0presidente Javier Milei busca instalar en este momento.<\/p>\n<p class=\"selectionShareable\">El partido enfatiz\u00f3 que todos aquellos que no respeten la agenda del Presidente ser\u00e1n expulsados, sin importar qui\u00e9nes sean.<\/p>\n<p class=\"selectionShareable\" dir=\"ltr\" lang=\"es\">LLA informa que el legislador Ramiro Marra ya no forma parte de La Libertad Avanza a nivel nacional ni en ning\u00fan distrito del pa\u00eds, de manera irreversible, como consecuencia de no seguir los lineamientos del partido y haber votado a favor del inaceptable aumento de impuestos en la ciudad de Buenos Aires.\u2014 La Libertad Avanza (@LLibertadAvanza)<a href=\"https:\/\/twitter.com\/LLibertadAvanza\/status\/1884789262413091234?ref_src=twsrc%5Etfw\">January 30, 2025<\/a><\/p>\n<p class=\"selectionShareable\">La relaci\u00f3n entre Marra y el partido ya ven\u00eda tensa debido a diferencias con Karina Milei, secretaria General de la Presidencia.<\/p>\n<p class=\"selectionShareable\">Anteriormente, Marra hab\u00eda sido destituido como jefe del bloque en la Legislatura porte\u00f1a, siendo reemplazado por Pilar Ram\u00edrez, cercana a Karina Milei.<\/p>\n<p class=\"selectionShareable\">A pesar de estas tensiones, Marra hab\u00eda acompa\u00f1ado a Milei durante la campa\u00f1a presidencial y hab\u00eda ganado reconocimiento entre los seguidores de LLA.<\/p>\n<p class=\"selectionShareable\">Despu\u00e9s de ser descartado como jefe de bloque, Marra fue nombrado en el Consejo de Asesores Econ\u00f3micos del Presidente, un cargo ad honorem con pocas reuniones formales.<\/p>\n<p class=\"selectionShareable\">Marra fue electo en 2021 y este a\u00f1o debe renovar su banca.<\/p>\n<p class=\"selectionShareable\">Seg\u00fan su entorno, tiene intenciones de continuar en la Legislatura, posiblemente desde un nuevo espacio libertario que no responda al oficialismo<strong>(VW)<\/strong><\/p>\n","protected":false},"excerpt":{"rendered":"<p>Uno de los principales fundadores de La Libertad Avanza (LLA), ya no pertenece al partido. La separaci\u00f3n de la agrupaci\u00f3n oficialista portea\u00f1a obedece\u00a0 a que el legislador voto a favor de un nuevo impuesto.<\/p>\n","protected":false},"author":3,"featured_media":17105,"comment_status":"closed","ping_status":"closed","sticky":false,"template":"","format":"standard","meta":{"_monsterinsights_skip_tracking":false,"_monsterinsights_sitenote_active":false,"_monsterinsights_sitenote_note":"","_monsterinsights_sitenote_category":0,"footnotes":""},"categories":[4],"tags":[330,7242,872,7243],"class_list":["post-17104","post","type-post","status-publish","format-standard","has-post-thumbnail","hentry","category-politica","tag-caba","tag-expulsion","tag-legislatura","tag-marra"],"_links":{"self":[{"href":"https:\/\/www.visionweb.com.ar\/index.php?rest_route=\/wp\/v2\/posts\/17104","targetHints":{"allow":["GET"]}}],"collection":[{"href":"https:\/\/www.visionweb.com.ar\/index.php?rest_route=\/wp\/v2\/posts"}],"about":[{"href":"https:\/\/www.visionweb.com.ar\/index.php?rest_route=\/wp\/v2\/types\/post"}],"author":[{"embeddable":true,"href":"https:\/\/www.visionweb.com.ar\/index.php?rest_route=\/wp\/v2\/users\/3"}],"replies":[{"embeddable":true,"href":"https:\/\/www.visionweb.com.ar\/index.php?rest_route=%2Fwp%2Fv2%2Fcomments&post=17104"}],"version-history":[{"count":1,"href":"https:\/\/www.visionweb.com.ar\/index.php?rest_route=\/wp\/v2\/posts\/17104\/revisions"}],"predecessor-version":[{"id":17106,"href":"https:\/\/www.visionweb.com.ar\/index.php?rest_route=\/wp\/v2\/posts\/17104\/revisions\/17106"}],"wp:featuredmedia":[{"embeddable":true,"href":"https:\/\/www.visionweb.com.ar\/index.php?rest_route=\/wp\/v2\/media\/17105"}],"wp:attachment":[{"href":"https:\/\/www.visionweb.com.ar\/index.php?rest_route=%2Fwp%2Fv2%2Fmedia&parent=17104"}],"wp:term":[{"taxonomy":"category","embeddable":true,"href":"https:\/\/www.visionweb.com.ar\/index.php?rest_route=%2Fwp%2Fv2%2Fcategories&post=17104"},{"taxonomy":"post_tag","embeddable":true,"href":"https:\/\/www.visionweb.com.ar\/index.php?rest_route=%2Fwp%2Fv2%2Ftags&post=17104"}],"curies":[{"name":"wp","href":"https:\/\/api.w.org\/{rel}","templated":true}]}}