{"id":17092,"date":"2025-01-29T10:07:41","date_gmt":"2025-01-29T13:07:41","guid":{"rendered":"https:\/\/www.visionweb.com.ar\/?p=17092"},"modified":"2025-01-29T10:07:41","modified_gmt":"2025-01-29T13:07:41","slug":"anunciaron-reduccion-en-los-impuestos-para-la-compra-de-autos-y-motos-que-impactara-en-el-precio-de-venta-en-un-15","status":"publish","type":"post","link":"https:\/\/www.visionweb.com.ar\/?p=17092","title":{"rendered":"Anunciaron reducci\u00f3n en los impuestos para la compra de autos y motos, que impactar\u00e1 en el precio de venta en un 15%"},"content":{"rendered":"<p><em><strong>Lo comunic\u00f3 el ministro de Econom\u00eda, Luis Caputo, y el objetivo es fomentar el mercado del sector. La medida impactar\u00e1 en los veh\u00edculos que cuestan por encima de los $ 41 millones. Tambi\u00e9n habr\u00e1 incentivos para la importaci\u00f3n de autos el\u00e9ctricos e h\u00edbridos.<\/strong><\/em><!--more--><\/p>\n<p><img loading=\"lazy\" decoding=\"async\" class=\"size-medium wp-image-12669 alignright\" src=\"https:\/\/www.visionweb.com.ar\/wp-content\/uploads\/2023\/11\/CAPUTO-300x167.png\" alt=\"\" width=\"300\" height=\"167\" srcset=\"https:\/\/www.visionweb.com.ar\/wp-content\/uploads\/2023\/11\/CAPUTO-300x167.png 300w, https:\/\/www.visionweb.com.ar\/wp-content\/uploads\/2023\/11\/CAPUTO.png 640w\" sizes=\"auto, (max-width: 300px) 100vw, 300px\" \/>\u00a0\u00a0\u00a0\u00a0\u00a0 <strong>E<\/strong>l Gobierno anunci\u00f3\u00a0la <strong>reducci\u00f3n de impuestos<\/strong> <strong>que pagan autos y motos<\/strong>, lo que llevar\u00e1 a\u00a0<strong>una rebaja de los precios de los modelos que cuestan por encima de los $ 41 millones, la medida entrar\u00e1 en vigencia el pr\u00f3ximo 1\u00b0 de febrero<\/strong>. Adem\u00e1s,\u00a0<strong>fomentar\u00e1 la importaci\u00f3n de veh\u00edculos el\u00e9ctricos e h\u00edbridos de bajo costo<\/strong>, seg\u00fan expres\u00f3 el ministro de Econom\u00eda\u00a0<strong>Luis \u201cToto\u201d Caputo<\/strong>\u00a0en sus redes sociales.<\/p>\n<p>Caputo coment\u00f3 que se trata de\u00a0<strong>un ajuste en la pol\u00edtica tributaria que busca estimular el consumo interno y la transici\u00f3n hacia tecnolog\u00edas m\u00e1s limpias<\/strong>.<\/p>\n<p><strong>Principales cambios en los grav\u00e1menes<\/strong><\/p>\n<p>A partir de febrero,\u00a0<strong>los impuestos internos ser\u00e1n eliminados para veh\u00edculos con precios que oscilan entre 41 y 75 millones de pesos.<\/strong>\u00a0Hasta ahora, estos modelos tributaban un 20% de impuesto interno.<\/p>\n<p>Por otro lado,\u00a0<strong>los veh\u00edculos considerados de lujo, con un valor superior a 75 millones de pesos, ver\u00e1n una reducci\u00f3n en su gravamen, que pasar\u00e1 del 35% al 18%.<\/strong><\/p>\n<p>Entre los modelos que se beneficiar\u00e1n de esta medida figuran populares opciones de gama media como Volkswagen Amarok, Taos, Toyota Hilux, SW4 y Ford Ranger.<\/p>\n<p><strong>Impacto econ\u00f3mico<\/strong><\/p>\n<p>El Gobierno estima que esta modificaci\u00f3n permitir\u00e1 una baja en el precio de venta de veh\u00edculos del orden del 15% al 20%.<\/p>\n<p><strong>Impulso a la electromovilidad<\/strong><\/p>\n<p>Caputo tambi\u00e9n anunci\u00f3 incentivos para la importaci\u00f3n de autos el\u00e9ctricos e h\u00edbridos. Los aranceles de importaci\u00f3n para estos veh\u00edculos de bajo costo FOB ser\u00e1n reducidos a cero, con un cupo anual de 50 mil unidades permitidas para ingreso al pa\u00eds. Adem\u00e1s, se eliminar\u00e1n los impuestos internos para motocicletas cuyo valor se encuentre entre 15 y 23 millones de pesos, que actualmente pagan un 20% de impuesto.<\/p>\n<p><strong>Reacciones del sector automotriz<\/strong><\/p>\n<p>Marcellus Puig, CEO de Volkswagen Argentina, celebr\u00f3 la medida: \u201cEs una decisi\u00f3n positiva para fomentar el crecimiento del sector y facilitar el acceso de m\u00e1s argentinos a un autom\u00f3vil. Reafirmamos nuestro compromiso de seguir invirtiendo en el pa\u00eds\u201d, inform\u00f3 Agencia NA.<\/p>\n<p>Por su parte, Mart\u00edn Galdeano, presidente de Ford Sudam\u00e9rica, se\u00f1al\u00f3: \u201cEs una excelente noticia. Ahora analizamos c\u00f3mo impactar\u00e1 en nuestros productos y aguardamos su publicaci\u00f3n en el Bolet\u00edn Oficial. Esperamos que provincias y municipios se sumen a este camino para hacer los autos m\u00e1s accesibles\u201d.<\/p>\n<p>Con esta estrategia, el Gobierno busca dinamizar el mercado automotor, promover la movilidad sustentable y generar mejores condiciones para consumidores y fabricantes del sector. <strong>(VW)<\/strong><\/p>\n","protected":false},"excerpt":{"rendered":"<p>Lo comunic\u00f3 el ministro de Econom\u00eda, Luis Caputo, y el objetivo es fomentar el mercado del sector. La medida impactar\u00e1 en los veh\u00edculos que cuestan por encima de los $ 41 millones. Tambi\u00e9n habr\u00e1&#46;&#46;&#46;<\/p>\n","protected":false},"author":4,"featured_media":12669,"comment_status":"closed","ping_status":"closed","sticky":false,"template":"","format":"standard","meta":{"_monsterinsights_skip_tracking":false,"_monsterinsights_sitenote_active":false,"_monsterinsights_sitenote_note":"","_monsterinsights_sitenote_category":0,"footnotes":""},"categories":[6,4],"tags":[7237,5355,7236],"class_list":["post-17092","post","type-post","status-publish","format-standard","has-post-thumbnail","hentry","category-economia","category-politica","tag-autos-y-motos-de-lujo","tag-luis-caputo","tag-reduccion-de-impuestos-autos"],"_links":{"self":[{"href":"https:\/\/www.visionweb.com.ar\/index.php?rest_route=\/wp\/v2\/posts\/17092","targetHints":{"allow":["GET"]}}],"collection":[{"href":"https:\/\/www.visionweb.com.ar\/index.php?rest_route=\/wp\/v2\/posts"}],"about":[{"href":"https:\/\/www.visionweb.com.ar\/index.php?rest_route=\/wp\/v2\/types\/post"}],"author":[{"embeddable":true,"href":"https:\/\/www.visionweb.com.ar\/index.php?rest_route=\/wp\/v2\/users\/4"}],"replies":[{"embeddable":true,"href":"https:\/\/www.visionweb.com.ar\/index.php?rest_route=%2Fwp%2Fv2%2Fcomments&post=17092"}],"version-history":[{"count":1,"href":"https:\/\/www.visionweb.com.ar\/index.php?rest_route=\/wp\/v2\/posts\/17092\/revisions"}],"predecessor-version":[{"id":17093,"href":"https:\/\/www.visionweb.com.ar\/index.php?rest_route=\/wp\/v2\/posts\/17092\/revisions\/17093"}],"wp:featuredmedia":[{"embeddable":true,"href":"https:\/\/www.visionweb.com.ar\/index.php?rest_route=\/wp\/v2\/media\/12669"}],"wp:attachment":[{"href":"https:\/\/www.visionweb.com.ar\/index.php?rest_route=%2Fwp%2Fv2%2Fmedia&parent=17092"}],"wp:term":[{"taxonomy":"category","embeddable":true,"href":"https:\/\/www.visionweb.com.ar\/index.php?rest_route=%2Fwp%2Fv2%2Fcategories&post=17092"},{"taxonomy":"post_tag","embeddable":true,"href":"https:\/\/www.visionweb.com.ar\/index.php?rest_route=%2Fwp%2Fv2%2Ftags&post=17092"}],"curies":[{"name":"wp","href":"https:\/\/api.w.org\/{rel}","templated":true}]}}