{"id":17089,"date":"2025-01-29T09:28:00","date_gmt":"2025-01-29T12:28:00","guid":{"rendered":"https:\/\/www.visionweb.com.ar\/?p=17089"},"modified":"2025-01-29T08:33:27","modified_gmt":"2025-01-29T11:33:27","slug":"el-1-de-marzo-no-habra-trenes","status":"publish","type":"post","link":"https:\/\/www.visionweb.com.ar\/?p=17089","title":{"rendered":"El 1 de marzo no habr\u00e1 trenes"},"content":{"rendered":"<p><em><strong>Es por la celebraci\u00f3n del \u00abD\u00eda del Ferroviario\u00bb, as\u00ed lo dispuso en un plenario de LA Fraternidad realizado en en el teatro Empire este martes.<\/strong><\/em>\u00a0 <!--more--><\/p>\n<p><img loading=\"lazy\" decoding=\"async\" class=\"size-medium wp-image-16593 alignright\" src=\"https:\/\/www.visionweb.com.ar\/wp-content\/uploads\/2024\/12\/trenes-caos-300x182.png\" alt=\"\" width=\"300\" height=\"182\" srcset=\"https:\/\/www.visionweb.com.ar\/wp-content\/uploads\/2024\/12\/trenes-caos-300x182.png 300w, https:\/\/www.visionweb.com.ar\/wp-content\/uploads\/2024\/12\/trenes-caos.png 547w\" sizes=\"auto, (max-width: 300px) 100vw, 300px\" \/>El gremio La Fraternidad anunci\u00f3 que se tomar\u00e1n el 1 de marzo por el D\u00eda del Ferroviario y advirtieron que eval\u00faan un nuevo paro en febrero.<\/p>\n<p>En una conferencia de prensa que ofreci\u00f3 en el marco del paro de trenes, Omar Maturano repudi\u00f3 que en las pantallas se lo responsabilizara por la falta del servicio y advirti\u00f3 que pese al di\u00e1logo, en ocho meses no hubo una respuesta concreta.<\/p>\n<p>Y a vis\u00f3: \u201cCuando haya demoras, cancelaciones y accidentes tambi\u00e9n deberemos poner los nombres de los responsables, que no dan el presupuesto para reparar los trenes, y de las autoridades que no reparan las unidades\u201d, se\u00f1al\u00f3.<\/p>\n<p>Reclamo a la\u00a0 CGT<\/p>\n<p>\u201cLa CGT tiene el deber de convocar a los dirigentes a nivel nacional. No vamos a permitir que arreglen las cosas como ellos quieren, nosotros ya nos cansamos de dialogar, es hora de luchar\u201d, asegur\u00f3 Maturano, en el marco del conflicto.<\/p>\n<p>Por otro lado, consider\u00f3 que \u201cel Gobierno debe llamar a un dialogo social para buscar una salida c\u00f3moda a los ajustes que se vienen haciendo con los jubilados, con los problemas de salud\u201d. \u201cSe tiene que buscar una salida a todo eso\u201d, apunt\u00f3.<\/p>\n<p>\u201cY de ultima, si tenemos que apoyar a este Gobierno, lo vamos a apoyar, pero nos tiene que escuchar, porque estamos en plena democracia y en pleno derecho de tomar cualquier medida de fuerza despu\u00e9s de haber cumplido con la ley\u201d, indic\u00f3.<strong>(VW)<\/strong><\/p>\n","protected":false},"excerpt":{"rendered":"<p>Es por la celebraci\u00f3n del \u00abD\u00eda del Ferroviario\u00bb, as\u00ed lo dispuso en un plenario de LA Fraternidad realizado en en el teatro Empire este martes.\u00a0<\/p>\n","protected":false},"author":3,"featured_media":16593,"comment_status":"closed","ping_status":"closed","sticky":false,"template":"","format":"standard","meta":{"_monsterinsights_skip_tracking":false,"_monsterinsights_sitenote_active":false,"_monsterinsights_sitenote_note":"","_monsterinsights_sitenote_category":0,"footnotes":""},"categories":[8,4],"tags":[7235,1991,90],"class_list":["post-17089","post","type-post","status-publish","format-standard","has-post-thumbnail","hentry","category-interes-general","category-politica","tag-feroviario","tag-la-fraternidad","tag-trenes"],"_links":{"self":[{"href":"https:\/\/www.visionweb.com.ar\/index.php?rest_route=\/wp\/v2\/posts\/17089","targetHints":{"allow":["GET"]}}],"collection":[{"href":"https:\/\/www.visionweb.com.ar\/index.php?rest_route=\/wp\/v2\/posts"}],"about":[{"href":"https:\/\/www.visionweb.com.ar\/index.php?rest_route=\/wp\/v2\/types\/post"}],"author":[{"embeddable":true,"href":"https:\/\/www.visionweb.com.ar\/index.php?rest_route=\/wp\/v2\/users\/3"}],"replies":[{"embeddable":true,"href":"https:\/\/www.visionweb.com.ar\/index.php?rest_route=%2Fwp%2Fv2%2Fcomments&post=17089"}],"version-history":[{"count":1,"href":"https:\/\/www.visionweb.com.ar\/index.php?rest_route=\/wp\/v2\/posts\/17089\/revisions"}],"predecessor-version":[{"id":17090,"href":"https:\/\/www.visionweb.com.ar\/index.php?rest_route=\/wp\/v2\/posts\/17089\/revisions\/17090"}],"wp:featuredmedia":[{"embeddable":true,"href":"https:\/\/www.visionweb.com.ar\/index.php?rest_route=\/wp\/v2\/media\/16593"}],"wp:attachment":[{"href":"https:\/\/www.visionweb.com.ar\/index.php?rest_route=%2Fwp%2Fv2%2Fmedia&parent=17089"}],"wp:term":[{"taxonomy":"category","embeddable":true,"href":"https:\/\/www.visionweb.com.ar\/index.php?rest_route=%2Fwp%2Fv2%2Fcategories&post=17089"},{"taxonomy":"post_tag","embeddable":true,"href":"https:\/\/www.visionweb.com.ar\/index.php?rest_route=%2Fwp%2Fv2%2Ftags&post=17089"}],"curies":[{"name":"wp","href":"https:\/\/api.w.org\/{rel}","templated":true}]}}