{"id":17086,"date":"2025-01-29T09:15:36","date_gmt":"2025-01-29T12:15:36","guid":{"rendered":"https:\/\/www.visionweb.com.ar\/?p=17086"},"modified":"2025-01-29T08:25:08","modified_gmt":"2025-01-29T11:25:08","slug":"en-una-cumbre-con-kicillof-35-intendentes-del-pj-pidieron-avanzar-con-el-desdoblamiento","status":"publish","type":"post","link":"https:\/\/www.visionweb.com.ar\/?p=17086","title":{"rendered":"En una cumbre con Kicillof, 35 intendentes del PJ pidieron avanzar con el desdoblamiento"},"content":{"rendered":"<p><em><strong>La reuni\u00f3n se realiz\u00f3 en Villa Gesell y hubo alcaldes de toda la provincia. Las razones que esgrimieron. Y la respuesta que les dio el Gobernador. Es un nuevo gesto de desaf\u00edo a Cristina, que tensiona m\u00e1s la interna.<\/strong><\/em><!--more--><\/p>\n<p><img loading=\"lazy\" decoding=\"async\" class=\"size-medium wp-image-17087 alignright\" src=\"https:\/\/www.visionweb.com.ar\/wp-content\/uploads\/2025\/01\/INTENDENTES-300x200.png\" alt=\"\" width=\"300\" height=\"200\" srcset=\"https:\/\/www.visionweb.com.ar\/wp-content\/uploads\/2025\/01\/INTENDENTES-300x200.png 300w, https:\/\/www.visionweb.com.ar\/wp-content\/uploads\/2025\/01\/INTENDENTES.png 640w\" sizes=\"auto, (max-width: 300px) 100vw, 300px\" \/>El gobernador Axel Kicillof mantuvo hoy en Villa Gesell<strong>\u00a0una reuni\u00f3n pol\u00edtica\u00a0<\/strong>con un grupo de 35 intendentes peronistas que se pronunciaron claramente por la opci\u00f3n de desdoblar las elecciones en la provincia respecto de las nacionales, en un nuevo gesto de desaf\u00edo a Cristina Fern\u00e1ndez de Kirchner.<\/p>\n<p><strong>El gobernador pas\u00f3 por la costa con una serie de actividades de gesti\u00f3n pero, como adelant\u00f3 DIB el s\u00e1bado, con una agenda paralela\u00a0<\/strong>puramente pol\u00edtica, con un \u00edtem predominante: la definici\u00f3n del esquema electoral para este a\u00f1o.<\/p>\n<p>La gestualidad del encuentro fue clara: el gobernador\u00a0<strong>no se encontr\u00f3 solo con intendentes de la regi\u00f3n, como suele hacer en sus viajes al interior, sino que en Villa Gesell estuvieron presentes alcaldes de toda la provincia, incluidos algunos del Conurbano como Fernando Espinoza, de La Matanza, Federico Achaval, de Pilar, Lucas Ghi, de Mor\u00f3n o el platense Julio Alak.<\/strong><\/p>\n<p>\u201cFue una reuni\u00f3n puramente pol\u00edtica, no se habl\u00f3 de otra cosa\u201d, dijeron a DIB fuentes del encuentro, que se realiz\u00f3 a puertas cerradas y en el que Kicillof se present\u00f3 con la plana mayor de su gabinete, pero sin los ministros que reportan a La C\u00e1mpora.<\/p>\n<p><strong>Los intendentes pidieron el desdoblamiento de las elecciones<\/strong>, conformaron las mismas fuentes. Ocurri\u00f3 apenas unos d\u00edas despu\u00e9s de que, el viernes el ministro de Gobierno, Carlos Bianco, admitiera que esa es una posibilidad que estudia Kicillof.<\/p>\n<p><strong>Se trata de un nuevo gesto de desaf\u00edo al cristinismo<\/strong>, luego de que la Expresidenta pidiera expl\u00edcitamente que las elecciones se realicen el mismo d\u00eda. As\u00ed, la interna entre el kicillofismo y el cristinismo-kirchnerismo, ya intensa, parece a las puertas de escalar a\u00fan m\u00e1s, ya que un desdoblamiento de las elecciones podr\u00eda derivar en una ruptura expl\u00edcita entre ambos sectores.<\/p>\n<p>Los alcaldes\u00a0<strong>argumentaron dos razones para adelantar los comicios en la Provincia<\/strong>: por un lado, la necesidad de blindar sus consejos deliberantes, un objetivo que consideran m\u00e1s f\u00e1cilmente alcanzable si la l\u00f3gica de la elecci\u00f3n es local; y por el otro, las dificultades t\u00e9cnicas que supone una elecci\u00f3n concurrente, es decir con urnas y tipos de boletas distintos pero a realizarse el mismo d\u00eda.<\/p>\n<p>El gobernador, por ahora,\u00a0<strong>repiti\u00f3 que no puede definirse hasta tanto no se resuelva la eliminaci\u00f3n o no de las PASO nacionales y, a partir de ah\u00ed, las primarias en Provincia<\/strong>. Pero las fuentes contaron a este medio que les dej\u00f3 claro a los alcaldes que era \u201cimportante escucharlos\u201d al respecto.<\/p>\n<p>Otro de los puntos centrales fue el pedido de Kicillof de construir una fuerza pol\u00edtica \u201camplia\u201d para enfrentar a Milei.<\/p>\n<p>El llamado va en l\u00ednea con la intenci\u00f3n tambi\u00e9n explicitada por Bianco de abrir la posibilidad de incorporar a sectores del otros partidos en una alianza electoral. Aqu\u00ed figuran, el menos como an\u00e1lisis, desde dirigentes peronistas que salieron del partidos enfrentados con el kichnerismo hasta sectores del radicalismo provincial.<\/p>\n<p>En ese marco, tambi\u00e9n repasaron la estrategia de campa\u00f1a electoral y la eventualidad de conformar un frente pol\u00edtico con otras fuerzas.<\/p>\n<p>La lista de alcaldes presentes incluy\u00f3 a los intendentes de Laprida, Alfredo Fisher; de Florencio Varela, Andr\u00e9s Watson; de Salliquel\u00f3, Ariel Succurro; de General Guido, Carlos Rocha; de Leandro N. Alem, Carlos Ferraris; de San Pedro, Cecilio Salazar; de Carlos Casares, Daniel Stadnik; de Exaltaci\u00f3n de la Cruz, Diego Nanni; de Daireaux, Esteban Acerbo; de Berisso, Fabi\u00e1n Cagliardi; de Navarro, Facundo Diz.<\/p>\n<p>Adem\u00e1s estuvieron presentes el intendente de de Pilar, Federico Ach\u00e1val; de La Matanza, Fernando Espinoza; de San Mart\u00edn, Fernando Moreira; de Castelli, Francisco Echarren; de Alberti, Germ\u00e1n Lago; de Punta Indio, Gustavo Barb\u00e9 (interino); de Tapalqu\u00e9, Gustavo Cocconi; de Villa Gesell, Gustavo Barrera; de Tordillo, H\u00e9ctor Olivera; de Avellaneda, Jorge Ferraresi y de Guamin\u00ed, Jos\u00e9 Augusto Nobre Ferreira.<\/p>\n<p>Tambi\u00e9n fueron de la partida los intendentes de La Costa, Juan de Jes\u00fas;\u00a0 de General Paz, Juan Manuel \u00c1lvarez; de La Plata, Julio Alak; de Benito Ju\u00e1rez, Julio C\u00e9sar Marini; de Mor\u00f3n, Lucas Ghi; de Ensenada, Mario Secco; de Ramallo, Mauro Poletti; de Salto, Ricardo Alessandro; de Coronel Su\u00e1rez, Ricardo Moccero; de Coronel Rosales, Rodrigo Aristimu\u00f1o; de Pila, Sebasti\u00e1n Walker; de Bragado, Sergio Barenghi; y de Mar Chiquita, Walter Wischnivetzky.<\/p>\n<p>Por el ejecutivo asistieron la vicegobernadora Ver\u00f3nica Magario; los ministros de Gobierno, Carlos Bianco; de Trabajo, Walter Correa; de Infraestructura y Servicios P\u00fablicos, Gabriel Katopodis; de Econom\u00eda, Pablo L\u00f3pez; de Desarrollo de la Comunidad, Andr\u00e9s Larroque; de Seguridad, Javier Alonso; las ministras de H\u00e1bitat y Desarrollo Urbano, Silvina Batakis; y de Mujeres y Diversidad, Estela D\u00edaz; la jefa de Asesores del Gobernador, Cristina \u00c1lvarez Rodr\u00edguez; y la secretaria general de la Gobernaci\u00f3n, Agustina Vila(<strong>VW\/DIB)<\/strong>.<\/p>\n","protected":false},"excerpt":{"rendered":"<p>La reuni\u00f3n se realiz\u00f3 en Villa Gesell y hubo alcaldes de toda la provincia. Las razones que esgrimieron. Y la respuesta que les dio el Gobernador. Es un nuevo gesto de desaf\u00edo a Cristina,&#46;&#46;&#46;<\/p>\n","protected":false},"author":3,"featured_media":17087,"comment_status":"closed","ping_status":"closed","sticky":false,"template":"","format":"standard","meta":{"_monsterinsights_skip_tracking":false,"_monsterinsights_sitenote_active":false,"_monsterinsights_sitenote_note":"","_monsterinsights_sitenote_category":0,"footnotes":""},"categories":[4],"tags":[264,167,621],"class_list":["post-17086","post","type-post","status-publish","format-standard","has-post-thumbnail","hentry","category-politica","tag-intendentes","tag-kicillof","tag-reunion"],"_links":{"self":[{"href":"https:\/\/www.visionweb.com.ar\/index.php?rest_route=\/wp\/v2\/posts\/17086","targetHints":{"allow":["GET"]}}],"collection":[{"href":"https:\/\/www.visionweb.com.ar\/index.php?rest_route=\/wp\/v2\/posts"}],"about":[{"href":"https:\/\/www.visionweb.com.ar\/index.php?rest_route=\/wp\/v2\/types\/post"}],"author":[{"embeddable":true,"href":"https:\/\/www.visionweb.com.ar\/index.php?rest_route=\/wp\/v2\/users\/3"}],"replies":[{"embeddable":true,"href":"https:\/\/www.visionweb.com.ar\/index.php?rest_route=%2Fwp%2Fv2%2Fcomments&post=17086"}],"version-history":[{"count":1,"href":"https:\/\/www.visionweb.com.ar\/index.php?rest_route=\/wp\/v2\/posts\/17086\/revisions"}],"predecessor-version":[{"id":17088,"href":"https:\/\/www.visionweb.com.ar\/index.php?rest_route=\/wp\/v2\/posts\/17086\/revisions\/17088"}],"wp:featuredmedia":[{"embeddable":true,"href":"https:\/\/www.visionweb.com.ar\/index.php?rest_route=\/wp\/v2\/media\/17087"}],"wp:attachment":[{"href":"https:\/\/www.visionweb.com.ar\/index.php?rest_route=%2Fwp%2Fv2%2Fmedia&parent=17086"}],"wp:term":[{"taxonomy":"category","embeddable":true,"href":"https:\/\/www.visionweb.com.ar\/index.php?rest_route=%2Fwp%2Fv2%2Fcategories&post=17086"},{"taxonomy":"post_tag","embeddable":true,"href":"https:\/\/www.visionweb.com.ar\/index.php?rest_route=%2Fwp%2Fv2%2Ftags&post=17086"}],"curies":[{"name":"wp","href":"https:\/\/api.w.org\/{rel}","templated":true}]}}