{"id":17081,"date":"2025-01-28T12:34:22","date_gmt":"2025-01-28T15:34:22","guid":{"rendered":"https:\/\/www.visionweb.com.ar\/?p=17081"},"modified":"2025-01-28T12:34:22","modified_gmt":"2025-01-28T15:34:22","slug":"arba-anuncio-un-alivio-fiscal-para-pymes","status":"publish","type":"post","link":"https:\/\/www.visionweb.com.ar\/?p=17081","title":{"rendered":"ARBA anunci\u00f3 un alivio fiscal para PyMEs"},"content":{"rendered":"<p><strong><em>La Agencia de Recaudaci\u00f3n Bonaerense (ARBA) aument\u00f3 un 127% el umbral de facturaci\u00f3n para agentes de retenci\u00f3n.<\/em><\/strong><!--more--><\/p>\n<p><img loading=\"lazy\" decoding=\"async\" class=\"size-medium wp-image-4729 alignright\" src=\"https:\/\/www.visionweb.com.ar\/wp-content\/uploads\/2022\/03\/ARBA-300x170.png\" alt=\"\" width=\"300\" height=\"170\" srcset=\"https:\/\/www.visionweb.com.ar\/wp-content\/uploads\/2022\/03\/ARBA-300x170.png 300w, https:\/\/www.visionweb.com.ar\/wp-content\/uploads\/2022\/03\/ARBA.png 640w\" sizes=\"auto, (max-width: 300px) 100vw, 300px\" \/>La Agencia de Recaudaci\u00f3n de la\u00a0<strong>provincia de Buenos Aires\u00a0<\/strong>(<strong>ARBA<\/strong>) increment\u00f3 en un 127% el monto de\u00a0<strong>facturaci\u00f3n\u00a0<\/strong>a partir del cual las\u00a0<strong>empresas<\/strong>\u00a0est\u00e1n obligadas a actuar como agentes de percepci\u00f3n y retenci\u00f3n del fisco. Esta medida beneficia directamente a 3323\u00a0<strong>pymes<\/strong>\u00a0que, al superar ese umbral, dejar\u00e1n de asumir una funci\u00f3n que implica una significativa carga administrativa y de recursos.<\/p>\n<p>El director ejecutivo del organismo, Cristian Girard, hizo el anuncio luego de la reuni\u00f3n de gabinete encabezada por Axel Kicillof.<\/p>\n<p>Con esta medida, las empresas que hayan obtenido ingresos totales operativos superiores a 2.800 millones de pesos en 2024 \u201cestar\u00e1n obligadas a actuar como agentes de recaudaci\u00f3n del r\u00e9gimen general\u201d. Por debajo de ese n\u00famero, quedan exentas.<\/p>\n<p>Sin embargo, de acuerdo con la\u00a0<strong>Resoluci\u00f3n Normativa 4\/25<\/strong>, aquellas cuya actividad principal sea \u201c<strong>el expendio al p\u00fablico de combustibles l\u00edquidos derivados del petr\u00f3leo<\/strong>\u201c, el nuevo piso de facturaci\u00f3n anual se eleva a\u00a0<strong>$4.200 millones<\/strong> y, para las dedicadas a la \u201c<strong>venta de cosas muebles<\/strong>\u201d, el l\u00edmite se establece en\u00a0<strong>$1.400 millones<\/strong>.<\/p>\n<p>El titular de ARBA, destac\u00f3 que: \u201cDesde que asumimos, hemos actualizado progresivamente los montos de facturaci\u00f3n que determinan la obligaci\u00f3n de actuar como agentes de recaudaci\u00f3n. Esto ha permitido <strong>reducir a\u00f1o a a\u00f1o la carga administrativa para las empresas, al tiempo que desahoga financieramente al sector productivo<\/strong>\u201d.<\/p>\n<p>Girard subray\u00f3 que este aumento del 127% es parte de una pol\u00edtica sostenida de\u00a0<strong>alivio fiscal<\/strong>, que desde 2020 ha elevado sistem\u00e1ticamente el l\u00edmite de facturaci\u00f3n: \u201cPrimero con un aumento del 175% antes de la pandemia, seguido de incrementos del 36% en 2021, 66% en 2022, 100% en 2023, 150% en 2024 y ahora este nuevo ajuste del 127%\u201d.<\/p>\n","protected":false},"excerpt":{"rendered":"<p>La Agencia de Recaudaci\u00f3n Bonaerense (ARBA) aument\u00f3 un 127% el umbral de facturaci\u00f3n para agentes de retenci\u00f3n.<\/p>\n","protected":false},"author":3,"featured_media":4729,"comment_status":"closed","ping_status":"closed","sticky":false,"template":"","format":"standard","meta":{"_monsterinsights_skip_tracking":false,"_monsterinsights_sitenote_active":false,"_monsterinsights_sitenote_note":"","_monsterinsights_sitenote_category":0,"footnotes":""},"categories":[749],"tags":[1366,663,7090],"class_list":["post-17081","post","type-post","status-publish","format-standard","has-post-thumbnail","hentry","category-pymes","tag-arba","tag-empresas","tag-facturacion"],"_links":{"self":[{"href":"https:\/\/www.visionweb.com.ar\/index.php?rest_route=\/wp\/v2\/posts\/17081","targetHints":{"allow":["GET"]}}],"collection":[{"href":"https:\/\/www.visionweb.com.ar\/index.php?rest_route=\/wp\/v2\/posts"}],"about":[{"href":"https:\/\/www.visionweb.com.ar\/index.php?rest_route=\/wp\/v2\/types\/post"}],"author":[{"embeddable":true,"href":"https:\/\/www.visionweb.com.ar\/index.php?rest_route=\/wp\/v2\/users\/3"}],"replies":[{"embeddable":true,"href":"https:\/\/www.visionweb.com.ar\/index.php?rest_route=%2Fwp%2Fv2%2Fcomments&post=17081"}],"version-history":[{"count":1,"href":"https:\/\/www.visionweb.com.ar\/index.php?rest_route=\/wp\/v2\/posts\/17081\/revisions"}],"predecessor-version":[{"id":17082,"href":"https:\/\/www.visionweb.com.ar\/index.php?rest_route=\/wp\/v2\/posts\/17081\/revisions\/17082"}],"wp:featuredmedia":[{"embeddable":true,"href":"https:\/\/www.visionweb.com.ar\/index.php?rest_route=\/wp\/v2\/media\/4729"}],"wp:attachment":[{"href":"https:\/\/www.visionweb.com.ar\/index.php?rest_route=%2Fwp%2Fv2%2Fmedia&parent=17081"}],"wp:term":[{"taxonomy":"category","embeddable":true,"href":"https:\/\/www.visionweb.com.ar\/index.php?rest_route=%2Fwp%2Fv2%2Fcategories&post=17081"},{"taxonomy":"post_tag","embeddable":true,"href":"https:\/\/www.visionweb.com.ar\/index.php?rest_route=%2Fwp%2Fv2%2Ftags&post=17081"}],"curies":[{"name":"wp","href":"https:\/\/api.w.org\/{rel}","templated":true}]}}