{"id":17078,"date":"2025-01-28T11:30:17","date_gmt":"2025-01-28T14:30:17","guid":{"rendered":"https:\/\/www.visionweb.com.ar\/?p=17078"},"modified":"2025-01-28T11:30:17","modified_gmt":"2025-01-28T14:30:17","slug":"obelisco-de-ba-el-historico-monumento-tendra-un-mirador-con-vista-panoramica","status":"publish","type":"post","link":"https:\/\/www.visionweb.com.ar\/?p=17078","title":{"rendered":"Obelisco de BA: El hist\u00f3rico monumento tendr\u00e1 un mirador con vista panor\u00e1mica"},"content":{"rendered":"<p><em><strong>Es uno de los puntos emblem\u00e1ticos de Argentina, que ahora sumar\u00e1 un ascensor hacia un mirador que brindar\u00e1 una vista panor\u00e1mica de la Ciudad de Buenos Aires.<\/strong><\/em><!--more--><\/p>\n<p><strong>\u00a0 <img loading=\"lazy\" decoding=\"async\" class=\"size-medium wp-image-17079 alignright\" src=\"https:\/\/www.visionweb.com.ar\/wp-content\/uploads\/2025\/01\/obelisco-ba-300x234.png\" alt=\"\" width=\"300\" height=\"234\" srcset=\"https:\/\/www.visionweb.com.ar\/wp-content\/uploads\/2025\/01\/obelisco-ba-300x234.png 300w, https:\/\/www.visionweb.com.ar\/wp-content\/uploads\/2025\/01\/obelisco-ba.png 477w\" sizes=\"auto, (max-width: 300px) 100vw, 300px\" \/>\u00a0\u00a0\u00a0 E<\/strong>l Gobierno porte\u00f1o, a trav\u00e9s del Ministerio de Espacio P\u00fablico e Higiene Urbana, comenz\u00f3 con la<strong>\u00a0instalaci\u00f3n de un ascensor panor\u00e1mico<\/strong>\u00a0que convertir\u00e1 el Obelisco de la Ciudad de Buenos Aires en un mirador.<\/p>\n<p>Ubicado en la Plaza de la Rep\u00fablica, en el cruce de la 9 de Julio y la Avenida Corrientes, el Obelisco es uno de los monumentos hist\u00f3ricos m\u00e1s emblem\u00e1ticos de Argentina, ya que fue construido en el mismo lugar donde fue izada la bandera nacional por primera vez en la Ciudad.<\/p>\n<p>Ahora, el s\u00edmbolo de CABA ser\u00e1 modificado para permitir a los ciudadanos y visitantes tener una vista panor\u00e1mica, inform\u00f3 Agencia NA.<\/p>\n<p>Las obras no modificar\u00e1n su estructura externa, sino que <strong>permitir\u00e1 que turistas y locales vean la Ciudad desde lo alto<\/strong>.<\/p>\n<p>Constar\u00e1 de un<strong>\u00a0ascensor panor\u00e1mico de tres caras vidriadas\u00a0<\/strong>y una escalera a su alrededor para casos de emergencia. La instalaci\u00f3n ya se encuentra en marcha y ocupar\u00e1 160 m2 de superficie entre base, ascensor, escalera de emergencia y mirador.<\/p>\n<p>El ascensor recorrer\u00e1 desde la base hasta el nivel 55 mediante un sistema de anclaje y tendr\u00e1 una capacidad m\u00e1xima de hasta 4 personas. Hasta ahora, solo se pod\u00eda subir a la c\u00faspide mediante 7 tramos de escalera y su acceso estaba reservado.<\/p>\n<p>El ascensor fue armado previamente en f\u00e1brica y tendr\u00e1 una estructura met\u00e1lica y atornillada, lo que permite desinstalarla en caso de ser necesario. <strong>(VW)<\/strong><\/p>\n<p>&nbsp;<\/p>\n","protected":false},"excerpt":{"rendered":"<p>Es uno de los puntos emblem\u00e1ticos de Argentina, que ahora sumar\u00e1 un ascensor hacia un mirador que brindar\u00e1 una vista panor\u00e1mica de la Ciudad de Buenos Aires.<\/p>\n","protected":false},"author":4,"featured_media":17079,"comment_status":"closed","ping_status":"closed","sticky":false,"template":"","format":"standard","meta":{"_monsterinsights_skip_tracking":false,"_monsterinsights_sitenote_active":false,"_monsterinsights_sitenote_note":"","_monsterinsights_sitenote_category":0,"footnotes":""},"categories":[8,700],"tags":[7233,7234,7232],"class_list":["post-17078","post","type-post","status-publish","format-standard","has-post-thumbnail","hentry","category-interes-general","category-turismo","tag-ascensor","tag-mirador","tag-obelisco-de-ba"],"_links":{"self":[{"href":"https:\/\/www.visionweb.com.ar\/index.php?rest_route=\/wp\/v2\/posts\/17078","targetHints":{"allow":["GET"]}}],"collection":[{"href":"https:\/\/www.visionweb.com.ar\/index.php?rest_route=\/wp\/v2\/posts"}],"about":[{"href":"https:\/\/www.visionweb.com.ar\/index.php?rest_route=\/wp\/v2\/types\/post"}],"author":[{"embeddable":true,"href":"https:\/\/www.visionweb.com.ar\/index.php?rest_route=\/wp\/v2\/users\/4"}],"replies":[{"embeddable":true,"href":"https:\/\/www.visionweb.com.ar\/index.php?rest_route=%2Fwp%2Fv2%2Fcomments&post=17078"}],"version-history":[{"count":1,"href":"https:\/\/www.visionweb.com.ar\/index.php?rest_route=\/wp\/v2\/posts\/17078\/revisions"}],"predecessor-version":[{"id":17080,"href":"https:\/\/www.visionweb.com.ar\/index.php?rest_route=\/wp\/v2\/posts\/17078\/revisions\/17080"}],"wp:featuredmedia":[{"embeddable":true,"href":"https:\/\/www.visionweb.com.ar\/index.php?rest_route=\/wp\/v2\/media\/17079"}],"wp:attachment":[{"href":"https:\/\/www.visionweb.com.ar\/index.php?rest_route=%2Fwp%2Fv2%2Fmedia&parent=17078"}],"wp:term":[{"taxonomy":"category","embeddable":true,"href":"https:\/\/www.visionweb.com.ar\/index.php?rest_route=%2Fwp%2Fv2%2Fcategories&post=17078"},{"taxonomy":"post_tag","embeddable":true,"href":"https:\/\/www.visionweb.com.ar\/index.php?rest_route=%2Fwp%2Fv2%2Ftags&post=17078"}],"curies":[{"name":"wp","href":"https:\/\/api.w.org\/{rel}","templated":true}]}}