{"id":17076,"date":"2025-01-28T11:02:08","date_gmt":"2025-01-28T14:02:08","guid":{"rendered":"https:\/\/www.visionweb.com.ar\/?p=17076"},"modified":"2025-01-28T11:02:08","modified_gmt":"2025-01-28T14:02:08","slug":"rambla-de-mar-del-plata-licitaron-las-obras-para-su-puesta-en-valor","status":"publish","type":"post","link":"https:\/\/www.visionweb.com.ar\/?p=17076","title":{"rendered":"Rambla de Mar del Plata: Licitaron las obras para su puesta en valor"},"content":{"rendered":"<p><em><strong>Avanza la restauraci\u00f3n de la Rambla de Mar del Plata como patrimonio hist\u00f3rico nacional. Durante el acto administrativo se presentaron siete ofertas, que pasar\u00e1n a un per\u00edodo de evaluaci\u00f3n. La inversi\u00f3n es de $6.775 millones.\u00a0<\/strong><\/em><!--more--><\/p>\n<p><img loading=\"lazy\" decoding=\"async\" class=\"size-full wp-image-10267 alignright\" src=\"https:\/\/www.visionweb.com.ar\/wp-content\/uploads\/2023\/04\/Rambla-mdq.png\" alt=\"\" width=\"259\" height=\"173\" \/> <strong>E<\/strong>l Ministerio de Infraestructura y Servicios P\u00fablicos de la provincia de Buenos Aires, a trav\u00e9s de la Subsecretar\u00eda de Obras P\u00fablicas,\u00a0<strong>llev\u00f3 a cabo la licitaci\u00f3n de la puesta en valor de la Rambla de Mar del Plata,<\/strong>\u00a0un proyecto que contempla una inversi\u00f3n de $6.775 millones que busca recuperar y preservar un patrimonio hist\u00f3rico nacional, con el objetivo de preservar su identidad y fomentar la integraci\u00f3n urbana y social.<\/p>\n<p>En ese sentido, el Ministro de Obras P\u00fablicas,<strong>\u00a0Gabriel Katopodis<\/strong>, destac\u00f3 la importancia de este emprendimiento: \u201cHoy se licitaron las obras sobre la Rambla para recuperar un patrimonio que es referencia y orgullo de Mar del Plata, y tambi\u00e9n de todos los argentinos y argentinas. Esta es una ciudad maravillosa que nuestra gente siempre elige como destino para disfrutar en familia y que debemos preservar\u201d.<\/p>\n<p>El funcionario tambi\u00e9n enfatiz\u00f3: \u201c<strong>Estamos convencidos de que en la defensa de la identidad cultural e hist\u00f3rica de nuestra provincia seguimos construyendo futuro para los bonaerenses<\/strong>\u201d.<\/p>\n<p>Detalles de la licitaci\u00f3n<\/p>\n<p>La licitaci\u00f3n concentr\u00f3 siete ofertas que ser\u00e1n evaluadas en las pr\u00f3ximas semanas.\u00a0<strong>Los trabajos abarcar\u00e1n la refacci\u00f3n y renovaci\u00f3n integral de 31.500 metros cuadrados del conjunto urbano que comparten el Casino Central y el Hotel Provincial<\/strong>. Para facilitar su ejecuci\u00f3n, el plan de obra se dividir\u00e1 en sectores, para llevar un trabajo m\u00e1s organizado y eficiente.<\/p>\n<p>El proyecto incluye la <strong>restauraci\u00f3n de baldosas originales y su reposici\u00f3n con nuevas piezas, la colocaci\u00f3n de luminarias LED, la reparaci\u00f3n de desag\u00fces pluviales, y la puesta en valor de estructuras de piedra, escaleras y rampas<\/strong>.<\/p>\n<p>Adem\u00e1s, se redise\u00f1ar\u00e1n los <strong>espacios verdes con vegetaci\u00f3n y mobiliario urbano, y se restaurar\u00e1n elementos ic\u00f3nicos como las esculturas de los lobos marinos y los monolitos extremos<\/strong>.<\/p>\n<p>Un patrimonio con historia<\/p>\n<p>La Rambla de Mar del Plata tiene un profundo valor hist\u00f3rico. Desde sus inicios, la ciudad cont\u00f3 con cuatro ramblas que fueron reemplaz\u00e1ndose debido a incendios y demoliciones. En 1938, la urbanizaci\u00f3n de la Bah\u00eda Bristol marc\u00f3 un cambio radical, con la construcci\u00f3n del Casino Central y el Hotel Provincial bajo la direcci\u00f3n del arquitecto Alejandro Bustillo. Este proyecto transform\u00f3 el balneario en un destino de turismo masivo, alineado con las pol\u00edticas de fomento al turismo social.<\/p>\n<p>Con la renovaci\u00f3n,<strong>\u00a0se espera beneficiar a unas 200.000 personas que utilizan estos espacios anualmente para actividades de ocio y deporte.<\/strong>\u00a0Adem\u00e1s, el proyecto reducir\u00e1 la contaminaci\u00f3n visual y mejorar\u00e1 la seguridad peatonal en el frente costero, consolid\u00e1ndolo como un lugar de integraci\u00f3n social y cultural. <strong>(VW)<\/strong><\/p>\n","protected":false},"excerpt":{"rendered":"<p>Avanza la restauraci\u00f3n de la Rambla de Mar del Plata como patrimonio hist\u00f3rico nacional. Durante el acto administrativo se presentaron siete ofertas, que pasar\u00e1n a un per\u00edodo de evaluaci\u00f3n. La inversi\u00f3n es de $6.775&#46;&#46;&#46;<\/p>\n","protected":false},"author":4,"featured_media":10267,"comment_status":"closed","ping_status":"closed","sticky":false,"template":"","format":"standard","meta":{"_monsterinsights_skip_tracking":false,"_monsterinsights_sitenote_active":false,"_monsterinsights_sitenote_note":"","_monsterinsights_sitenote_category":0,"footnotes":""},"categories":[8,700],"tags":[7183,6900,7231],"class_list":["post-17076","post","type-post","status-publish","format-standard","has-post-thumbnail","hentry","category-interes-general","category-turismo","tag-licitacion","tag-puesta-en-valor","tag-rambla-de-mar-del-plata"],"_links":{"self":[{"href":"https:\/\/www.visionweb.com.ar\/index.php?rest_route=\/wp\/v2\/posts\/17076","targetHints":{"allow":["GET"]}}],"collection":[{"href":"https:\/\/www.visionweb.com.ar\/index.php?rest_route=\/wp\/v2\/posts"}],"about":[{"href":"https:\/\/www.visionweb.com.ar\/index.php?rest_route=\/wp\/v2\/types\/post"}],"author":[{"embeddable":true,"href":"https:\/\/www.visionweb.com.ar\/index.php?rest_route=\/wp\/v2\/users\/4"}],"replies":[{"embeddable":true,"href":"https:\/\/www.visionweb.com.ar\/index.php?rest_route=%2Fwp%2Fv2%2Fcomments&post=17076"}],"version-history":[{"count":1,"href":"https:\/\/www.visionweb.com.ar\/index.php?rest_route=\/wp\/v2\/posts\/17076\/revisions"}],"predecessor-version":[{"id":17077,"href":"https:\/\/www.visionweb.com.ar\/index.php?rest_route=\/wp\/v2\/posts\/17076\/revisions\/17077"}],"wp:featuredmedia":[{"embeddable":true,"href":"https:\/\/www.visionweb.com.ar\/index.php?rest_route=\/wp\/v2\/media\/10267"}],"wp:attachment":[{"href":"https:\/\/www.visionweb.com.ar\/index.php?rest_route=%2Fwp%2Fv2%2Fmedia&parent=17076"}],"wp:term":[{"taxonomy":"category","embeddable":true,"href":"https:\/\/www.visionweb.com.ar\/index.php?rest_route=%2Fwp%2Fv2%2Fcategories&post=17076"},{"taxonomy":"post_tag","embeddable":true,"href":"https:\/\/www.visionweb.com.ar\/index.php?rest_route=%2Fwp%2Fv2%2Ftags&post=17076"}],"curies":[{"name":"wp","href":"https:\/\/api.w.org\/{rel}","templated":true}]}}