{"id":17071,"date":"2025-01-28T09:48:11","date_gmt":"2025-01-28T12:48:11","guid":{"rendered":"https:\/\/www.visionweb.com.ar\/?p=17071"},"modified":"2025-01-28T09:48:11","modified_gmt":"2025-01-28T12:48:11","slug":"recuperacion-economica-avances-moderados-y-desigualdades-sectoriales","status":"publish","type":"post","link":"https:\/\/www.visionweb.com.ar\/?p=17071","title":{"rendered":"Recuperaci\u00f3n econ\u00f3mica: Avances moderados y desigualdades sectoriales"},"content":{"rendered":"<p><strong><em>Aunque el \u00edndice general Emae muestra se\u00f1ales de recuperaci\u00f3n, el an\u00e1lisis sectorial revela marcadas disparidades.<\/em><\/strong><!--more--><\/p>\n<p><img loading=\"lazy\" decoding=\"async\" class=\"size-medium wp-image-7939 alignright\" src=\"https:\/\/www.visionweb.com.ar\/wp-content\/uploads\/2022\/10\/INDUSTRIAS-PYMES-300x168.png\" alt=\"\" width=\"300\" height=\"168\" srcset=\"https:\/\/www.visionweb.com.ar\/wp-content\/uploads\/2022\/10\/INDUSTRIAS-PYMES-300x168.png 300w, https:\/\/www.visionweb.com.ar\/wp-content\/uploads\/2022\/10\/INDUSTRIAS-PYMES.png 640w\" sizes=\"auto, (max-width: 300px) 100vw, 300px\" \/>El \u00faltimo informe del Estimador Mensual de Actividad Econ\u00f3mica (Emae), correspondiente a noviembre, reflej\u00f3 un incremento interanual del 0,1% y un crecimiento mensual desestacionalizado del 0,9%.<\/p>\n<p>El\u00a0 leve repunte en la actividad econ\u00f3mica argentina alcanza niveles similares a los previos al m\u00ednimo registrado en abril de 2023. Este punto marc\u00f3 el per\u00edodo m\u00e1s cr\u00edtico durante los primeros meses de la gesti\u00f3n del presidente Javier Milei, cuando la actividad toc\u00f3 un piso de 139 puntos debido a la devaluaci\u00f3n del peso y un ajuste dr\u00e1stico en el gasto p\u00fablico.<\/p>\n<p>Si bien el \u00edndice general logr\u00f3 revertir parte de las ca\u00eddas previas, la recuperaci\u00f3n no ha sido homog\u00e9nea. Sectores como el agro y la industria manufacturera presentan comportamientos divergentes frente al dinamismo de \u00e1reas como el comercio y los servicios financieros. Estos contrastes ponen de relieve los desaf\u00edos de una econom\u00eda en recuperaci\u00f3n desigual, donde las pol\u00edticas de ajuste contin\u00faan impactando de manera diferenciada en los distintos actores del tejido productivo, consigna el informe del INDEC Instituto Nacional de Estad\u00edsticas y Censo.<\/p>\n<p><strong>Sectores con Trayectorias Contrapuestas<\/strong><\/p>\n<p><img loading=\"lazy\" decoding=\"async\" class=\"size-medium wp-image-17072 alignleft\" src=\"https:\/\/www.visionweb.com.ar\/wp-content\/uploads\/2025\/01\/ACTIVIDAD-ECONOMICA-300x164.png\" alt=\"\" width=\"300\" height=\"164\" srcset=\"https:\/\/www.visionweb.com.ar\/wp-content\/uploads\/2025\/01\/ACTIVIDAD-ECONOMICA-300x164.png 300w, https:\/\/www.visionweb.com.ar\/wp-content\/uploads\/2025\/01\/ACTIVIDAD-ECONOMICA.png 640w\" sizes=\"auto, (max-width: 300px) 100vw, 300px\" \/>El EMAE desglosa la actividad econ\u00f3mica en 16 sectores, de los cuales solo 6 muestran un crecimiento interanual positivo:<\/p>\n<p>Pesca: +164,6%<br \/>\nIntermediaci\u00f3n financiera: +9,9%<br \/>\nExplotaci\u00f3n de minas y canteras: +7,1%<br \/>\nImpuestos netos: +3,7%<br \/>\nEnse\u00f1anza: +1,1%<br \/>\nActividad inmobiliaria: +0,9%<br \/>\nEn contraste, los sectores que enfrentan contracciones notables incluyen:<\/p>\n<p>Construcci\u00f3n: -14,2%<br \/>\nElectricidad, gas y agua: -5,6%<br \/>\nIndustria manufacturera: -2,3%<br \/>\nComercio: -1,3%<br \/>\nMientras que el \u00edndice general muestra signos de recuperaci\u00f3n, estos resultados sectoriales exponen una din\u00e1mica desigual. Los sectores con mayores ca\u00eddas coinciden con aquellos que m\u00e1s empleo generan, lo que explica por qu\u00e9 los beneficios de esta recuperaci\u00f3n no se sienten ampliamente en los \u00e1mbitos social y laboral.<\/p>\n<p><strong>Una Recuperaci\u00f3n Fr\u00e1gil<\/strong><\/p>\n<p>Al extender el horizonte de an\u00e1lisis al per\u00edodo anterior a las pol\u00edticas de ajuste implementadas por el actual gobierno, los desaf\u00edos estructurales de la econom\u00eda se tornan m\u00e1s evidentes. Entre marzo de 2023, cuando el \u00edndice desestacionalizado alcanz\u00f3 su pico de 150,4 puntos, y noviembre de 2024, el EMAE acumul\u00f3 una ca\u00edda del 1,7%. Esta disminuci\u00f3n es especialmente pronunciada en sectores clave:<\/p>\n<p>Industria manufacturera: -6,8%<br \/>\nConstrucci\u00f3n: -27,4%<br \/>\nComercio: -16,0%<\/p>\n<p><strong>(vw)<\/strong><\/p>\n","protected":false},"excerpt":{"rendered":"<p>Aunque el \u00edndice general Emae muestra se\u00f1ales de recuperaci\u00f3n, el an\u00e1lisis sectorial revela marcadas disparidades.<\/p>\n","protected":false},"author":3,"featured_media":7939,"comment_status":"closed","ping_status":"closed","sticky":false,"template":"","format":"standard","meta":{"_monsterinsights_skip_tracking":false,"_monsterinsights_sitenote_active":false,"_monsterinsights_sitenote_note":"","_monsterinsights_sitenote_category":0,"footnotes":""},"categories":[6,8],"tags":[7230,2942,6182,6399],"class_list":["post-17071","post","type-post","status-publish","format-standard","has-post-thumbnail","hentry","category-economia","category-interes-general","tag-emac","tag-industria","tag-recuperacion","tag-sectores"],"_links":{"self":[{"href":"https:\/\/www.visionweb.com.ar\/index.php?rest_route=\/wp\/v2\/posts\/17071","targetHints":{"allow":["GET"]}}],"collection":[{"href":"https:\/\/www.visionweb.com.ar\/index.php?rest_route=\/wp\/v2\/posts"}],"about":[{"href":"https:\/\/www.visionweb.com.ar\/index.php?rest_route=\/wp\/v2\/types\/post"}],"author":[{"embeddable":true,"href":"https:\/\/www.visionweb.com.ar\/index.php?rest_route=\/wp\/v2\/users\/3"}],"replies":[{"embeddable":true,"href":"https:\/\/www.visionweb.com.ar\/index.php?rest_route=%2Fwp%2Fv2%2Fcomments&post=17071"}],"version-history":[{"count":1,"href":"https:\/\/www.visionweb.com.ar\/index.php?rest_route=\/wp\/v2\/posts\/17071\/revisions"}],"predecessor-version":[{"id":17073,"href":"https:\/\/www.visionweb.com.ar\/index.php?rest_route=\/wp\/v2\/posts\/17071\/revisions\/17073"}],"wp:featuredmedia":[{"embeddable":true,"href":"https:\/\/www.visionweb.com.ar\/index.php?rest_route=\/wp\/v2\/media\/7939"}],"wp:attachment":[{"href":"https:\/\/www.visionweb.com.ar\/index.php?rest_route=%2Fwp%2Fv2%2Fmedia&parent=17071"}],"wp:term":[{"taxonomy":"category","embeddable":true,"href":"https:\/\/www.visionweb.com.ar\/index.php?rest_route=%2Fwp%2Fv2%2Fcategories&post=17071"},{"taxonomy":"post_tag","embeddable":true,"href":"https:\/\/www.visionweb.com.ar\/index.php?rest_route=%2Fwp%2Fv2%2Ftags&post=17071"}],"curies":[{"name":"wp","href":"https:\/\/api.w.org\/{rel}","templated":true}]}}