{"id":17068,"date":"2025-01-27T10:54:15","date_gmt":"2025-01-27T13:54:15","guid":{"rendered":"https:\/\/www.visionweb.com.ar\/?p=17068"},"modified":"2025-01-27T10:54:15","modified_gmt":"2025-01-27T13:54:15","slug":"salta-colocaran-un-cerco-de-200-metros-en-la-frontera-con-bolivia","status":"publish","type":"post","link":"https:\/\/www.visionweb.com.ar\/?p=17068","title":{"rendered":"Salta: Colocar\u00e1n un cerco de 200 metros en la frontera con Bolivia"},"content":{"rendered":"<p><em><strong>Es para evitar el paso ilegal de personas y contrabando. Se trata de una iniciativa del Ministerio de Seguridad de la Naci\u00f3n, como parte del\u00a0Plan G\u00fcemes. La idea del Ministerio es obligar a las personas a tener que pasar s\u00ed o s\u00ed por la oficina de Migraciones.<\/strong><\/em><!--more--><\/p>\n<p><strong> <img loading=\"lazy\" decoding=\"async\" class=\"size-medium wp-image-17069 alignright\" src=\"https:\/\/www.visionweb.com.ar\/wp-content\/uploads\/2025\/01\/mapa-salta-muro-300x146.png\" alt=\"\" width=\"300\" height=\"146\" srcset=\"https:\/\/www.visionweb.com.ar\/wp-content\/uploads\/2025\/01\/mapa-salta-muro-300x146.png 300w, https:\/\/www.visionweb.com.ar\/wp-content\/uploads\/2025\/01\/mapa-salta-muro.png 630w\" sizes=\"auto, (max-width: 300px) 100vw, 300px\" \/>\u00a0\u00a0\u00a0\u00a0\u00a0 E<\/strong>n la localidad de <strong>Aguas Blancas, provincia de Salta<\/strong>, comenzar\u00e1 la construcci\u00f3n de un cerco de alambre de 200 metros en la frontera con Bolivia, como parte del <strong>\u201cPlan G\u00fcemes\u201d<\/strong> del Ministerio de Seguridad, cartera que conduce la ministra\u00a0<strong>Patricia Bullrich<\/strong>, con el objetivo combatir el paso ilegal de personas y el contrabando en la regi\u00f3n.<\/p>\n<p>El proyecto incluye la instalaci\u00f3n de un alambrado ol\u00edmpico a lo largo de los 200 metros que separan la terminal de colectivos de la oficina de Migraciones. Seg\u00fan inform\u00f3 el diario\u00a0El Tribuno, ya se lanz\u00f3 la licitaci\u00f3n para concretar la obra.<\/p>\n<p>Virginia Cornejo, directora Nacional de Vigilancia y Control de Fronteras, destac\u00f3 que mientras Bolivia implement\u00f3 controles estrictos, Argentina carec\u00eda de una delimitaci\u00f3n clara en ese sector. \u00abEl objetivo es obligar a las personas a pasar \u00fanicamente por la oficina de Migraciones\u00bb, subray\u00f3 en di\u00e1logo con ese medio.<\/p>\n<p><strong>\u00abDel lado boliviano se construyeron controles estrictos, pero del lado argentino no hab\u00eda una delimitaci\u00f3n clara\u00bb,<\/strong>\u00a0asegur\u00f3 Cornejo.<\/p>\n<p>La idea del Ministerio de Seguridad es obligar a las personas a tener que pasar s\u00ed o s\u00ed por la oficina de Migraciones.<\/p>\n<p><strong>\u00abEl alambrado se colocar\u00e1 dentro del murall\u00f3n preventivo que se utiliza cuando el r\u00edo Bermejo crece.<\/strong>\u00a0La idea es delimitar claramente el acceso a migraciones para evitar que la gente pase por otros lugares sin control\u00bb, resalt\u00f3 el interventor de Aguas Blancas, Adri\u00e1n Zigar\u00e1n.<\/p>\n<p>La obra ser\u00e1 financiada por la provincia de Salta, con supervisi\u00f3n de Naci\u00f3n, luego de constatarse que muchas personas cruzaban de forma ilegal.<\/p>\n<p><strong>\u00abEs un punto al que la gente llegaba<\/strong>, era un punto de reuni\u00f3n, de encuentro, ya sea por taxi, colectivo, por lo que sea, y\u00a0<strong>de ah\u00ed saltaban un muro, que es de protecci\u00f3n por las inundaciones que genera el Bermejo, y la gente sal\u00eda caminando e iba para las chalanas,<\/strong>\u00a0o sea, del puesto de Migraciones, 200 metros antes, la gente saltaba hacia el r\u00edo\u00bb, explic\u00f3 Zigar\u00e1n en declaraciones a Nuevo Diario de Salta. <strong>(VW)<\/strong><\/p>\n","protected":false},"excerpt":{"rendered":"<p>Es para evitar el paso ilegal de personas y contrabando. Se trata de una iniciativa del Ministerio de Seguridad de la Naci\u00f3n, como parte del\u00a0Plan G\u00fcemes. La idea del Ministerio es obligar a las&#46;&#46;&#46;<\/p>\n","protected":false},"author":4,"featured_media":17069,"comment_status":"closed","ping_status":"closed","sticky":false,"template":"","format":"standard","meta":{"_monsterinsights_skip_tracking":false,"_monsterinsights_sitenote_active":false,"_monsterinsights_sitenote_note":"","_monsterinsights_sitenote_category":0,"footnotes":""},"categories":[4],"tags":[504,514,7229,529],"class_list":["post-17068","post","type-post","status-publish","format-standard","has-post-thumbnail","hentry","category-politica","tag-bullrich","tag-migraciones","tag-salta-cerco-con-bolivia","tag-seguridad"],"_links":{"self":[{"href":"https:\/\/www.visionweb.com.ar\/index.php?rest_route=\/wp\/v2\/posts\/17068","targetHints":{"allow":["GET"]}}],"collection":[{"href":"https:\/\/www.visionweb.com.ar\/index.php?rest_route=\/wp\/v2\/posts"}],"about":[{"href":"https:\/\/www.visionweb.com.ar\/index.php?rest_route=\/wp\/v2\/types\/post"}],"author":[{"embeddable":true,"href":"https:\/\/www.visionweb.com.ar\/index.php?rest_route=\/wp\/v2\/users\/4"}],"replies":[{"embeddable":true,"href":"https:\/\/www.visionweb.com.ar\/index.php?rest_route=%2Fwp%2Fv2%2Fcomments&post=17068"}],"version-history":[{"count":1,"href":"https:\/\/www.visionweb.com.ar\/index.php?rest_route=\/wp\/v2\/posts\/17068\/revisions"}],"predecessor-version":[{"id":17070,"href":"https:\/\/www.visionweb.com.ar\/index.php?rest_route=\/wp\/v2\/posts\/17068\/revisions\/17070"}],"wp:featuredmedia":[{"embeddable":true,"href":"https:\/\/www.visionweb.com.ar\/index.php?rest_route=\/wp\/v2\/media\/17069"}],"wp:attachment":[{"href":"https:\/\/www.visionweb.com.ar\/index.php?rest_route=%2Fwp%2Fv2%2Fmedia&parent=17068"}],"wp:term":[{"taxonomy":"category","embeddable":true,"href":"https:\/\/www.visionweb.com.ar\/index.php?rest_route=%2Fwp%2Fv2%2Fcategories&post=17068"},{"taxonomy":"post_tag","embeddable":true,"href":"https:\/\/www.visionweb.com.ar\/index.php?rest_route=%2Fwp%2Fv2%2Ftags&post=17068"}],"curies":[{"name":"wp","href":"https:\/\/api.w.org\/{rel}","templated":true}]}}