{"id":17044,"date":"2025-01-24T08:16:23","date_gmt":"2025-01-24T11:16:23","guid":{"rendered":"https:\/\/www.visionweb.com.ar\/?p=17044"},"modified":"2025-01-24T08:17:52","modified_gmt":"2025-01-24T11:17:52","slug":"el-gobierno-anuncio-la-eliminacion-de-las-retenciones-para-las-economias-regionales","status":"publish","type":"post","link":"https:\/\/www.visionweb.com.ar\/?p=17044","title":{"rendered":"El Gobierno anunci\u00f3 la eliminaci\u00f3n de las retenciones para las econom\u00edas regionales"},"content":{"rendered":"<p><strong><em>Y la suspensi\u00f3n de los Derechos de Exportaci\u00f3n (DEX) hasta junio para losa cultivos extensivos. Fue en una conferencia de prensa. La medida regir\u00e1 desde el pr\u00f3ximo lunes.<\/em><\/strong><!--more--><\/p>\n<p class=\"description maincolor mainfont\"><img loading=\"lazy\" decoding=\"async\" class=\"size-medium wp-image-17047 alignright\" src=\"https:\/\/www.visionweb.com.ar\/wp-content\/uploads\/2025\/01\/AGRICULTURA-RIO-NEGRO-300x169.png\" alt=\"\" width=\"300\" height=\"169\" srcset=\"https:\/\/www.visionweb.com.ar\/wp-content\/uploads\/2025\/01\/AGRICULTURA-RIO-NEGRO-300x169.png 300w, https:\/\/www.visionweb.com.ar\/wp-content\/uploads\/2025\/01\/AGRICULTURA-RIO-NEGRO.png 640w\" sizes=\"auto, (max-width: 300px) 100vw, 300px\" \/>El Gobierno Nacional anunci\u00f3 que bajar\u00e1 las retenciones a las principales exportaciones del sector agropecuario hasta junio y se eliminar\u00e1n en forma definitiva para las econom\u00edas regionales.<\/p>\n<p>Durante una conferencia de prensa a cargo de Manuel Adorni, el ministro de Econom\u00eda, Luis Caputo y el secretario de Agricultura, Ganader\u00eda y Pesca, Sergio Iraeta, anunciaron la medida.<\/p>\n<p>Durante la misma, Adorni sostuvo que \u00abproducto de la consolidaci\u00f3n del super\u00e1vit financiero que fue posible gracias al esfuerzo de los argentinos y al riguroso plan econ\u00f3mico ortodoxo que aplic\u00f3 el ministro Caputo, el Gobierno bajar\u00e1 las retenciones al campo\u00bb y agreg\u00f3: \u00abSe va a reducir la al\u00edcuota a los principales cultivos y se van a eliminar las retenciones a las econom\u00edas regionales.<\/p>\n<p><img loading=\"lazy\" decoding=\"async\" class=\"size-medium wp-image-17046 alignleft\" src=\"https:\/\/www.visionweb.com.ar\/wp-content\/uploads\/2025\/01\/IMPACTO-DE-LAS-RETENCIONES-300x185.png\" alt=\"\" width=\"300\" height=\"185\" srcset=\"https:\/\/www.visionweb.com.ar\/wp-content\/uploads\/2025\/01\/IMPACTO-DE-LAS-RETENCIONES-300x185.png 300w, https:\/\/www.visionweb.com.ar\/wp-content\/uploads\/2025\/01\/IMPACTO-DE-LAS-RETENCIONES.png 448w\" sizes=\"auto, (max-width: 300px) 100vw, 300px\" \/>Por su parte, Caputo se\u00f1al\u00f3:\u00a0<em>\u00abEntendemos la situaci\u00f3n particular del campo, de la sequ\u00eda, de la ca\u00edda de los precios de los commodities. Me encantar\u00eda eliminarlas a cero, pero no podemos. Vamos a bajar retenciones a los principales cultivos: soja, poroto, trigo, ma\u00edz y girasol, desde el lunes hasta fin de junio\u00bb<\/em><\/p>\n<p>Sin embargo el ministro Caputo se encargo de aclarar que la suspensi\u00f3n de los aranceles para los granos : \u00abNo es una medida permanente porque no tenemos recursos, pero quer\u00edamos darle una se\u00f1al al sector\u00bb.<\/p>\n<p>Es as\u00ed como se bajar\u00e1n de manera temporaria desde el pr\u00f3ximo lunes hasta fines de junio las retenciones a los principales cultivos como la soja (poroto, aceite y harina), que pasar\u00e1 del 33 al 26%. Tambi\u00e9n se reducir\u00e1n los derechos para la exportaci\u00f3n para el trigo, la cebada, el ma\u00edz, el girasol y el sorgo.<\/p>\n<article class=\"article-body article-body--fourth-paragraph content-protected-false\">\n<h4>C\u00f3mo quedar\u00edan las al\u00edcuotas<\/h4>\n<p><strong>Durante la conferencia, el Gobierno detall\u00f3 el nuevo esquema para los cultivos:<\/strong><\/p>\n<\/article>\n<article class=\"article-body article-body--remaining-paragraph content-protected-false\">\n<ul>\n<li>Soja: 33% al 26%<\/li>\n<li>Soja derivados: 31% al 24,5%<\/li>\n<li>Trigo: 12% al 9,5%<\/li>\n<li>Cebada: 12% al 9,5%<\/li>\n<li>Sorgo: 12% al 9,5%<\/li>\n<li>Ma\u00edz: 12% al 9,5%<\/li>\n<li>Girasol: 7% a 5,5%<\/li>\n<\/ul>\n<p>Por otra parte,\u00a0<strong>se eliminar\u00e1n las retenciones a las econom\u00edas regionales<\/strong>, como por ejemplo el\u00a0<strong>az\u00facar y tabaco<\/strong>.<strong>(NAP\/VW)<\/strong><\/p>\n<\/article>\n","protected":false},"excerpt":{"rendered":"<p>Y la suspensi\u00f3n de los Derechos de Exportaci\u00f3n (DEX) hasta junio para losa cultivos extensivos. Fue en una conferencia de prensa. La medida regir\u00e1 desde el pr\u00f3ximo lunes.<\/p>\n","protected":false},"author":3,"featured_media":17047,"comment_status":"closed","ping_status":"closed","sticky":false,"template":"","format":"standard","meta":{"_monsterinsights_skip_tracking":false,"_monsterinsights_sitenote_active":false,"_monsterinsights_sitenote_note":"","_monsterinsights_sitenote_category":0,"footnotes":""},"categories":[6],"tags":[166,5317,6450,66],"class_list":["post-17044","post","type-post","status-publish","format-standard","has-post-thumbnail","hentry","category-economia","tag-anuncio","tag-eliminacion","tag-retenciones","tag-suspension"],"_links":{"self":[{"href":"https:\/\/www.visionweb.com.ar\/index.php?rest_route=\/wp\/v2\/posts\/17044","targetHints":{"allow":["GET"]}}],"collection":[{"href":"https:\/\/www.visionweb.com.ar\/index.php?rest_route=\/wp\/v2\/posts"}],"about":[{"href":"https:\/\/www.visionweb.com.ar\/index.php?rest_route=\/wp\/v2\/types\/post"}],"author":[{"embeddable":true,"href":"https:\/\/www.visionweb.com.ar\/index.php?rest_route=\/wp\/v2\/users\/3"}],"replies":[{"embeddable":true,"href":"https:\/\/www.visionweb.com.ar\/index.php?rest_route=%2Fwp%2Fv2%2Fcomments&post=17044"}],"version-history":[{"count":1,"href":"https:\/\/www.visionweb.com.ar\/index.php?rest_route=\/wp\/v2\/posts\/17044\/revisions"}],"predecessor-version":[{"id":17048,"href":"https:\/\/www.visionweb.com.ar\/index.php?rest_route=\/wp\/v2\/posts\/17044\/revisions\/17048"}],"wp:featuredmedia":[{"embeddable":true,"href":"https:\/\/www.visionweb.com.ar\/index.php?rest_route=\/wp\/v2\/media\/17047"}],"wp:attachment":[{"href":"https:\/\/www.visionweb.com.ar\/index.php?rest_route=%2Fwp%2Fv2%2Fmedia&parent=17044"}],"wp:term":[{"taxonomy":"category","embeddable":true,"href":"https:\/\/www.visionweb.com.ar\/index.php?rest_route=%2Fwp%2Fv2%2Fcategories&post=17044"},{"taxonomy":"post_tag","embeddable":true,"href":"https:\/\/www.visionweb.com.ar\/index.php?rest_route=%2Fwp%2Fv2%2Ftags&post=17044"}],"curies":[{"name":"wp","href":"https:\/\/api.w.org\/{rel}","templated":true}]}}