{"id":17036,"date":"2025-01-24T08:28:40","date_gmt":"2025-01-24T11:28:40","guid":{"rendered":"https:\/\/www.visionweb.com.ar\/?p=17036"},"modified":"2025-01-23T20:33:29","modified_gmt":"2025-01-23T23:33:29","slug":"la-provincia-pagara-un-diferencial-para-docentes-jubilados","status":"publish","type":"post","link":"https:\/\/www.visionweb.com.ar\/?p=17036","title":{"rendered":"La Provincia pagar\u00e1 un diferencial para docentes jubilados"},"content":{"rendered":"<p><em><strong>Se espera que el 30 y 31 de enero las personas jubiladas de cargos docentes agrarios perciban una bonificaci\u00f3n.<\/strong><\/em><!--more--><\/p>\n<p><img loading=\"lazy\" decoding=\"async\" class=\"size-medium wp-image-17037 alignright\" src=\"https:\/\/www.visionweb.com.ar\/wp-content\/uploads\/2025\/01\/DOCENTES-PARITARIAS-300x199.png\" alt=\"\" width=\"300\" height=\"199\" srcset=\"https:\/\/www.visionweb.com.ar\/wp-content\/uploads\/2025\/01\/DOCENTES-PARITARIAS-300x199.png 300w, https:\/\/www.visionweb.com.ar\/wp-content\/uploads\/2025\/01\/DOCENTES-PARITARIAS.png 640w\" sizes=\"auto, (max-width: 300px) 100vw, 300px\" \/>A la espera de una convocatoria a paritarias para empezar a discutir los aumentos de sueldos para este inicio de a\u00f1o, el Gobierno bonaerense confirm\u00f3 el pago de diferencias salariales a jubilados de cargos docentes agrarios.<\/p>\n<p>As\u00ed lo anunci\u00f3 el Frente de Unidad Docente Bonaerense (FUDB) que integran los gremios AMTE, FEB, SADOP, SUTEBA y UDOCBA, que informaron que se trata de \u201cun logro paritario\u201d que ven\u00eda \u201ctrabaj\u00e1ndose hace a\u00f1os\u201d.<\/p>\n<p>Seg\u00fan destacaron en un comunicado, se espera que el 30 y 31 de enero las personas jubiladas de cargos docentes agrarios perciban una bonificaci\u00f3n (que va a figurar como AGRA RESI75 en el recibo de sueldo) retroactiva a noviembre. La iniciativa alcanza a preceptores, jefes de preceptores, preceptores residentes y residentes de escuelas agrarias.<\/p>\n<p>\u201cEs un importante logro para la Educaci\u00f3n Agraria despu\u00e9s de varios a\u00f1os de lucha y persistencia del FUDB\u201d, aseguraron los gremios. <strong>(VW)<\/strong><\/p>\n","protected":false},"excerpt":{"rendered":"<p>Se espera que el 30 y 31 de enero las personas jubiladas de cargos docentes agrarios perciban una bonificaci\u00f3n.<\/p>\n","protected":false},"author":3,"featured_media":17037,"comment_status":"closed","ping_status":"closed","sticky":false,"template":"","format":"standard","meta":{"_monsterinsights_skip_tracking":false,"_monsterinsights_sitenote_active":false,"_monsterinsights_sitenote_note":"","_monsterinsights_sitenote_category":0,"footnotes":""},"categories":[7],"tags":[1804,410,569],"class_list":["post-17036","post","type-post","status-publish","format-standard","has-post-thumbnail","hentry","category-educacion-y-cultura","tag-ajuste","tag-docentes","tag-jubilados"],"_links":{"self":[{"href":"https:\/\/www.visionweb.com.ar\/index.php?rest_route=\/wp\/v2\/posts\/17036","targetHints":{"allow":["GET"]}}],"collection":[{"href":"https:\/\/www.visionweb.com.ar\/index.php?rest_route=\/wp\/v2\/posts"}],"about":[{"href":"https:\/\/www.visionweb.com.ar\/index.php?rest_route=\/wp\/v2\/types\/post"}],"author":[{"embeddable":true,"href":"https:\/\/www.visionweb.com.ar\/index.php?rest_route=\/wp\/v2\/users\/3"}],"replies":[{"embeddable":true,"href":"https:\/\/www.visionweb.com.ar\/index.php?rest_route=%2Fwp%2Fv2%2Fcomments&post=17036"}],"version-history":[{"count":1,"href":"https:\/\/www.visionweb.com.ar\/index.php?rest_route=\/wp\/v2\/posts\/17036\/revisions"}],"predecessor-version":[{"id":17038,"href":"https:\/\/www.visionweb.com.ar\/index.php?rest_route=\/wp\/v2\/posts\/17036\/revisions\/17038"}],"wp:featuredmedia":[{"embeddable":true,"href":"https:\/\/www.visionweb.com.ar\/index.php?rest_route=\/wp\/v2\/media\/17037"}],"wp:attachment":[{"href":"https:\/\/www.visionweb.com.ar\/index.php?rest_route=%2Fwp%2Fv2%2Fmedia&parent=17036"}],"wp:term":[{"taxonomy":"category","embeddable":true,"href":"https:\/\/www.visionweb.com.ar\/index.php?rest_route=%2Fwp%2Fv2%2Fcategories&post=17036"},{"taxonomy":"post_tag","embeddable":true,"href":"https:\/\/www.visionweb.com.ar\/index.php?rest_route=%2Fwp%2Fv2%2Ftags&post=17036"}],"curies":[{"name":"wp","href":"https:\/\/api.w.org\/{rel}","templated":true}]}}