{"id":17031,"date":"2025-01-23T11:37:55","date_gmt":"2025-01-23T14:37:55","guid":{"rendered":"https:\/\/www.visionweb.com.ar\/?p=17031"},"modified":"2025-01-23T11:37:55","modified_gmt":"2025-01-23T14:37:55","slug":"el-gobierno-de-la-ciudad-incorporara-mas-de-200-vagones-de-subte","status":"publish","type":"post","link":"https:\/\/www.visionweb.com.ar\/?p=17031","title":{"rendered":"El gobierno de la Ciudad incorporar\u00e1 m\u00e1s de 200 vagones de subte"},"content":{"rendered":"<p><em><strong>Ademas, anunci\u00f3 la puesta en marcha la primera l\u00ednea de transportes colectivos el\u00e9ctricos. LA primera etapa unir\u00e1 la Plaza San Mart\u00edn con el Parque Lezama.<\/strong><\/em><!--more--><\/p>\n<p><img loading=\"lazy\" decoding=\"async\" class=\"size-medium wp-image-17032 alignright\" src=\"https:\/\/www.visionweb.com.ar\/wp-content\/uploads\/2025\/01\/SUBTES-RENOVACION-300x200.png\" alt=\"\" width=\"300\" height=\"200\" srcset=\"https:\/\/www.visionweb.com.ar\/wp-content\/uploads\/2025\/01\/SUBTES-RENOVACION-300x200.png 300w, https:\/\/www.visionweb.com.ar\/wp-content\/uploads\/2025\/01\/SUBTES-RENOVACION.png 640w\" sizes=\"auto, (max-width: 300px) 100vw, 300px\" \/>El Gobierno de la Ciudad de Buenos Aires tiene previsto incorporar 214 nuevos coches para el servicio de subterr\u00e1neos y comenzar\u00e1 con las obras de puesta en valor del Pre Metro.<\/p>\n<p>As\u00ed lo asegur\u00f3 el Jefe de Gobierno Porte\u00f1o, Jorge Macri al anunciar \u00a0el nuevo Sistema Integrado de Movilidad Urbana, una transformaci\u00f3n que responde a las necesidades de tres millones de porte\u00f1os y de otros tres millones de personas que llegan diariamente a la Ciudad\u00bb.<\/p>\n<p>\u201cQueremos estar entre las 10 mejores ciudades del mundo en materia de movilidad. Por eso la estamos transformando con obras estrat\u00e9gicas y la implementaci\u00f3n de nuevas tecnolog\u00edas. Buscamos un futuro m\u00e1s conectado, \u00e1gil y eficiente. Tener un sistema de movilidad moderno, integrado e interconectado, que sirva para moverse mejor por toda la Ciudad, sin complicaciones, sin perder tiempo y con m\u00e1s libertad es nuestro principal objetivo\u00bb, puntualiz\u00f3.<\/p>\n<p>En ese sentido, Macri anunci\u00f3 el cambio de denominaci\u00f2n de la cartera de Transporte que pasar\u00e1 a llamarse Ministerio de Movilidad.<\/p>\n<p>El objetivo de la cartera es trabajar en un redise\u00f1o de toda la circulaci\u00f3n que integra, adem\u00e1s del ordenamiento del tr\u00e1nsito, las 31 l\u00edneas de Colectivos de la Ciudad, las autopistas, la red de 311 kil\u00f3metros de ciclov\u00edas, que se est\u00e1 mejorando y donde se hacen 500 mil viajes todos los d\u00edas; los 17 mil taxis que componen la flota porte\u00f1a; el Metrobus, Premetro y Subte.<\/p>\n<p>Jorge Macri dio detalles del nuevo sistema que se inscribe en el marco de la Agenda 2025 Buenos Aires Primero, en una conferencia de prensa en los talleres de la l\u00ednea H de subte, en Parque Patricios, junto al ministro Pablo Bereciartua y la vocera institucional del Gobierno, Laura Alonso.<\/p>\n<p><strong>Renovaci\u00f3n de la red de subtes y del Premetro<\/strong><\/p>\n<p>La Ciudad contin\u00faa trabajando para mejorar la calidad, la frecuencia y la regularidad del servicio de subterr\u00e1neos. Con ese objetivo, se est\u00e1 licitando la compra de 174 vagones de subte para renovar la totalidad de la l\u00ednea B, y otros 40 para las l\u00edneas A y C, todos con aire acondicionado. \u201cEs la inversi\u00f3n m\u00e1s importante que ha hecho la Ciudad de Buenos Aires en los \u00faltimos siete a\u00f1os, con una inversi\u00f3n de 370 millones de d\u00f3lares\u201d, explic\u00f3 Jorge Macri.<\/p>\n<p>Adem\u00e1s, continuar\u00e1n las obras de infraestructura y modernizaci\u00f3n de estaciones, de las cuales ya se han finalizado siete, otras cuatro se encuentran en curso (Scalabrini Ortiz y Palermo de la l\u00ednea D, Pueyrred\u00f3n de la B y Lima en la A) y hay m\u00e1s de 10 proyectadas para este a\u00f1o.<\/p>\n<p>En materia de sistemas de pagos, la Ciudad fue la primera en terminar con el monopolio de la tarjeta SUBE. El multipago ya lleva m\u00e1s de dos millones de viajes y se seguir\u00e1 reforzando el libre uso de diferentes medios como tarjetas bancarias o tel\u00e9fonos celulares, una modalidad que ya suma m\u00e1s de dos millones de viajes.<\/p>\n<p>La puesta en valor del Premetro es parte del compromiso para desarrollar la zona sur de la Ciudad. Est\u00e1 previsto conectar en un recorrido circular las cabeceras Centro C\u00edvico Lugano y General Savio, lo que permitir\u00e1 una reducci\u00f3n de hasta un 50% en los tiempos de viaje. Y se est\u00e1 renovando la totalidad de las 18 estaciones de la red e incorporando este a\u00f1o tres nuevas<strong>(VW)<\/strong>.<\/p>\n<p>&nbsp;<\/p>\n","protected":false},"excerpt":{"rendered":"<p>Ademas, anunci\u00f3 la puesta en marcha la primera l\u00ednea de transportes colectivos el\u00e9ctricos. LA primera etapa unir\u00e1 la Plaza San Mart\u00edn con el Parque Lezama.<\/p>\n","protected":false},"author":3,"featured_media":17032,"comment_status":"closed","ping_status":"closed","sticky":false,"template":"","format":"standard","meta":{"_monsterinsights_skip_tracking":false,"_monsterinsights_sitenote_active":false,"_monsterinsights_sitenote_note":"","_monsterinsights_sitenote_category":0,"footnotes":""},"categories":[8],"tags":[1699,2743,502,7217,3280],"class_list":["post-17031","post","type-post","status-publish","format-standard","has-post-thumbnail","hentry","category-interes-general","tag-ciudad","tag-electrico","tag-macri","tag-metro","tag-vagones"],"_links":{"self":[{"href":"https:\/\/www.visionweb.com.ar\/index.php?rest_route=\/wp\/v2\/posts\/17031","targetHints":{"allow":["GET"]}}],"collection":[{"href":"https:\/\/www.visionweb.com.ar\/index.php?rest_route=\/wp\/v2\/posts"}],"about":[{"href":"https:\/\/www.visionweb.com.ar\/index.php?rest_route=\/wp\/v2\/types\/post"}],"author":[{"embeddable":true,"href":"https:\/\/www.visionweb.com.ar\/index.php?rest_route=\/wp\/v2\/users\/3"}],"replies":[{"embeddable":true,"href":"https:\/\/www.visionweb.com.ar\/index.php?rest_route=%2Fwp%2Fv2%2Fcomments&post=17031"}],"version-history":[{"count":1,"href":"https:\/\/www.visionweb.com.ar\/index.php?rest_route=\/wp\/v2\/posts\/17031\/revisions"}],"predecessor-version":[{"id":17033,"href":"https:\/\/www.visionweb.com.ar\/index.php?rest_route=\/wp\/v2\/posts\/17031\/revisions\/17033"}],"wp:featuredmedia":[{"embeddable":true,"href":"https:\/\/www.visionweb.com.ar\/index.php?rest_route=\/wp\/v2\/media\/17032"}],"wp:attachment":[{"href":"https:\/\/www.visionweb.com.ar\/index.php?rest_route=%2Fwp%2Fv2%2Fmedia&parent=17031"}],"wp:term":[{"taxonomy":"category","embeddable":true,"href":"https:\/\/www.visionweb.com.ar\/index.php?rest_route=%2Fwp%2Fv2%2Fcategories&post=17031"},{"taxonomy":"post_tag","embeddable":true,"href":"https:\/\/www.visionweb.com.ar\/index.php?rest_route=%2Fwp%2Fv2%2Ftags&post=17031"}],"curies":[{"name":"wp","href":"https:\/\/api.w.org\/{rel}","templated":true}]}}