{"id":17024,"date":"2025-01-22T09:22:51","date_gmt":"2025-01-22T12:22:51","guid":{"rendered":"https:\/\/www.visionweb.com.ar\/?p=17024"},"modified":"2025-01-22T09:22:51","modified_gmt":"2025-01-22T12:22:51","slug":"habra-paro-de-trenes","status":"publish","type":"post","link":"https:\/\/www.visionweb.com.ar\/?p=17024","title":{"rendered":"Habr\u00e1 paro de trenes"},"content":{"rendered":"<p><strong><em>Ser\u00e1 el 28 de enero, tras el fracaso de las negociaciones con el Gobierno. Se extender\u00e1 entre las 9 y las 17 horas. El gobierno no declarar\u00e1 la conciliaci\u00f3n obligatgoria.<\/em><\/strong> <!--more--><\/p>\n<p><img loading=\"lazy\" decoding=\"async\" class=\"size-medium wp-image-16593 alignright\" src=\"https:\/\/www.visionweb.com.ar\/wp-content\/uploads\/2024\/12\/trenes-caos-300x182.png\" alt=\"\" width=\"300\" height=\"182\" srcset=\"https:\/\/www.visionweb.com.ar\/wp-content\/uploads\/2024\/12\/trenes-caos-300x182.png 300w, https:\/\/www.visionweb.com.ar\/wp-content\/uploads\/2024\/12\/trenes-caos.png 547w\" sizes=\"auto, (max-width: 300px) 100vw, 300px\" \/>El sindicato La Fraternidad, que representa a los conductores de trenes, anunci\u00f3 este martes una paro nacional programado para el pr\u00f3ximo 28 de enero como parte de sus reclamos salariales.<\/p>\n<p>La medida, que se desarrollar\u00e1 entre las 9 y las 17, afectar\u00e1 los servicios ferroviarios en todo el pa\u00eds, seg\u00fan inform\u00f3 el gremio en un comunicado oficial.<\/p>\n<p>\u201cEn la reuni\u00f3n celebrada hoy ( por el marte), el Secretariado Nacional decidi\u00f3, debido a la falta de respuestas reiteradas en las negociaciones salariales por parte del Gobierno, las empresas involucradas y las concesionarias, convocar a un plenario urgente de representantes gremiales de todos los ferrocarriles\u201d, se\u00f1al\u00f3 el sindicato.<\/p>\n<p>Este encuentro se llevar\u00e1 a cabo el 28 de enero a las 11 en el teatro Empire, propiedad del sindicato.<\/p>\n<p>Como parte de la protesta, explic\u00f3 el gremio, las actividades ser\u00e1n interrumpidas desde las 9 hasta las 17 del mismo d\u00eda, impactando todos los servicios ferroviarios a nivel nacional.<strong>(VW)<\/strong><\/p>\n","protected":false},"excerpt":{"rendered":"<p>Ser\u00e1 el 28 de enero, tras el fracaso de las negociaciones con el Gobierno. Se extender\u00e1 entre las 9 y las 17 horas. El gobierno no declarar\u00e1 la conciliaci\u00f3n obligatgoria.<\/p>\n","protected":false},"author":3,"featured_media":16593,"comment_status":"closed","ping_status":"closed","sticky":false,"template":"","format":"standard","meta":{"_monsterinsights_skip_tracking":false,"_monsterinsights_sitenote_active":false,"_monsterinsights_sitenote_note":"","_monsterinsights_sitenote_category":0,"footnotes":""},"categories":[8],"tags":[5682,7214,7215,252],"class_list":["post-17024","post","type-post","status-publish","format-standard","has-post-thumbnail","hentry","category-interes-general","tag-fraternidad","tag-maquinistas","tag-martes","tag-paro"],"_links":{"self":[{"href":"https:\/\/www.visionweb.com.ar\/index.php?rest_route=\/wp\/v2\/posts\/17024","targetHints":{"allow":["GET"]}}],"collection":[{"href":"https:\/\/www.visionweb.com.ar\/index.php?rest_route=\/wp\/v2\/posts"}],"about":[{"href":"https:\/\/www.visionweb.com.ar\/index.php?rest_route=\/wp\/v2\/types\/post"}],"author":[{"embeddable":true,"href":"https:\/\/www.visionweb.com.ar\/index.php?rest_route=\/wp\/v2\/users\/3"}],"replies":[{"embeddable":true,"href":"https:\/\/www.visionweb.com.ar\/index.php?rest_route=%2Fwp%2Fv2%2Fcomments&post=17024"}],"version-history":[{"count":1,"href":"https:\/\/www.visionweb.com.ar\/index.php?rest_route=\/wp\/v2\/posts\/17024\/revisions"}],"predecessor-version":[{"id":17025,"href":"https:\/\/www.visionweb.com.ar\/index.php?rest_route=\/wp\/v2\/posts\/17024\/revisions\/17025"}],"wp:featuredmedia":[{"embeddable":true,"href":"https:\/\/www.visionweb.com.ar\/index.php?rest_route=\/wp\/v2\/media\/16593"}],"wp:attachment":[{"href":"https:\/\/www.visionweb.com.ar\/index.php?rest_route=%2Fwp%2Fv2%2Fmedia&parent=17024"}],"wp:term":[{"taxonomy":"category","embeddable":true,"href":"https:\/\/www.visionweb.com.ar\/index.php?rest_route=%2Fwp%2Fv2%2Fcategories&post=17024"},{"taxonomy":"post_tag","embeddable":true,"href":"https:\/\/www.visionweb.com.ar\/index.php?rest_route=%2Fwp%2Fv2%2Ftags&post=17024"}],"curies":[{"name":"wp","href":"https:\/\/api.w.org\/{rel}","templated":true}]}}