{"id":17016,"date":"2025-01-21T09:30:54","date_gmt":"2025-01-21T12:30:54","guid":{"rendered":"https:\/\/www.visionweb.com.ar\/?p=17016"},"modified":"2025-01-20T20:59:56","modified_gmt":"2025-01-20T23:59:56","slug":"provincia-y-ciudad-abrieron-una-mesa-de-dialogo-por-la-inseguridad-en-el-amba","status":"publish","type":"post","link":"https:\/\/www.visionweb.com.ar\/?p=17016","title":{"rendered":"Provincia y Ciudad abrieron una mesa de di\u00e1logo por la inseguridad en el AMBA"},"content":{"rendered":"<p><em><strong>Los ministros de Seguridad Javier Alonso y Waldo Wolff se juntaron en La Matanza en medio de las tensiones entre ambas administraciones.<\/strong><\/em><!--more--><\/p>\n<p><img loading=\"lazy\" decoding=\"async\" class=\"size-medium wp-image-5160 alignright\" src=\"https:\/\/www.visionweb.com.ar\/wp-content\/uploads\/2022\/04\/PLAN-DE-SEGURIDAD-LANUS-300x212.jpg\" alt=\"\" width=\"300\" height=\"212\" srcset=\"https:\/\/www.visionweb.com.ar\/wp-content\/uploads\/2022\/04\/PLAN-DE-SEGURIDAD-LANUS-300x212.jpg 300w, https:\/\/www.visionweb.com.ar\/wp-content\/uploads\/2022\/04\/PLAN-DE-SEGURIDAD-LANUS.jpg 576w\" sizes=\"auto, (max-width: 300px) 100vw, 300px\" \/>Tras una serie de\u00a0<a href=\"https:\/\/dib.com.ar\/2025\/01\/el-conurbano-volvio-a-estar-en-la-mira-por-la-inseguridad\/\">hechos de inseguridad que sacudieron a la zona oeste del Gran Buenos Aires<\/a>,\u00a0<strong>el ministro de Seguridad bonaerense, Javier Alonso<\/strong>,\u00a0se reuni\u00f3 este lunes con\u00a0<strong>su par porte\u00f1o, Waldo Wolff<\/strong>, para avanzar en una coordinaci\u00f3n conjunta para buscar una soluci\u00f3n a la problem\u00e1tica.<\/p>\n<p>La cita, que no fue muy extensa ni se tomaron decisiones de fondo, se dio a partir de un\u00a0<a href=\"https:\/\/dib.com.ar\/2025\/01\/macri-y-kicillof-coordinaron-una-reunion-para-este-lunes-por-la-inseguridad-esto-se-tiene-que-terminar-ya\/\">llamado de Jorge Macri a Axel Kicillof<\/a>\u00a0por los recurrentes ataques ocurridos en territorio bonaerense que tienen como v\u00edctimas a efectivos de la Polic\u00eda de la Ciudad.<\/p>\n<p><strong>Tras la reuni\u00f3n en el comando de Puente 12 de la Polic\u00eda Bonaerense en La Matanza, Wolff anunci\u00f3 que ambas partes alcanzaron un compromiso para \u201carmar una mesa de trabajo que aborde la problem\u00e1tica que sufre la ciudadan\u00eda en general<\/strong>. All\u00ed acercaremos propuestas que apunten a fortalecer la tem\u00e1tica\u201d.<\/p>\n<p>En un posteo en la red social X, el funcionario de Macri agreg\u00f3 que el compromiso de su equipo apunta a \u201ctrabajar para resolver los problemas cotidianos que sufre la gente, sin importar territorio, color pol\u00edtico o afiliaci\u00f3n partidaria\u201d.<\/p>\n<p>Por su parte, Alonso, quien d\u00edas previo\u00a0<a href=\"https:\/\/dib.com.ar\/2025\/01\/alonso-contesto-las-criticas-de-macri-por-la-inseguridad-buscan-fuegos-artificiales\/\">hab\u00eda apuntado contra la gesti\u00f3n Macri<\/a>,\u00a0<strong>confirm\u00f3 la realizaci\u00f3n de una \u201cimportante mesa de seguridad\u201d y cont\u00f3 que se evaluaron \u201cavances estrat\u00e9gicos en seguridad para el AMBA y nuevas medidas de seguridad a implementar\u201d.<\/strong><\/p>\n<p>Horas antes del encuentro, los cruces se hab\u00edan agudizado. \u201cTengo una buena relaci\u00f3n con Javier Alonso, t\u00e9cnica, pero ac\u00e1 hay diferencias pol\u00edticas.<strong>\u00a0Hay una decisi\u00f3n pol\u00edtica nuestra de sacar los piquetes,\u00a0en la Provincia tienen otras decisiones pol\u00edticas<\/strong>. Estamos separados por una avenida y no puede de un lado de la avenida un polic\u00eda tener dos a\u00f1os de formaci\u00f3n y del otro lado nueve meses. De un lado tener a toda polic\u00eda geolocalizada, en la Ciudad y del otro no\u201d, enumer\u00f3 Wolff.<\/p>\n<p>\u201cLos l\u00edmites que ponemos los pol\u00edticos no son los de los delincuentes y cuando los delincuentes ven eso se aprovechan.<strong>\u00a0En el mapa del delito vemos que los mayores delitos en la Ciudad se cometen en el l\u00edmite con la Provincia porque entran, cometen sus delitos porque all\u00ed tienen un trato mucho m\u00e1s laxo\u201d, a\u00f1adi\u00f3 Wolff.<\/strong><\/p>\n<p>Frente a esto, Alonso recogi\u00f3 el guante y antes de la cumbre en La Matanza, respondi\u00f3: \u201cSi ellos quieren sumarse al trabajo serio, bienvenido sea. Tenemos diferencias ideol\u00f3gicas que tenemos con el Ministerio de Seguridad de la Naci\u00f3n. Sin embargo, hemos avanzado mucho en la construcci\u00f3n de equipos conjuntos donde compartimos inteligencia criminal, donde combatimos el narcotr\u00e1fico\u201d.<strong>\u00a0\u201cLa buena predisposici\u00f3n para trabajar la tenemos. Ahora, para chicanas no\u201d, acot\u00f3 el ministro bonaerense a El Destape Radio.<\/strong><\/p>\n<p><a href=\"https:\/\/dib.com.ar\/2025\/01\/alonso-macri-intenta-disimular-las-fallas-de-su-gestion-lavando-su-ropa-con-la-provincia\/\">Ya durante la tarde, despu\u00e9s del encuentro,\u00a0<strong>Alonso volvi\u00f3 a la carga contra la gesti\u00f3n de la Ciudad.\u00a0<\/strong><\/a>\u201cEn repetidas ocasiones, el jefe de Gobierno porte\u00f1o,\u00a0<strong>Jorge Macri, ha intentado disimular las fallas de su gesti\u00f3n lavando su ropa con la provincia de Buenos Aires<\/strong>. Los problemas pol\u00edticos internos, la inseguridad agravada por fugas de presos, y la suciedad que invade las calles porte\u00f1as se maquillan con estrategias superficiales, como si un perfume pudiera ocultar la falta de soluciones reales para los vecinos\u201d, escribi\u00f3 Alonso en un extenso hilo en la red social X.<strong>(VW)<\/strong><\/p>\n<p>Fuente: Agencia DIB<\/p>\n","protected":false},"excerpt":{"rendered":"<p>Los ministros de Seguridad Javier Alonso y Waldo Wolff se juntaron en La Matanza en medio de las tensiones entre ambas administraciones.<\/p>\n","protected":false},"author":3,"featured_media":5160,"comment_status":"closed","ping_status":"closed","sticky":false,"template":"","format":"standard","meta":{"_monsterinsights_skip_tracking":false,"_monsterinsights_sitenote_active":false,"_monsterinsights_sitenote_note":"","_monsterinsights_sitenote_category":0,"footnotes":""},"categories":[8],"tags":[],"class_list":["post-17016","post","type-post","status-publish","format-standard","has-post-thumbnail","hentry","category-interes-general"],"_links":{"self":[{"href":"https:\/\/www.visionweb.com.ar\/index.php?rest_route=\/wp\/v2\/posts\/17016","targetHints":{"allow":["GET"]}}],"collection":[{"href":"https:\/\/www.visionweb.com.ar\/index.php?rest_route=\/wp\/v2\/posts"}],"about":[{"href":"https:\/\/www.visionweb.com.ar\/index.php?rest_route=\/wp\/v2\/types\/post"}],"author":[{"embeddable":true,"href":"https:\/\/www.visionweb.com.ar\/index.php?rest_route=\/wp\/v2\/users\/3"}],"replies":[{"embeddable":true,"href":"https:\/\/www.visionweb.com.ar\/index.php?rest_route=%2Fwp%2Fv2%2Fcomments&post=17016"}],"version-history":[{"count":1,"href":"https:\/\/www.visionweb.com.ar\/index.php?rest_route=\/wp\/v2\/posts\/17016\/revisions"}],"predecessor-version":[{"id":17017,"href":"https:\/\/www.visionweb.com.ar\/index.php?rest_route=\/wp\/v2\/posts\/17016\/revisions\/17017"}],"wp:featuredmedia":[{"embeddable":true,"href":"https:\/\/www.visionweb.com.ar\/index.php?rest_route=\/wp\/v2\/media\/5160"}],"wp:attachment":[{"href":"https:\/\/www.visionweb.com.ar\/index.php?rest_route=%2Fwp%2Fv2%2Fmedia&parent=17016"}],"wp:term":[{"taxonomy":"category","embeddable":true,"href":"https:\/\/www.visionweb.com.ar\/index.php?rest_route=%2Fwp%2Fv2%2Fcategories&post=17016"},{"taxonomy":"post_tag","embeddable":true,"href":"https:\/\/www.visionweb.com.ar\/index.php?rest_route=%2Fwp%2Fv2%2Ftags&post=17016"}],"curies":[{"name":"wp","href":"https:\/\/api.w.org\/{rel}","templated":true}]}}