{"id":17002,"date":"2025-01-20T10:42:46","date_gmt":"2025-01-20T13:42:46","guid":{"rendered":"https:\/\/www.visionweb.com.ar\/?p=17002"},"modified":"2025-01-20T10:42:46","modified_gmt":"2025-01-20T13:42:46","slug":"la-red-de-refugios-climaticos-esta-en-las-15-comunas-para-descansar-de-las-altas-temperaturas","status":"publish","type":"post","link":"https:\/\/www.visionweb.com.ar\/?p=17002","title":{"rendered":"La Red de Refugios Clim\u00e1ticos est\u00e1 en las 15 comunas para descansar de las altas temperaturas"},"content":{"rendered":"<p><em><strong>Los vecinos de la Ciudad podr\u00e1n protegerse moment\u00e1neamente del calor en 64 espacios de la Ciudad de Buenos Aires.<\/strong><\/em><!--more--><\/p>\n<p dir=\"ltr\"><img loading=\"lazy\" decoding=\"async\" class=\"size-medium wp-image-17003 alignright\" src=\"https:\/\/www.visionweb.com.ar\/wp-content\/uploads\/2025\/01\/ESPACIOS-DE-REFUGIOS-300x169.png\" alt=\"\" width=\"300\" height=\"169\" srcset=\"https:\/\/www.visionweb.com.ar\/wp-content\/uploads\/2025\/01\/ESPACIOS-DE-REFUGIOS-300x169.png 300w, https:\/\/www.visionweb.com.ar\/wp-content\/uploads\/2025\/01\/ESPACIOS-DE-REFUGIOS.png 640w\" sizes=\"auto, (max-width: 300px) 100vw, 300px\" \/>La\u00a0<a href=\"https:\/\/buenosaires.gob.ar\/jefedegobierno\/vicejefatura\/ambiente\" target=\"_blank\" rel=\"noopener\">Subsecretar\u00eda de Ambiente<\/a>\u00a0<strong>inaugur\u00f3 la temporada 2024 \u2013 2025<\/strong>\u00a0de los\u00a0<strong><a href=\"https:\/\/buenosaires.gob.ar\/adaptacion\/red-de-refugios-climaticos-de-la-ciudad-de-buenos-aires\" target=\"_blank\" rel=\"noopener\">Refugios Clim\u00e1ticos<\/a>\u00a0en la Ciudad<\/strong>.\u00a0 Estos espacios son una estrategia de adaptaci\u00f3n frente a altas temperaturas y olas de calor.<\/p>\n<p dir=\"ltr\">La red est\u00e1 compuesta por 64 espacios que le brindan a la poblaci\u00f3n un lugar confortable y fresco durante eventos de altas temperaturas.<\/p>\n<p dir=\"ltr\">Pueden ser espacios cerrados (escuelas, bibliotecas, centros comunitarios o centros comerciales, con aire acondicionado o que naturalmente presentan temperaturas m\u00e1s confortables que en el exterior) y tambi\u00e9n espacios abiertos que cuenten con sombra y\/o elevada presencia de infraestructura verde urbana (parques y plazas).<\/p>\n<p dir=\"ltr\">Es importante tener en cuenta que no son espacios de cuidado ni de asistencia m\u00e9dica. En caso de que una persona se sienta mal es necesario comunicarse con un servicio de salud<\/p>\n<p dir=\"ltr\">La Red de Refugios Clim\u00e1ticos est\u00e1 conformada por 64 lugares ubicados en las 15 Comunas en donde los vecinos pueden ingresar para descansar y recuperarse del calor de la calle antes de seguir con sus actividades.<\/p>\n<p dir=\"ltr\">La presentaci\u00f3n de la temporada 2024\/25 se llev\u00f3 a cabo en el\u00a0<a href=\"https:\/\/buenosaires.gob.ar\/vicejefatura\/ambiente\/jardin-botanico\" target=\"_blank\" rel=\"noopener\">Jard\u00edn Bot\u00e1nico Caros Thays<\/a>, el primer refugio clim\u00e1tico de la Red.<\/p>\n<p dir=\"ltr\">Del encuentro participaron\u00a0<a href=\"https:\/\/buenosaires.gob.ar\/subsecretaria-de-ambiente\" target=\"_blank\" rel=\"noopener\">Natalia Persini<\/a>\u00a0(Subsecretaria de Ambiente),\u00a0<a href=\"https:\/\/buenosaires.gob.ar\/subsecretaria-de-ambiente\/direccion-general-de-areas-de-conservacion-y-restauracion-ambiental\" target=\"_blank\" rel=\"noopener\">Ignacio Su\u00e1rez de la Rosa<\/a>\u00a0(Director General de \u00c1reas de Conservaci\u00f3n y Restauraci\u00f3n Ecol\u00f3gica,\u00a0la\u00a0<a href=\"https:\/\/buenosaires.gob.ar\/vicejefatura\/ambiente\/politicas-y-estrategias-ambientales\" target=\"_blank\" rel=\"noopener\">Direcci\u00f3n General de Pol\u00edtica y Estrategia Ambiental<\/a>\u00a0y algunos integrantes del Centro de Jubilados Viajemos con Alegr\u00eda.<\/p>\n<p dir=\"ltr\">Por otro lado,\u00a0<strong>se llev\u00f3 a cabo la actividad \u201cMemorias clim\u00e1ticas\u201d en mesas de trabajo con los invitados, con el objetivo de fomentar la reflexi\u00f3n sobre la necesidad de adaptarnos al cambio clim\u00e1tico<\/strong>\u00a0y dar a conocer las medidas de adaptaci\u00f3n que se est\u00e1n implementando para mitigar y prevenir sus impactos.<\/p>\n<p dir=\"ltr\">Los participantes tambi\u00e9n conocieron las estaciones meteorol\u00f3gicas con las que cuenta el Jard\u00edn Bot\u00e1nico y recibieron informaci\u00f3n acerca de su funcionamiento.<\/p>\n<p dir=\"ltr\">El mapa de la Red de Refugios Clim\u00e1ticos de la Ciudad, se encuentra disponible en la\u00a0<a href=\"https:\/\/buenosaires.gob.ar\/adaptacion\/red-de-refugios-climaticos-de-la-ciudad-de-buenos-aires\" target=\"_blank\" rel=\"noopener\">web de Cambio Clim\u00e1tico del GCBA<\/a>\u00a0o trav\u00e9s del\u00a0<a href=\"https:\/\/api.whatsapp.com\/send?phone=5491150500147&amp;text=Hola%20%F0%9F%91%8B&amp;source=&amp;data=\" target=\"_blank\" rel=\"noopener\">chat con Boti (11-5050-0147)<\/a>. Tambi\u00e9n se encuentra en Google Maps tipeando en la b\u00fasqueda\u00a0<em>\u201crefugios clim\u00e1ticos\u201d<\/em><strong>(VW)<\/strong><\/p>\n<p dir=\"ltr\">\n<p dir=\"ltr\">\n","protected":false},"excerpt":{"rendered":"<p>Los vecinos de la Ciudad podr\u00e1n protegerse moment\u00e1neamente del calor en 64 espacios de la Ciudad de Buenos Aires.<\/p>\n","protected":false},"author":3,"featured_media":17003,"comment_status":"closed","ping_status":"closed","sticky":false,"template":"","format":"standard","meta":{"_monsterinsights_skip_tracking":false,"_monsterinsights_sitenote_active":false,"_monsterinsights_sitenote_note":"","_monsterinsights_sitenote_category":0,"footnotes":""},"categories":[8,5],"tags":[330,7207,2402,1633],"class_list":["post-17002","post","type-post","status-publish","format-standard","has-post-thumbnail","hentry","category-interes-general","category-sociedad","tag-caba","tag-espacios","tag-refugios","tag-temperaturas"],"_links":{"self":[{"href":"https:\/\/www.visionweb.com.ar\/index.php?rest_route=\/wp\/v2\/posts\/17002","targetHints":{"allow":["GET"]}}],"collection":[{"href":"https:\/\/www.visionweb.com.ar\/index.php?rest_route=\/wp\/v2\/posts"}],"about":[{"href":"https:\/\/www.visionweb.com.ar\/index.php?rest_route=\/wp\/v2\/types\/post"}],"author":[{"embeddable":true,"href":"https:\/\/www.visionweb.com.ar\/index.php?rest_route=\/wp\/v2\/users\/3"}],"replies":[{"embeddable":true,"href":"https:\/\/www.visionweb.com.ar\/index.php?rest_route=%2Fwp%2Fv2%2Fcomments&post=17002"}],"version-history":[{"count":1,"href":"https:\/\/www.visionweb.com.ar\/index.php?rest_route=\/wp\/v2\/posts\/17002\/revisions"}],"predecessor-version":[{"id":17004,"href":"https:\/\/www.visionweb.com.ar\/index.php?rest_route=\/wp\/v2\/posts\/17002\/revisions\/17004"}],"wp:featuredmedia":[{"embeddable":true,"href":"https:\/\/www.visionweb.com.ar\/index.php?rest_route=\/wp\/v2\/media\/17003"}],"wp:attachment":[{"href":"https:\/\/www.visionweb.com.ar\/index.php?rest_route=%2Fwp%2Fv2%2Fmedia&parent=17002"}],"wp:term":[{"taxonomy":"category","embeddable":true,"href":"https:\/\/www.visionweb.com.ar\/index.php?rest_route=%2Fwp%2Fv2%2Fcategories&post=17002"},{"taxonomy":"post_tag","embeddable":true,"href":"https:\/\/www.visionweb.com.ar\/index.php?rest_route=%2Fwp%2Fv2%2Ftags&post=17002"}],"curies":[{"name":"wp","href":"https:\/\/api.w.org\/{rel}","templated":true}]}}