{"id":16997,"date":"2025-01-20T08:17:46","date_gmt":"2025-01-20T11:17:46","guid":{"rendered":"https:\/\/www.visionweb.com.ar\/?p=16997"},"modified":"2025-01-20T08:48:46","modified_gmt":"2025-01-20T11:48:46","slug":"la-industria-pyme-crecio-73-interanual-en-diciembre","status":"publish","type":"post","link":"https:\/\/www.visionweb.com.ar\/?p=16997","title":{"rendered":"La industria pyme creci\u00f3 7,3% interanual en diciembre"},"content":{"rendered":"<p><em><strong>Pero cerr\u00f3\u00a0 el a\u00f1o 2024 con una ca\u00edda acumulada del 9,8%. Todos los rubros relevados mostraron alzas.Los m\u00e1s din\u00e1micos fueron\u00a0 maderas y muebles. <\/strong><\/em><!--more--><\/p>\n<p><img loading=\"lazy\" decoding=\"async\" class=\"size-medium wp-image-7939 alignleft\" src=\"https:\/\/www.visionweb.com.ar\/wp-content\/uploads\/2022\/10\/INDUSTRIAS-PYMES-300x168.png\" alt=\"\" width=\"300\" height=\"168\" srcset=\"https:\/\/www.visionweb.com.ar\/wp-content\/uploads\/2022\/10\/INDUSTRIAS-PYMES-300x168.png 300w, https:\/\/www.visionweb.com.ar\/wp-content\/uploads\/2022\/10\/INDUSTRIAS-PYMES.png 640w\" sizes=\"auto, (max-width: 300px) 100vw, 300px\" \/>La actividad manufacturera de las pymes creci\u00f3 7,3% interanual en diciembre -en la misma fecha de 2023 el descenso fue del 26,9%- y cerr\u00f3 el 2024 con una ca\u00edda acumulada del 9,8% respecto al 2023. Cabe destacar que en el \u00faltimo mes del a\u00f1o todos los sectores relevados presentaron variaciones positivas en sus comparaciones interanuales.<\/p>\n<p style=\"text-align: justify; margin: 0cm 0cm 7.5pt 0cm;\"><span style=\"font-family: 'Arial',sans-serif; color: #111111;\">En la medici\u00f3n mensual, la actividad de las pymes industriales registr\u00f3 un crecimiento del 4,3% en la medici\u00f3n desestacionalizada respecto al mes de noviembre. En cuanto a <strong>la capacidad industrial utilizada se registr\u00f3 un promedio del 62%<\/strong>, marcando una baja de 1,1 puntos respecto a noviembre.<\/span><\/p>\n<p style=\"text-align: justify; margin: 0cm 0cm 7.5pt 0cm;\"><span style=\"font-family: 'Arial',sans-serif; color: #111111;\">Los resultados surgen del <\/span><strong><span style=\"font-family: 'Arial',sans-serif; color: #195487;\">\u00cdndice de Producci\u00f3n Industrial Pyme (IPIP) que elabora la Confederaci\u00f3n Argentina de la Mediana Empresa (CAME)<\/span><\/strong><span style=\"font-family: 'Arial',sans-serif; color: #111111;\">, con una muestra que alcanz\u00f3 a 420 peque\u00f1as y medianas industrias a nivel federal.<\/span><\/p>\n<p class=\"subtitulo\" style=\"margin: 0cm 0cm 7.5pt; text-align: left;\" align=\"center\"><strong><span style=\"font-family: 'Arial',sans-serif; color: #195487;\">An\u00e1lisis sectorial<\/span><\/strong><\/p>\n<p>En la comparaci\u00f3n anual, todos los rubros presentaron un alza respecto del a\u00f1o anterior. Se destacan los rubros <strong>Madera y muebles<\/strong>, con un crecimiento interanual del 18,1%, seguido por <strong>Textiles e indumentaria<\/strong>, cuya actividad estableci\u00f3 en diciembre una suba del 12,4%.<\/p>\n<p>En el acumulado del a\u00f1o, todos los sectores cerraron con valores negativos. Con ca\u00eddas de 12,3% y del 12,2%, <strong>Alimentos y bebidas<\/strong> y <strong>Qu\u00edmicos y pl\u00e1sticos<\/strong>, respectivamente, fueron los m\u00e1s afectados durante 2024.<\/p>\n<p>El sector registr\u00f3 un crecimiento del 4,8% interanual a precios constantes en diciembre, y una mejora del 4,3% en la comparaci\u00f3n intermensual. Durante el 2024 se registr\u00f3 una baja acumulada del 12,3%. En el \u00faltimo mes del a\u00f1o, las industrias del sector trabajaron con una capacidad utilizada del 62,1%, lo que marc\u00f3 una reducci\u00f3n de 3,5 puntos respecto a noviembre.<\/p>\n<p>De acuerdo con lo informado por los industriales del rubro, diciembre no cumpli\u00f3 con las expectativas generales. Los costos de producci\u00f3n y los gastos fijos se mantuvieron altos. Aunque la inflaci\u00f3n mostr\u00f3 una baja, los precios de insumos clave como la harina continuaron subiendo. Por otro lado, se registr\u00f3 un aumento en la producci\u00f3n, pero a\u00fan persisten las dificultades para acceder a cr\u00e9ditos blandos destinados a la inversi\u00f3n en maquinaria.<\/p>\n<p><strong>Textiles<\/strong><\/p>\n<p style=\"text-align: justify; margin: 0cm 0cm 7.5pt 0cm;\"><span style=\"font-family: 'Arial',sans-serif; color: #111111;\">La producci\u00f3n subi\u00f3 el 12,4% interanual en diciembre y el 4,1% respecto a noviembre. El rubro textil cerr\u00f3 el 2024 con una variaci\u00f3n interanual acumulada de -4,1%. En cuanto a la capacidad industrial utilizada, en diciembre se mantuvo el mismo nivel que en noviembre con un 59,6%. <\/span><\/p>\n<p style=\"text-align: justify; margin: 0cm 0cm 7.5pt 0cm;\"><span style=\"font-family: 'Arial',sans-serif; color: #111111;\">Para los industriales textiles, diciembre mostr\u00f3 un desempe\u00f1o inferior al del a\u00f1o pasado, con expectativas de ventas que no se alcanzaron. De todas formas, los empresarios notaron se\u00f1ales de recuperaci\u00f3n y un aumento en el poder adquisitivo, mientras que las inversiones mantienen un panorama incierto. En algunos sectores la temporada alta comenzar\u00e1 en febrero con la demanda de uniformes.<\/span><\/p>\n<p><strong>Madera y muebles<\/strong><\/p>\n<p style=\"text-align: justify; margin: 0cm 0cm 7.5pt 0cm;\"><span style=\"font-family: 'Arial',sans-serif; color: #111111;\">En diciembre, el sector creci\u00f3 el 18,1% interanual a precios constantes y el 4,7% en la comparaci\u00f3n intermensual desestacionalizada. <strong>En 2024 la actividad cay\u00f3 el 5,5% frente a 2023.<\/strong><\/span><\/p>\n<p style=\"text-align: justify; margin: 0cm 0cm 7.5pt 0cm;\"><span style=\"font-family: 'Arial',sans-serif; color: #111111;\"><strong>Los costos laborales, los impositivos y los de servicios son factores que afectan la competitividad frente a las importaciones<\/strong>.<\/span><\/p>\n<p style=\"text-align: justify; margin: 0cm 0cm 7.5pt 0cm;\"><span style=\"font-family: 'Arial',sans-serif; color: #111111;\"> Industriales del sector maderero informaron que diciembre presentaron resultados variados, aunque el balance anual fue positivo tras un per\u00edodo de inactividad. <\/span><\/p>\n<p style=\"text-align: justify; margin: 0cm 0cm 7.5pt 0cm;\"><span style=\"font-family: 'Arial',sans-serif; color: #111111;\">En lo que va <strong>de enero se observan indicadores favorables,<\/strong> aunque las estacionalidades hist\u00f3ricas perdieron\u00a0 relevancia como referencia. Adem\u00e1s, se destaca <strong>una reducci\u00f3n en el costo de las telas tapiceras.<\/strong><\/span><\/p>\n<p style=\"text-align: justify; margin: 0cm 0cm 7.5pt 0cm;\"><span style=\"font-family: 'Arial',sans-serif; color: #111111;\">El sector tuvo una <strong>recupera<\/strong><\/span><strong><span style=\"color: #111111; font-family: Arial, sans-serif;\">r<\/span><\/strong><span style=\"color: #111111; font-family: Arial, sans-serif;\"><strong>ci\u00f3n interanual que ascendi\u00f3 al 5,2% en diciembre<\/strong>, a precios constantes, y<strong> creci\u00f3 el 2,6% en la comparaci\u00f3n intermensual desestacionalizada<\/strong>. La variaci\u00f3n acumulada del 2024 marc\u00f3 un descenso del 9,4% respecto a 2023. Las industrias operaron al 60,8% de su capacidad instalada.<\/span><\/p>\n<p style=\"text-align: justify; margin: 0cm 0cm 7.5pt 0cm;\"><span style=\"font-family: 'Arial',sans-serif; color: #111111;\">En este rubro, <strong>varias f\u00e1bricas otorgaron licencias durante las fiestas<\/strong> como una manera de reducir costos. Los empresarios se\u00f1alaron que <strong>los salarios establecidos en el convenio colectivo son insuficientes para retener al personal calificado<\/strong>. <\/span><\/p>\n<p style=\"text-align: justify; margin: 0cm 0cm 7.5pt 0cm;\"><span style=\"font-family: 'Arial',sans-serif; color: #111111;\">En este contexto, las pymes enfrentan la competencia de importaciones, con precios finales m\u00e1s bajos que los costos primarios de producci\u00f3n local, adem\u00e1s de los altos costos laborales y la incobrabilidad de clientes, que afectan tanto a la producci\u00f3n como al empleo. Como aspecto favorable destacaron la existencia de materia prima, y proyectaron una econom\u00eda con mejores perspectivas hacia 2025.<\/span><\/p>\n<p><strong>Qu\u00edmicos y pl\u00e1sticos<\/strong><\/p>\n<p style=\"text-align: justify; margin: 0cm 0cm 7.5pt 0cm;\"><span style=\"font-family: 'Arial',sans-serif; color: #111111;\">En diciembre, este rubro de la producci\u00f3n<strong> experiment\u00f3 un crecimiento del 9,2% interanual a precios constantes y un repunte del 6,7% en la comparaci\u00f3n intermensual<\/strong>. <\/span><\/p>\n<p style=\"text-align: justify; margin: 0cm 0cm 7.5pt 0cm;\"><span style=\"font-family: 'Arial',sans-serif; color: #111111;\">LA ca\u00edda acumulada en 2024 alcanz\u00f3 al 12,2% frente a 2023. En diciembre las industrias <strong>operaron con el 62,9% de su capacidad instalada, contra el 65% de noviembre.<\/strong><\/span><\/p>\n<p style=\"text-align: justify; margin: 0cm 0cm 7.5pt 0cm;\"><span style=\"font-family: 'Arial',sans-serif; color: #111111;\">Los industriales del rubro destacaron que diciembre 2024 fue un mes at\u00edpico debido al calendario festivo y al exceso de stock, lo que llev\u00f3 a algunas empresas a detener las f\u00e1bricas y otorgar vacaciones al personal. <\/span><\/p>\n<p style=\"text-align: justify; margin: 0cm 0cm 7.5pt 0cm;\"><span style=\"font-family: 'Arial',sans-serif; color: #111111;\">Se observaron mejoras en la econom\u00eda y mayor disponibilidad de financiamiento, lo que permiti\u00f3 seguir invirtiendo y ampliando la base de clientes. Adem\u00e1s, se destac\u00f3 el buen desempe\u00f1o de las ventas de productos para piletas y accesorios.<\/span><\/p>\n<p><strong>Papel e impresiones<\/strong><\/p>\n<p style=\"text-align: justify; margin: 0cm 0cm 7.5pt 0cm;\"><span style=\"font-family: 'Arial',sans-serif; color: #111111;\">La actividad mostr\u00f3 una<strong> recuperaci\u00f3n del 3,4% anual a precios constantes en diciembre<\/strong>. <strong>En t\u00e9rminos mensuales tuvo un incremento del 7,8%. <\/strong><\/span><\/p>\n<p style=\"text-align: justify; margin: 0cm 0cm 7.5pt 0cm;\"><span style=\"font-family: 'Arial',sans-serif; color: #111111;\">El rubro finaliz\u00f3 el a\u00f1o con<strong> una ca\u00edda acumulada del 11,1% frente a 2023<\/strong>. Las empresas <strong>operaron con el 64,2% de su capacidad instalada.<\/strong><\/span><\/p>\n<p style=\"text-align: justify; margin: 0cm 0cm 7.5pt 0cm;\"><span style=\"font-family: 'Arial',sans-serif; color: #111111;\">Se espera que la temporada escolar impulse las ventas, despu\u00e9s de un diciembre que no cumpli\u00f3 con las expectativas.<\/span><\/p>\n<p style=\"text-align: justify; margin: 0cm 0cm 7.5pt 0cm;\"><span style=\"font-family: 'Arial',sans-serif; color: #111111;\"> Los empresarios atribuyeron la ca\u00edda de las ventas a factores estacionales, las fiestas y las vacaciones. Por otro lado, los industriales del sector reconocieron errores en la oferta de productos y apuestan por nuevas estrategias digitales. Los altos impuestos contin\u00faan siendo una carga significativa<strong>(VW)<\/strong><\/span><\/p>\n<p>&nbsp;<\/p>\n<p>&nbsp;<\/p>\n<p align=\"center\">\n","protected":false},"excerpt":{"rendered":"<p>Pero cerr\u00f3\u00a0 el a\u00f1o 2024 con una ca\u00edda acumulada del 9,8%. Todos los rubros relevados mostraron alzas.Los m\u00e1s din\u00e1micos fueron\u00a0 maderas y muebles.<\/p>\n","protected":false},"author":3,"featured_media":7939,"comment_status":"closed","ping_status":"closed","sticky":false,"template":"","format":"standard","meta":{"_monsterinsights_skip_tracking":false,"_monsterinsights_sitenote_active":false,"_monsterinsights_sitenote_note":"","_monsterinsights_sitenote_category":0,"footnotes":""},"categories":[749],"tags":[7206,2398,1455],"class_list":["post-16997","post","type-post","status-publish","format-standard","has-post-thumbnail","hentry","category-pymes","tag-madera","tag-quimicos","tag-textiles"],"_links":{"self":[{"href":"https:\/\/www.visionweb.com.ar\/index.php?rest_route=\/wp\/v2\/posts\/16997","targetHints":{"allow":["GET"]}}],"collection":[{"href":"https:\/\/www.visionweb.com.ar\/index.php?rest_route=\/wp\/v2\/posts"}],"about":[{"href":"https:\/\/www.visionweb.com.ar\/index.php?rest_route=\/wp\/v2\/types\/post"}],"author":[{"embeddable":true,"href":"https:\/\/www.visionweb.com.ar\/index.php?rest_route=\/wp\/v2\/users\/3"}],"replies":[{"embeddable":true,"href":"https:\/\/www.visionweb.com.ar\/index.php?rest_route=%2Fwp%2Fv2%2Fcomments&post=16997"}],"version-history":[{"count":1,"href":"https:\/\/www.visionweb.com.ar\/index.php?rest_route=\/wp\/v2\/posts\/16997\/revisions"}],"predecessor-version":[{"id":16998,"href":"https:\/\/www.visionweb.com.ar\/index.php?rest_route=\/wp\/v2\/posts\/16997\/revisions\/16998"}],"wp:featuredmedia":[{"embeddable":true,"href":"https:\/\/www.visionweb.com.ar\/index.php?rest_route=\/wp\/v2\/media\/7939"}],"wp:attachment":[{"href":"https:\/\/www.visionweb.com.ar\/index.php?rest_route=%2Fwp%2Fv2%2Fmedia&parent=16997"}],"wp:term":[{"taxonomy":"category","embeddable":true,"href":"https:\/\/www.visionweb.com.ar\/index.php?rest_route=%2Fwp%2Fv2%2Fcategories&post=16997"},{"taxonomy":"post_tag","embeddable":true,"href":"https:\/\/www.visionweb.com.ar\/index.php?rest_route=%2Fwp%2Fv2%2Ftags&post=16997"}],"curies":[{"name":"wp","href":"https:\/\/api.w.org\/{rel}","templated":true}]}}