{"id":16994,"date":"2025-01-17T07:53:48","date_gmt":"2025-01-17T10:53:48","guid":{"rendered":"https:\/\/www.visionweb.com.ar\/?p=16994"},"modified":"2025-01-17T07:53:48","modified_gmt":"2025-01-17T10:53:48","slug":"los-docentes-le-piden-aumento-a-kicillof","status":"publish","type":"post","link":"https:\/\/www.visionweb.com.ar\/?p=16994","title":{"rendered":"Los docentes le piden aumento a Kicillof"},"content":{"rendered":"<p><em><strong>Aseguran que es para enfrentar el ajuste \u201cimpulsado por el gobierno nacional\u201d. Al igual que un sector de los estatales le recordaron al Gobernador que el \u00faltimo aumento fue en noviembre.<\/strong><\/em><!--more--><\/p>\n<div id=\"attachment_13261\" style=\"width: 310px\" class=\"wp-caption alignright\"><img loading=\"lazy\" decoding=\"async\" aria-describedby=\"caption-attachment-13261\" class=\"wp-image-13261 size-medium\" src=\"https:\/\/www.visionweb.com.ar\/wp-content\/uploads\/2024\/01\/ATE-DOCENTES-300x200.png\" alt=\"\" width=\"300\" height=\"200\" srcset=\"https:\/\/www.visionweb.com.ar\/wp-content\/uploads\/2024\/01\/ATE-DOCENTES-300x200.png 300w, https:\/\/www.visionweb.com.ar\/wp-content\/uploads\/2024\/01\/ATE-DOCENTES-1024x683.png 1024w, https:\/\/www.visionweb.com.ar\/wp-content\/uploads\/2024\/01\/ATE-DOCENTES-768x512.png 768w, https:\/\/www.visionweb.com.ar\/wp-content\/uploads\/2024\/01\/ATE-DOCENTES.png 1068w\" sizes=\"auto, (max-width: 300px) 100vw, 300px\" \/><p id=\"caption-attachment-13261\" class=\"wp-caption-text\"><em><strong>Los docentes ayer elevaron una carta al gobernador Kicillof solicitando la reapertura de las paritarias (Archivo)<\/strong><\/em><\/p><\/div>\n<p>Los gremios que representan los docentes bonaerenses le pidieron, este jueves al gobernador Axel Kicillof la reapertura de las paritarias para discutir un aumento de salarios, el mismo reclamo que hab\u00eda hecho la semana pasada el sector de los estatales nucleados en la Federaci\u00f3n de Gremios Estatales y Particulares de la Provincia de Buenos Aires.<\/p>\n<p>El pedido de los maestros fue elevado por el Frente de Unidad Gremial Docente Bonaerense (FUDB) a trav\u00e9s de una carta en el cual se se\u00f1ala que \u201cel pedido se realiza en el marco de la situaci\u00f3n de ajuste econ\u00f3mico, subas tarifarias y recorte salarial impulsados por las pol\u00edticas del gobierno nacional\u201d.<\/p>\n<p>El FUDB mencion\u00f3 en su comunicaci\u00f3n la necesidad de \u201cactualizar los salarios de diciembre pasado\u201d, mes durante el cual no recibieron aumento ya que la administraci\u00f3n de Axel Kicillof prioriz\u00f3 el pago del medio aguinaldo, del mismo modo que hab\u00eda hecho el julio. El \u00faltimo incremento que cobraron los docentes fue en noviembre, un 4% que se sum\u00f3 a una cifra id\u00e9ntica que percibieron en octubre, producto de un acuerdo de septiembre.<\/p>\n<p>Es un esquema similar al de los Estatales, que llev\u00f3 a Fegeppba a pedir una reapertura r\u00e1pida de las negociaciones, con la intenci\u00f3n de acordar un incremento que pueda cobrarse este mes. Es un objetivo virtualmente impracticable a esta altura debido a los tiempos necesarios para realizar el proceso administrativo de liquidaci\u00f3n de salarios.<\/p>\n<p>El gobierno de Kicillof otorg\u00f3 el a\u00f1o pasado aumentos tanto a estatales como a docentes, polic\u00edas y judiciales todos los meses excepto los dos en los que pag\u00f3 el SAC -julio y diciembre- pero ahora enfrenta un contexto desafiante para sostener esa pol\u00edtica.<\/p>\n<p>La provincia no tiene presupuesto ni ley impositiva, y tampoco autorizaci\u00f3n para tomar deuda -los proyectos fueron rechazados en la Legislatura en diciembre- por lo que el financiamiento de un incremento es m\u00e1s exigente que antes para el fisco<strong>(VW)<\/strong>.<\/p>\n","protected":false},"excerpt":{"rendered":"<p>Aseguran que es para enfrentar el ajuste \u201cimpulsado por el gobierno nacional\u201d. Al igual que un sector de los estatales le recordaron al Gobernador que el \u00faltimo aumento fue en noviembre.<\/p>\n","protected":false},"author":3,"featured_media":13261,"comment_status":"closed","ping_status":"closed","sticky":false,"template":"","format":"standard","meta":{"_monsterinsights_skip_tracking":false,"_monsterinsights_sitenote_active":false,"_monsterinsights_sitenote_note":"","_monsterinsights_sitenote_category":0,"footnotes":""},"categories":[7,4],"tags":[410,167,7205],"class_list":["post-16994","post","type-post","status-publish","format-standard","has-post-thumbnail","hentry","category-educacion-y-cultura","category-politica","tag-docentes","tag-kicillof","tag-paritaras"],"_links":{"self":[{"href":"https:\/\/www.visionweb.com.ar\/index.php?rest_route=\/wp\/v2\/posts\/16994","targetHints":{"allow":["GET"]}}],"collection":[{"href":"https:\/\/www.visionweb.com.ar\/index.php?rest_route=\/wp\/v2\/posts"}],"about":[{"href":"https:\/\/www.visionweb.com.ar\/index.php?rest_route=\/wp\/v2\/types\/post"}],"author":[{"embeddable":true,"href":"https:\/\/www.visionweb.com.ar\/index.php?rest_route=\/wp\/v2\/users\/3"}],"replies":[{"embeddable":true,"href":"https:\/\/www.visionweb.com.ar\/index.php?rest_route=%2Fwp%2Fv2%2Fcomments&post=16994"}],"version-history":[{"count":1,"href":"https:\/\/www.visionweb.com.ar\/index.php?rest_route=\/wp\/v2\/posts\/16994\/revisions"}],"predecessor-version":[{"id":16995,"href":"https:\/\/www.visionweb.com.ar\/index.php?rest_route=\/wp\/v2\/posts\/16994\/revisions\/16995"}],"wp:featuredmedia":[{"embeddable":true,"href":"https:\/\/www.visionweb.com.ar\/index.php?rest_route=\/wp\/v2\/media\/13261"}],"wp:attachment":[{"href":"https:\/\/www.visionweb.com.ar\/index.php?rest_route=%2Fwp%2Fv2%2Fmedia&parent=16994"}],"wp:term":[{"taxonomy":"category","embeddable":true,"href":"https:\/\/www.visionweb.com.ar\/index.php?rest_route=%2Fwp%2Fv2%2Fcategories&post=16994"},{"taxonomy":"post_tag","embeddable":true,"href":"https:\/\/www.visionweb.com.ar\/index.php?rest_route=%2Fwp%2Fv2%2Ftags&post=16994"}],"curies":[{"name":"wp","href":"https:\/\/api.w.org\/{rel}","templated":true}]}}