{"id":16991,"date":"2025-01-17T07:41:22","date_gmt":"2025-01-17T10:41:22","guid":{"rendered":"https:\/\/www.visionweb.com.ar\/?p=16991"},"modified":"2025-01-17T07:41:22","modified_gmt":"2025-01-17T10:41:22","slug":"turismo-menos-turistas-y-estadias-mas-cortas","status":"publish","type":"post","link":"https:\/\/www.visionweb.com.ar\/?p=16991","title":{"rendered":"Turismo:  Menos turistas y estad\u00edas m\u00e1s cortas"},"content":{"rendered":"<p><em><strong>Augusto Costa revel\u00f3 ca\u00eddas en turismo, consumo y estad\u00edas en la temporada, se\u00f1alando el impacto de las pol\u00edticas nacionales en la clase media.<\/strong><\/em><!--more--><\/p>\n<div id=\"attachment_16992\" style=\"width: 310px\" class=\"wp-caption alignright\"><img loading=\"lazy\" decoding=\"async\" aria-describedby=\"caption-attachment-16992\" class=\"wp-image-16992 size-medium\" src=\"https:\/\/www.visionweb.com.ar\/wp-content\/uploads\/2025\/01\/COSTA-ATLANTICA-300x236.png\" alt=\"\" width=\"300\" height=\"236\" srcset=\"https:\/\/www.visionweb.com.ar\/wp-content\/uploads\/2025\/01\/COSTA-ATLANTICA-300x236.png 300w, https:\/\/www.visionweb.com.ar\/wp-content\/uploads\/2025\/01\/COSTA-ATLANTICA.png 610w\" sizes=\"auto, (max-width: 300px) 100vw, 300px\" \/><p id=\"caption-attachment-16992\" class=\"wp-caption-text\"><em><strong>Las playas fueron las m\u00e1s buscadas en la primera quincena de 2025 (Imagen: Gentileza Mar del Sud tu lugar)<\/strong><\/em><\/p><\/div>\n<p>El ministro de Producci\u00f3n, Ciencia e Innovaci\u00f3n Tecnol\u00f3gica de la Provincia de Buenos Aires, Augusto Costa, present\u00f3 un an\u00e1lisis detallado sobre los n\u00fameros de la temporada tur\u00edstica durante el acto encabezado por el Gobernador Axel Kicillof en Sierra de la Ventana.<\/p>\n<p>Con un tono cr\u00edtico hacia las pol\u00edticas econ\u00f3micas del Gobierno Nacional, Costa expuso las dificultades que enfrenta el sector tur\u00edstico y los esfuerzos provinciales para mitigar su impacto.<\/p>\n<p>\u201cLamentablemente, no hay mucho motivo de aplauso y festejo en los indicadores que hemos manejado y en base a lo que relevamos, ya que son datos que reflejan la situaci\u00f3n de la temporada\u201d, expres\u00f3 Costa al inicio de su discurso.<\/p>\n<p>En relaci\u00f3n al flujo tur\u00edstico, el ministro precis\u00f3: \u201cAl 15 de enero, desde el 1\u00b0 de diciembre, arribaron a la Provincia 4 millones 100 mil turistas, lo que representa un 9,2% menos que la temporada anterior\u201d. Adem\u00e1s, se\u00f1al\u00f3 que \u201csi tomamos los primeros 15 d\u00edas del mes de enero, hubo 1 mill\u00f3n 700 mil turistas, lo que represent\u00f3 una ca\u00edda del 7,7% respecto al mismo per\u00edodo del a\u00f1o pasado\u201d.<\/p>\n<p>Los indicadores de consumo tambi\u00e9n reflejan una ca\u00edda importante, especialmente en los municipios de la Costa Atl\u00e1ntica. \u201cEn los primeros 15 d\u00edas de este a\u00f1o, los consumos cayeron un 14%, sobre todo en lo que son transacciones de billeteras virtuales, y si extendemos a toda la Provincia, la ca\u00edda es del 17%\u201d, detall\u00f3 Costa.<\/p>\n<p><strong>Ocupaci\u00f3n hotelera<\/strong><\/p>\n<p>En cuanto a la ocupaci\u00f3n hotelera, Costa indic\u00f3 que el primer fin de semana de enero \u201chubo una ocupaci\u00f3n del 69,3% en promedio, una leve ca\u00edda del 1,2% respecto al a\u00f1o pasado\u201d. Sin embargo, el panorama mejor\u00f3 en el segundo fin de semana, donde \u201cla ocupaci\u00f3n super\u00f3 el 75,7%, un nivel similar al del a\u00f1o pasado\u201d.<\/p>\n<p>El ministro tambi\u00e9n analiz\u00f3 cambios en el perfil de los turistas y la clase social predominante en distintos destinos. \u201cEn los destinos tur\u00edsticos hay una ca\u00edda mayor de visitantes que podemos englobar dentro de la clase media; ah\u00ed se explica la gran ca\u00edda del turismo \u201d, afirm\u00f3. Particularmente en General Pueyrred\u00f3n, \u201cel turismo de clase media cay\u00f3 un 10%\u201d, mientras que en Pinamar y Gesell, destinos asociados a la clase media alta, \u201ccreci\u00f3 un 7% y un 1%, respectivamente, aunque la clase media en Gesell cay\u00f3 un 21%\u201d.<\/p>\n<p>Adem\u00e1s, un dato significativo es la reducci\u00f3n en la estad\u00eda promedio de los visitantes. \u201cEste a\u00f1o tambi\u00e9n hubo una ca\u00edda, ubic\u00e1ndose la estad\u00eda promedio en 5 d\u00edas\u201d, puntualiz\u00f3 Costa<strong>(VW)<\/strong>.<\/p>\n<p><strong>Con datos de Infdocielo<\/strong><\/p>\n<p>&nbsp;<\/p>\n","protected":false},"excerpt":{"rendered":"<p>Augusto Costa revel\u00f3 ca\u00eddas en turismo, consumo y estad\u00edas en la temporada, se\u00f1alando el impacto de las pol\u00edticas nacionales en la clase media.<\/p>\n","protected":false},"author":3,"featured_media":16992,"comment_status":"closed","ping_status":"closed","sticky":false,"template":"","format":"standard","meta":{"_monsterinsights_skip_tracking":false,"_monsterinsights_sitenote_active":false,"_monsterinsights_sitenote_note":"","_monsterinsights_sitenote_category":0,"footnotes":""},"categories":[700],"tags":[227,180,49],"class_list":["post-16991","post","type-post","status-publish","format-standard","has-post-thumbnail","hentry","category-turismo","tag-costa","tag-temporada","tag-turismo"],"_links":{"self":[{"href":"https:\/\/www.visionweb.com.ar\/index.php?rest_route=\/wp\/v2\/posts\/16991","targetHints":{"allow":["GET"]}}],"collection":[{"href":"https:\/\/www.visionweb.com.ar\/index.php?rest_route=\/wp\/v2\/posts"}],"about":[{"href":"https:\/\/www.visionweb.com.ar\/index.php?rest_route=\/wp\/v2\/types\/post"}],"author":[{"embeddable":true,"href":"https:\/\/www.visionweb.com.ar\/index.php?rest_route=\/wp\/v2\/users\/3"}],"replies":[{"embeddable":true,"href":"https:\/\/www.visionweb.com.ar\/index.php?rest_route=%2Fwp%2Fv2%2Fcomments&post=16991"}],"version-history":[{"count":1,"href":"https:\/\/www.visionweb.com.ar\/index.php?rest_route=\/wp\/v2\/posts\/16991\/revisions"}],"predecessor-version":[{"id":16993,"href":"https:\/\/www.visionweb.com.ar\/index.php?rest_route=\/wp\/v2\/posts\/16991\/revisions\/16993"}],"wp:featuredmedia":[{"embeddable":true,"href":"https:\/\/www.visionweb.com.ar\/index.php?rest_route=\/wp\/v2\/media\/16992"}],"wp:attachment":[{"href":"https:\/\/www.visionweb.com.ar\/index.php?rest_route=%2Fwp%2Fv2%2Fmedia&parent=16991"}],"wp:term":[{"taxonomy":"category","embeddable":true,"href":"https:\/\/www.visionweb.com.ar\/index.php?rest_route=%2Fwp%2Fv2%2Fcategories&post=16991"},{"taxonomy":"post_tag","embeddable":true,"href":"https:\/\/www.visionweb.com.ar\/index.php?rest_route=%2Fwp%2Fv2%2Ftags&post=16991"}],"curies":[{"name":"wp","href":"https:\/\/api.w.org\/{rel}","templated":true}]}}