{"id":16988,"date":"2025-01-17T07:24:10","date_gmt":"2025-01-17T10:24:10","guid":{"rendered":"https:\/\/www.visionweb.com.ar\/?p=16988"},"modified":"2025-01-17T07:24:25","modified_gmt":"2025-01-17T10:24:25","slug":"cultura-los-espacios-independientes-de-crisis","status":"publish","type":"post","link":"https:\/\/www.visionweb.com.ar\/?p=16988","title":{"rendered":"Cultura: Los espacios independientes de crisis"},"content":{"rendered":"<p><em><strong>La gran dificultad en este contexto econ\u00f3mico es pagar los alquileres. Por eso aparecieron diferentes estrategias para seguir incluyendo al p\u00fablico: de la gorra a los descuentos.<\/strong><\/em><!--more--><\/p>\n<p><img loading=\"lazy\" decoding=\"async\" class=\"size-medium wp-image-16989 alignright\" src=\"https:\/\/www.visionweb.com.ar\/wp-content\/uploads\/2025\/01\/CULTURA-DEL-SUR-300x133.png\" alt=\"\" width=\"300\" height=\"133\" srcset=\"https:\/\/www.visionweb.com.ar\/wp-content\/uploads\/2025\/01\/CULTURA-DEL-SUR-300x133.png 300w, https:\/\/www.visionweb.com.ar\/wp-content\/uploads\/2025\/01\/CULTURA-DEL-SUR.png 640w\" sizes=\"auto, (max-width: 300px) 100vw, 300px\" \/>En diciembre \u00faltimo se cumpli\u00f3 un a\u00f1o de la llegada al gobierno de Javier Milei, per\u00edodo que <strong>ha golpeado fuerte en el sector cultural independiente<\/strong>.<\/p>\n<p>Si bien no se logr\u00f3 la derogaci\u00f3n de la Ley Nacional del Teatro N\u00b0 24.800 y del Instituto Nacional de Teatro (INT) planteada originalmente por la Ley Bases que present\u00f3 el Gobierno en diciembre de 2023, no logr\u00f3 concretarse, la complicada situaci\u00f3n econ\u00f3mica de 2024 ha afectado a los espacios culturales en cuanto a <strong>mantenimiento de alquiler, pago de servicios y venta de entradas.<\/strong><\/p>\n<p>Como respuesta, muchas salas incorporaron descuentos, promociones y shows \u201ca la gorra\u201d para combatir la crisis.<\/p>\n<p><strong>\u201cEste a\u00f1o para la cultura fue p\u00e9simo\u201d<\/strong>, sentencia en di\u00e1logo con\u00a0<strong>AUNO<\/strong>\u00a0<strong>Melania Buero<\/strong>, una de las fundadoras de <strong>Cultura del Sur (Temperley)<\/strong>, lugar donde se han realizado asambleas de trabajadores del sector (entre ellos, artistas, t\u00e9cnicos, cirqueros y teatreros) y se discuti\u00f3 el futuro de la cultura independiente de la regi\u00f3n: \u201cLa iniciativa que planteamos fue la organizaci\u00f3n, porque creemos que sobre la base de esta misma es que m\u00e1s fuerza tenemos, en las relaciones comunitarias\u201d.<\/p>\n<p>Entre todos los entrevistados hay un consenso:\u00a0<strong>en lo econ\u00f3mico<\/strong>\u00a0<strong>este a\u00f1o (por 2024)\u00a0 fue muy dificultoso y complejo.<\/strong><\/p>\n<p>\u201cEl malestar econ\u00f3mico impacta directamente en el sector porque es una de las actividades que uno deja de hacer. Uno no va a dejar de comer, sino que va a dejar de lado el consumo cultural cuando se convierte en un privilegio\u201d, postula\u00a0<strong>Anabella Checa<\/strong>, integrante del \u00e1rea de comunicaci\u00f3n, radio y producci\u00f3n del Barrio Cultural (Lan\u00fas), sobre el impacto que tuvo este a\u00f1o en la econom\u00eda de los espacios.<\/p>\n<p>Lo que principalmente afecta en los espacios culturales independiente es el mantenimiento del <strong>alquiler<\/strong>. \u201cEn este momento el espacio est\u00e1 a la venta, estamos colgados en los servicios de luz y el gas entr\u00f3 en moratoria. Siempre estamos en un estado cr\u00edtico a punto de la toma,\u00a0<strong>la crisis que sufrimos es permanente\u00a0<\/strong>y seguramente se va a ir desarrollando a\u00fan m\u00e1s en extremo\u201d, cuenta Melania sobre la dificultad de sostener Cultura del Sur.<\/p>\n<p>\u201cTodos los espacios, en su mayor\u00eda, son alquilados, entonces cada tres meses se les aplica el aumento de alquiler o de luz y no pueden subir mucho las cuotas de los talleres porque si no los alumnos no podr\u00edan participar, entonces tienen que ir mediando y viendo c\u00f3mo sostenerse en el tiempo\u201d, explica\u00a0<strong>Emilia Ceccet<\/strong>, actriz, docente de teatro e integrante de Red Teatral Sur.<\/p>\n<h4 class=\"wp-block-heading\"><strong>La subsistencia del arte independiente en zona sur\u00a0<\/strong><\/h4>\n<p><strong>Uno de los m\u00e9todos m\u00e1s implementados es el de \u201cla gorra\u201d<\/strong>. Se trata de una pr\u00e1ctica utilizada principalmente por los artistas con el apoyo de los espacios: \u201cTratamos de acompa\u00f1ar porque sabemos que garantiza la accesibilidad del p\u00fablico al arte, aunque complejiza la productividad del espacio\u201d, cuenta Checa (Barrio Cultural).<\/p>\n<p>De todos modos, hay ocasiones en las que el show \u201ca la gorra\u201d tambi\u00e9n est\u00e1 siendo implementado por los espacios: \u201cComo a la gente le cuesta pagar una entrada, casi todos nuestros eventos fueron a la gorra, y es\u00a0<strong>la \u00fanica forma que estamos encontrando para que la gente pueda venir y acceder a la cultura por fuera para pagar una entrada<\/strong>\u201d, explica Martina (La Madriguera).<\/p>\n<p>Pero adem\u00e1s de la gorra, los trabajadores culturales cada d\u00eda est\u00e1n tomando m\u00e1s alternativas para atraer al p\u00fablico;\u00a0<strong>bonos, promociones \u201c2\u00d71\u201d, descuentos<\/strong> para clientes y alumnos de talleres, etc. En el caso del Barrio Cultural, implementaron una suscripci\u00f3n que llaman \u201cVecindad\u201d, mediante la cual un cliente, abonando una cuota mensual, puede acceder a distintos descuentos dentro del espacio.<\/p>\n<p><strong>Estas alternativas para estimular el consumo cultural tambi\u00e9n las utilizan productoras y colectivos teatrales\u00a0<\/strong>como LemurArte. \u201cTenemos desde descuentos del 20 por ciento hasta funciones a la gorra. Tambi\u00e9n, una especie de \u2018bono Lemur\u2019, que es que si vos labur\u00e1s en alguna de las producciones de LemurArte, pod\u00e9s ir gratuitamente a cualquier otra producci\u00f3n nuestra y llevar invitados, y por cada invitado, tiene un 20 por ciento de descuento\u201d, cuenta Agust\u00edn Casais, miembro fundador de la productora, aunque tambi\u00e9n resalta la actividad en redes sociales como otro factor importante para atraer al p\u00fablico <strong>(VW\/AUNO)<\/strong>.<\/p>\n<p>.<\/p>\n","protected":false},"excerpt":{"rendered":"<p>La gran dificultad en este contexto econ\u00f3mico es pagar los alquileres. Por eso aparecieron diferentes estrategias para seguir incluyendo al p\u00fablico: de la gorra a los descuentos.<\/p>\n","protected":false},"author":3,"featured_media":16989,"comment_status":"closed","ping_status":"closed","sticky":false,"template":"","format":"standard","meta":{"_monsterinsights_skip_tracking":false,"_monsterinsights_sitenote_active":false,"_monsterinsights_sitenote_note":"","_monsterinsights_sitenote_category":0,"footnotes":""},"categories":[7,5],"tags":[139,947,4499],"class_list":["post-16988","post","type-post","status-publish","format-standard","has-post-thumbnail","hentry","category-educacion-y-cultura","category-sociedad","tag-cultura","tag-sur","tag-teatros"],"_links":{"self":[{"href":"https:\/\/www.visionweb.com.ar\/index.php?rest_route=\/wp\/v2\/posts\/16988","targetHints":{"allow":["GET"]}}],"collection":[{"href":"https:\/\/www.visionweb.com.ar\/index.php?rest_route=\/wp\/v2\/posts"}],"about":[{"href":"https:\/\/www.visionweb.com.ar\/index.php?rest_route=\/wp\/v2\/types\/post"}],"author":[{"embeddable":true,"href":"https:\/\/www.visionweb.com.ar\/index.php?rest_route=\/wp\/v2\/users\/3"}],"replies":[{"embeddable":true,"href":"https:\/\/www.visionweb.com.ar\/index.php?rest_route=%2Fwp%2Fv2%2Fcomments&post=16988"}],"version-history":[{"count":1,"href":"https:\/\/www.visionweb.com.ar\/index.php?rest_route=\/wp\/v2\/posts\/16988\/revisions"}],"predecessor-version":[{"id":16990,"href":"https:\/\/www.visionweb.com.ar\/index.php?rest_route=\/wp\/v2\/posts\/16988\/revisions\/16990"}],"wp:featuredmedia":[{"embeddable":true,"href":"https:\/\/www.visionweb.com.ar\/index.php?rest_route=\/wp\/v2\/media\/16989"}],"wp:attachment":[{"href":"https:\/\/www.visionweb.com.ar\/index.php?rest_route=%2Fwp%2Fv2%2Fmedia&parent=16988"}],"wp:term":[{"taxonomy":"category","embeddable":true,"href":"https:\/\/www.visionweb.com.ar\/index.php?rest_route=%2Fwp%2Fv2%2Fcategories&post=16988"},{"taxonomy":"post_tag","embeddable":true,"href":"https:\/\/www.visionweb.com.ar\/index.php?rest_route=%2Fwp%2Fv2%2Ftags&post=16988"}],"curies":[{"name":"wp","href":"https:\/\/api.w.org\/{rel}","templated":true}]}}