{"id":16986,"date":"2025-01-16T07:29:26","date_gmt":"2025-01-16T10:29:26","guid":{"rendered":"https:\/\/www.visionweb.com.ar\/?p=16986"},"modified":"2025-01-16T07:29:26","modified_gmt":"2025-01-16T10:29:26","slug":"colectivos-provincia-saldo-la-deuda-y-el-paro-se-levanto","status":"publish","type":"post","link":"https:\/\/www.visionweb.com.ar\/?p=16986","title":{"rendered":"Colectivos: Provincia sald\u00f3 la deuda y el paro se levant\u00f3"},"content":{"rendered":"<p><em><strong>La Provincia sald\u00f3 la deuda con las empresas de micros, garantizando la normalizaci\u00f3n del servicio y evitando la interrupci\u00f3n en el AMBA.<\/strong><\/em><!--more--><\/p>\n<p><img loading=\"lazy\" decoding=\"async\" class=\"size-medium wp-image-10005 alignright\" src=\"https:\/\/www.visionweb.com.ar\/wp-content\/uploads\/2023\/03\/COLECTIVOS-300x225.png\" alt=\"\" width=\"300\" height=\"225\" srcset=\"https:\/\/www.visionweb.com.ar\/wp-content\/uploads\/2023\/03\/COLECTIVOS-300x225.png 300w, https:\/\/www.visionweb.com.ar\/wp-content\/uploads\/2023\/03\/COLECTIVOS-320x240.png 320w, https:\/\/www.visionweb.com.ar\/wp-content\/uploads\/2023\/03\/COLECTIVOS.png 640w\" sizes=\"auto, (max-width: 300px) 100vw, 300px\" \/>Luego del conflicto reciente protagonizado por las empresas de colectivos del \u00c1rea Metropolitana de Buenos Aires (AMBA), el gobierno de la Provincia de Buenos Aires confirm\u00f3 que abono los montos adeudados a las empresas de colectivo provinciales.<\/p>\n<p>De este modo, los servicios de pasajeros ya funcionan con normalidad este jueves para asegurar el traslado de miles de usuarios.<\/p>\n<p>Las empresas de transporte colectivo hab\u00edan advertido sobre una posible interrupci\u00f3n del servicio debido a la falta de pago de las compensaciones tarifarias necesarias para garantizar el pago de los salarios de los trabajadores.<\/p>\n<p>La situaci\u00f3n manten\u00eda a los usuarios en vilo, quienes tem\u00edan enfrentarse a una suspensi\u00f3n generalizada de los servicios. Los montos deb\u00edan ser proporcionados por el gobierno nacional y canalizados por la administraci\u00f3n bonaerense, lo que finalmente ocurri\u00f3 en las \u00faltimas horas.<\/p>\n<p>El conflicto alcanz\u00f3 su punto m\u00e1ximo con un comunicado emitido martes por las principales c\u00e1maras del sector, que alertaban sobre la imposibilidad de seguir operando sin los fondos adeudados. En dicho texto, las c\u00e1maras indicaron que varias l\u00edneas ya hab\u00edan reducido sus frecuencias y que otras planeaban suspender los servicios de este jueves.<\/p>\n<p>Finalmente,\u00a0<strong>el gobierno de la provincia de Buenos Aires garantiz\u00f3 el pago a las empresas del sector este mi\u00e9rcoles<\/strong>. Se espera que todas las l\u00edneas de micro que operan en el AMBA regularicen sus servicios y cumplan con sus obligaciones salariales, evitando as\u00ed mayores inconvenientes.<\/p>\n<p>Mientras se espera una publicaci\u00f3n oficial de las c\u00e1maras empresariales sobre la resoluci\u00f3n del conflicto, el ministro de Transporte bonaerense,\u00a0<strong>Mart\u00edn Marinucci<\/strong>, emiti\u00f3 un comunicado confirmando el dep\u00f3sito de los fondos.<\/p>\n","protected":false},"excerpt":{"rendered":"<p>La Provincia sald\u00f3 la deuda con las empresas de micros, garantizando la normalizaci\u00f3n del servicio y evitando la interrupci\u00f3n en el AMBA.<\/p>\n","protected":false},"author":3,"featured_media":10005,"comment_status":"closed","ping_status":"closed","sticky":false,"template":"","format":"standard","meta":{"_monsterinsights_skip_tracking":false,"_monsterinsights_sitenote_active":false,"_monsterinsights_sitenote_note":"","_monsterinsights_sitenote_category":0,"footnotes":""},"categories":[8],"tags":[705,252,356,6243],"class_list":["post-16986","post","type-post","status-publish","format-standard","has-post-thumbnail","hentry","category-interes-general","tag-colectivos","tag-paro","tag-provincia","tag-sueldos"],"_links":{"self":[{"href":"https:\/\/www.visionweb.com.ar\/index.php?rest_route=\/wp\/v2\/posts\/16986","targetHints":{"allow":["GET"]}}],"collection":[{"href":"https:\/\/www.visionweb.com.ar\/index.php?rest_route=\/wp\/v2\/posts"}],"about":[{"href":"https:\/\/www.visionweb.com.ar\/index.php?rest_route=\/wp\/v2\/types\/post"}],"author":[{"embeddable":true,"href":"https:\/\/www.visionweb.com.ar\/index.php?rest_route=\/wp\/v2\/users\/3"}],"replies":[{"embeddable":true,"href":"https:\/\/www.visionweb.com.ar\/index.php?rest_route=%2Fwp%2Fv2%2Fcomments&post=16986"}],"version-history":[{"count":1,"href":"https:\/\/www.visionweb.com.ar\/index.php?rest_route=\/wp\/v2\/posts\/16986\/revisions"}],"predecessor-version":[{"id":16987,"href":"https:\/\/www.visionweb.com.ar\/index.php?rest_route=\/wp\/v2\/posts\/16986\/revisions\/16987"}],"wp:featuredmedia":[{"embeddable":true,"href":"https:\/\/www.visionweb.com.ar\/index.php?rest_route=\/wp\/v2\/media\/10005"}],"wp:attachment":[{"href":"https:\/\/www.visionweb.com.ar\/index.php?rest_route=%2Fwp%2Fv2%2Fmedia&parent=16986"}],"wp:term":[{"taxonomy":"category","embeddable":true,"href":"https:\/\/www.visionweb.com.ar\/index.php?rest_route=%2Fwp%2Fv2%2Fcategories&post=16986"},{"taxonomy":"post_tag","embeddable":true,"href":"https:\/\/www.visionweb.com.ar\/index.php?rest_route=%2Fwp%2Fv2%2Ftags&post=16986"}],"curies":[{"name":"wp","href":"https:\/\/api.w.org\/{rel}","templated":true}]}}