{"id":16984,"date":"2025-01-15T13:09:23","date_gmt":"2025-01-15T16:09:23","guid":{"rendered":"https:\/\/www.visionweb.com.ar\/?p=16984"},"modified":"2025-01-15T13:09:23","modified_gmt":"2025-01-15T16:09:23","slug":"provincia-manana-podria-haber-menos-servicios-de-colectivos-por-falta-de-recursos","status":"publish","type":"post","link":"https:\/\/www.visionweb.com.ar\/?p=16984","title":{"rendered":"Provincia: Ma\u00f1ana podr\u00eda haber \u201cmenos servicios\u201d de colectivos por falta de recursos"},"content":{"rendered":"<p><em><strong>Este jueves podr\u00eda haber una \u201crestricci\u00f3n de servicios\u201d de transporte a menos que la Provincia abone un subsidio. Las empresas advierten que no hay suministros disponibles para los pr\u00f3ximos d\u00edas. \u201cNo hay plata para pagar el combustible\u201d.<\/strong><\/em><!--more--><\/p>\n<p><img loading=\"lazy\" decoding=\"async\" class=\"size-medium wp-image-10005 alignright\" src=\"https:\/\/www.visionweb.com.ar\/wp-content\/uploads\/2023\/03\/COLECTIVOS-300x225.png\" alt=\"\" width=\"300\" height=\"225\" srcset=\"https:\/\/www.visionweb.com.ar\/wp-content\/uploads\/2023\/03\/COLECTIVOS-300x225.png 300w, https:\/\/www.visionweb.com.ar\/wp-content\/uploads\/2023\/03\/COLECTIVOS-320x240.png 320w, https:\/\/www.visionweb.com.ar\/wp-content\/uploads\/2023\/03\/COLECTIVOS.png 640w\" sizes=\"auto, (max-width: 300px) 100vw, 300px\" \/>\u00a0 <strong>L<\/strong>as empresas del\u00a0<strong>transporte bonaerense<\/strong>\u00a0se encuentran en una situaci\u00f3n delicada en torno al pago de los\u00a0<strong>salarios\u00a0<\/strong>de los\u00a0<strong>trabajadores<\/strong>, pero en las \u00faltimas horas advirtieron que la falta del pago de anticipo que deb\u00eda realizar el\u00a0<strong>Ejecutivo\u00a0<\/strong>de la\u00a0<strong>provincia de Buenos Aires<\/strong>\u00a0provoc\u00f3 que no haya garant\u00eda de que los suministros est\u00e9n disponibles para los pr\u00f3ximos d\u00edas.<\/p>\n<p>\u201c<strong>Hoy el servicio va a salir, salvo aquellos que no estuvieron ayer, pero el jueves ni siquiera est\u00e1n los insumos garantizados. No hay plata para pagar el combustible<\/strong>\u201d, alertaron desde las empresas de\u00a0<strong>transporte bonaerense,\u00a0<\/strong>que viven desde junio del a\u00f1o pasado costeando los servicios con adquisici\u00f3n de pr\u00e9stamos o financiamiento privado.<\/p>\n<p>Las c\u00e1maras del sector de transporte anunciaron una restricci\u00f3n de servicios (no un paro, aunque casi) para este jueves, ante el incumplimiento del pago del subsidio correspondiente por parte de la Provincia. De este modo m\u00e1s de 200 l\u00edneas reducir\u00edan sus recorridos, sobre todo en el \u00c1rea Metropolitana de Buenos Aires (AMBA).<\/p>\n<p>En rigor, el\u00a0<strong>Gobierno nacional\u00a0<\/strong>gener\u00f3 la estructura de costos en junio con desactualizaci\u00f3n en los precios y no volvi\u00f3 a actualizarlo desde entonces, con lo cual el desfinanciamiento que sufren las empresas de\u00a0<strong>transporte bonaerense<\/strong>\u00a0rige desde dicho mes. En diciembre \u00faltimo, la\u00a0<strong>C\u00e1mara de Transporte de la provincia de Buenos Aires\u00a0<\/strong>(<strong>CTPBA<\/strong>) acudi\u00f3 al\u00a0<strong>Ministerio bonaerense\u00a0<\/strong>a fin de pedirle que interceda ante la situaci\u00f3n.<\/p>\n<p>Tras ser recibidos por el entonces\u00a0<strong>ministro de Transporte bonaerense<\/strong>,\u00a0<strong>Jorge D\u2019Onofrio<\/strong>, la\u00a0<strong>C\u00e1mara\u00a0<\/strong>inform\u00f3 que el\u00a0<strong>Ejecutivo\u00a0<\/strong>de la\u00a0<strong>provincia de Buenos Aires\u00a0<\/strong>se hab\u00eda comprometido a actualizar los valores independientemente de lo que hiciera el\u00a0<strong>Gobierno\u00a0<\/strong>de\u00a0<strong>Javier Milei\u00a0<\/strong>y le solicit\u00f3 al secretario de la cartera nacional,<strong>\u00a0Franco Mogetta<\/strong>, que recibiera a las empresas para solucionar la situaci\u00f3n.<\/p>\n<p>Las empresas responsabilizan a la Provincia por no haber abonado la deuda de $ 39.000 millones, que incluye pagos atrasados desde septiembre. Aunque el Gobierno nacional ya transfiri\u00f3 los fondos correspondientes, la administraci\u00f3n provincial no deposit\u00f3 el dinero a las empresas, lo que impide que estas puedan cubrir salarios y combustible para sus unidades.<\/p>\n<p>De hecho, la empresa 11 de Junio SRL, operadora de la l\u00ednea 256 (cubre el tramo Luj\u00e1n-Mercedes) no prest\u00f3 servicios los d\u00edas lunes y martes, con una situaci\u00f3n que amenaza extenderse a otras compa\u00f1\u00edas.<\/p>\n<p>A pesar de contactos informales con el Ministerio de Transporte bonaerense, la orden de pago sigue sin ejecutarse, y las empresas mostraron su intenci\u00f3n de llevar a cabo la medida de fuerza por 24 horas.<\/p>\n<p>\u201cLiquidaci\u00f3n y pago de compensaciones\u201d<\/p>\n<p>No obstante, el Ejecutivo provincial oficializ\u00f3 este mi\u00e9rcoles un acuerdo con el Gobierno nacional para constituir un fondo para el transporte p\u00fablico de pasajeros.<\/p>\n<p>En el <strong>Decreto 1\/25, publicado este mi\u00e9rcoles en el Bolet\u00edn Oficial del distrito<\/strong>, se se\u00f1ala que \u201chasta tanto la Provincia cuente con las herramientas para la producci\u00f3n y procesamiento de informaci\u00f3n a los fines de proceder al c\u00e1lculo para la liquidaci\u00f3n y pago de compensaciones, tales como reporte de kil\u00f3metros electr\u00f3nicos, control de demanda de pasajes, sistema de gesti\u00f3n de flota y verificaci\u00f3n del personal, resulta necesario prorrogar nuevamente el Convenio de Colaboraci\u00f3n T\u00e9cnica y Cooperaci\u00f3n Institucional\u201d.<\/p>\n<p>Ahora falta la firma por parte del ministro de Econom\u00eda de la Naci\u00f3n, Luis Caputo, para liberar los fondos que podr\u00edan destrabar la situaci\u00f3n del transporte bonaerense. <strong>(VW)<\/strong><\/p>\n<p>&nbsp;<\/p>\n","protected":false},"excerpt":{"rendered":"<p>Este jueves podr\u00eda haber una \u201crestricci\u00f3n de servicios\u201d de transporte a menos que la Provincia abone un subsidio. Las empresas advierten que no hay suministros disponibles para los pr\u00f3ximos d\u00edas. \u201cNo hay plata para&#46;&#46;&#46;<\/p>\n","protected":false},"author":4,"featured_media":10005,"comment_status":"closed","ping_status":"closed","sticky":false,"template":"","format":"standard","meta":{"_monsterinsights_skip_tracking":false,"_monsterinsights_sitenote_active":false,"_monsterinsights_sitenote_note":"","_monsterinsights_sitenote_category":0,"footnotes":""},"categories":[4,5],"tags":[705,7204,356,7203],"class_list":["post-16984","post","type-post","status-publish","format-standard","has-post-thumbnail","hentry","category-politica","category-sociedad","tag-colectivos","tag-posible-paro","tag-provincia","tag-servicios-restrigidos"],"_links":{"self":[{"href":"https:\/\/www.visionweb.com.ar\/index.php?rest_route=\/wp\/v2\/posts\/16984","targetHints":{"allow":["GET"]}}],"collection":[{"href":"https:\/\/www.visionweb.com.ar\/index.php?rest_route=\/wp\/v2\/posts"}],"about":[{"href":"https:\/\/www.visionweb.com.ar\/index.php?rest_route=\/wp\/v2\/types\/post"}],"author":[{"embeddable":true,"href":"https:\/\/www.visionweb.com.ar\/index.php?rest_route=\/wp\/v2\/users\/4"}],"replies":[{"embeddable":true,"href":"https:\/\/www.visionweb.com.ar\/index.php?rest_route=%2Fwp%2Fv2%2Fcomments&post=16984"}],"version-history":[{"count":1,"href":"https:\/\/www.visionweb.com.ar\/index.php?rest_route=\/wp\/v2\/posts\/16984\/revisions"}],"predecessor-version":[{"id":16985,"href":"https:\/\/www.visionweb.com.ar\/index.php?rest_route=\/wp\/v2\/posts\/16984\/revisions\/16985"}],"wp:featuredmedia":[{"embeddable":true,"href":"https:\/\/www.visionweb.com.ar\/index.php?rest_route=\/wp\/v2\/media\/10005"}],"wp:attachment":[{"href":"https:\/\/www.visionweb.com.ar\/index.php?rest_route=%2Fwp%2Fv2%2Fmedia&parent=16984"}],"wp:term":[{"taxonomy":"category","embeddable":true,"href":"https:\/\/www.visionweb.com.ar\/index.php?rest_route=%2Fwp%2Fv2%2Fcategories&post=16984"},{"taxonomy":"post_tag","embeddable":true,"href":"https:\/\/www.visionweb.com.ar\/index.php?rest_route=%2Fwp%2Fv2%2Ftags&post=16984"}],"curies":[{"name":"wp","href":"https:\/\/api.w.org\/{rel}","templated":true}]}}