{"id":16970,"date":"2025-01-14T17:55:57","date_gmt":"2025-01-14T20:55:57","guid":{"rendered":"https:\/\/www.visionweb.com.ar\/?p=16970"},"modified":"2025-01-14T17:55:57","modified_gmt":"2025-01-14T20:55:57","slug":"la-inflacion-de-diciembre-fue-de-27-y-acumulo-1178-anual","status":"publish","type":"post","link":"https:\/\/www.visionweb.com.ar\/?p=16970","title":{"rendered":"La inflaci\u00f3n de diciembre fue de 2,7% y acumul\u00f3 117,8% anual"},"content":{"rendered":"<p><strong><em>Seg\u00fan el Indec, el IPC de diciembre fue 2,7%. As\u00ed, la devaluaci\u00f3n mensual del peso se llevar\u00eda el 1%, una estrategia que genera pol\u00e9mica.<\/em> Se d<em>estacan aumentos en Vivienda (5,3%) y Comunicaci\u00f3n (5,0%). Alimentos tuvo la mayor incidencia con 2,2%.<\/em><em>\u00a0<\/em><\/strong><!--more--><\/p>\n<p><strong>\u00a0\u00a0 <img loading=\"lazy\" decoding=\"async\" class=\"size-medium wp-image-12926 alignright\" src=\"https:\/\/www.visionweb.com.ar\/wp-content\/uploads\/2023\/12\/PRECIOS-SUPERMERCADOS-1-300x200.png\" alt=\"\" width=\"300\" height=\"200\" srcset=\"https:\/\/www.visionweb.com.ar\/wp-content\/uploads\/2023\/12\/PRECIOS-SUPERMERCADOS-1-300x200.png 300w, https:\/\/www.visionweb.com.ar\/wp-content\/uploads\/2023\/12\/PRECIOS-SUPERMERCADOS-1.png 640w\" sizes=\"auto, (max-width: 300px) 100vw, 300px\" \/>\u00a0\u00a0\u00a0\u00a0 L<\/strong>a inflaci\u00f3n de <strong>diciembre fue 2,7%<\/strong>, seg\u00fan revel\u00f3 esta tarde el <strong>Instituto Nacional de Estad\u00edsticas y Censo (Indec)<\/strong>, algo por encima del 2,5% de noviembre. Con ese n\u00famero, el acumulado del a\u00f1o qued\u00f3 en $117,8%,\u00a0<strong>casi la mitad del 211,4%$ con el que cerr\u00f3 el gobierno de Alberto Fern\u00e1ndez<\/strong>, con Sergio Massa como ministro de Econom\u00eda.<\/p>\n<p>Con el nuevo IPC por debajo de los tres puntos,<strong>\u00a0el gobierno podr\u00eda reducir la tasa de \u201ccrawling peg\u201d<\/strong>, es decir de la <strong>devaluaci\u00f3n del tipo de cambio contra el d\u00f3lar, al 1% mensual<\/strong>, una medida que busca acentuar el freno a los aumentos de precios pero que es cuestionada por economistas ortodoxos como Domingo Cavallo, que creen que existe \u201catraso\u201d cambiario.<\/p>\n<p>En su cuenta de X, el ministro de Econom\u00eda, Lu\u00eds Caputo, resalt\u00f3 que esto (el IPC de diciembre) \u201cse da en un mes en el cual el \u00edndice presenta una estacionalidad positiva, vinculada a las fiestas y al inicio del per\u00edodo de vacaciones de verano, y en un contexto donde tanto la actividad econ\u00f3mica como los ingresos reales de la poblaci\u00f3n presentan una fuerte recuperaci\u00f3n\u201d.<\/p>\n<p>En esa l\u00ednea, el <strong>ministro de Econom\u00eda, Luis Caputo<\/strong>, dijo tras su primer a\u00f1o de gesti\u00f3n, que los datos confirman \u201cla continuidad del proceso de desinflaci\u00f3n\u201d.<\/p>\n<p>\u201cEsto se da en un mes en el cual el \u00edndice presenta una estacionalidad positiva, vinculada a las fiestas y al inicio del per\u00edodo de vacaciones de verano, y en un contexto donde tanto la actividad econ\u00f3mica como los ingresos reales de la poblaci\u00f3n presentan una fuerte recuperaci\u00f3n\u201d, se\u00f1al\u00f3 Caputo.<\/p>\n<p>Record\u00f3 que el Estimador Mensual de Actividad Econ\u00f3mica (EMAE) acumul\u00f3 un crecimiento de 2,3% entre diciembre de 2023 y octubre de 2024, en tanto los salarios del sector privado registrado (SIPA), las jubilaciones y la Asignaci\u00f3n Universal por Hijo (AUH) exhibieron una suba en t\u00e9rminos reales de 15,4%, 12,8% y 107,4%, respectivamente, en los primeros once meses del a\u00f1o.<\/p>\n<div id=\"attachment_12669\" style=\"width: 310px\" class=\"wp-caption alignleft\"><img loading=\"lazy\" decoding=\"async\" aria-describedby=\"caption-attachment-12669\" class=\"wp-image-12669 size-medium\" src=\"https:\/\/www.visionweb.com.ar\/wp-content\/uploads\/2023\/11\/CAPUTO-300x167.png\" alt=\"\" width=\"300\" height=\"167\" srcset=\"https:\/\/www.visionweb.com.ar\/wp-content\/uploads\/2023\/11\/CAPUTO-300x167.png 300w, https:\/\/www.visionweb.com.ar\/wp-content\/uploads\/2023\/11\/CAPUTO.png 640w\" sizes=\"auto, (max-width: 300px) 100vw, 300px\" \/><p id=\"caption-attachment-12669\" class=\"wp-caption-text\">Luis Caputo. Foto de archivo<\/p><\/div>\n<p>\u201cA diferencia de otras oportunidades, el crecimiento en los ingresos reales de la poblaci\u00f3n y el cr\u00e9dito al sector privado se da como consecuencia, y no en detrimento, del orden macroecon\u00f3mico\u201d, destac\u00f3 el ministro.<\/p>\n<p>Y sostuvo que \u201cla profundizaci\u00f3n en la desinflaci\u00f3n y la devoluci\u00f3n al sector privado de recursos que hasta 2023 se destinaban a financiar al sector p\u00fablico, permiten que esta expansi\u00f3n sea genuina y sostenible\u201d.<\/p>\n<p>La variaci\u00f3n interanual del IPC Nacional fue de 117,8% i.a., siendo el <strong>octavo mes consecutivo de desaceleraci\u00f3n en la comparaci\u00f3n contra igual mes del a\u00f1o anterior<\/strong>, y contrastando con el 211,4% de inflaci\u00f3n registrado en 2023.<\/p>\n<p>La inflaci\u00f3n <strong>fue la menor para un mes de diciembre desde 2018<\/strong>, indic\u00f3 Econom\u00eda.<\/p>\n<p>\u201cLa continuidad del proceso de desinflaci\u00f3n puede apreciarse tambi\u00e9n en el an\u00e1lisis de medias m\u00f3viles de la variaci\u00f3n del IPC, dado que permite extraer tendencias m\u00e1s all\u00e1 de la volatilidad de<br \/>\nmuy corto plazo. En esta l\u00ednea, la media m\u00f3vil de 3 meses fue de 2,6% mensual (-0,3 p.p. vs. noviembre de 2024), el menor registro desde septiembre de 2020\u2033, sostuvo Caputo.<\/p>\n<p><strong>Detalles: <\/strong><\/p>\n<p><strong>La divisi\u00f3n de mayor aumento en el mes fue\u00a0Vivienda, agua, electricidad, gas y otros combustibles\u00a0(5,3%), <\/strong>por los incrementos en<strong>\u00a0Alquiler de la vivienda\u00a0y gastos conexos, y\u00a0Electricidad, gas y otros combustibles. <\/strong>Le sigui\u00f3 la divisi\u00f3n<strong>\u00a0Comunicaci\u00f3n\u00a0(5,0%), por las subas en\u00a0Servicios de telefon\u00eda e internet.<\/strong><\/p>\n<p>Mientras que la<strong> divisi\u00f3n con mayor incidencia en el nivel general fue\u00a0Alimentos y bebidas no alcoh\u00f3licas\u00a0(2,2%) en cinco regiones, por los aumentos en\u00a0Carnes y derivados,\u00a0Pan y cereales\u00a0y\u00a0Leche, productos l\u00e1cteos y huevos; mientras que en GBA, la incidencia m\u00e1s alta se registr\u00f3 en\u00a0Restaurantes y hoteles\u00a0(4,6%).<\/strong><\/p>\n<p>Las dos divisiones con<strong> menores variaciones en diciembre de 2024 fueron\u00a0Prendas de vestir y calzado\u00a0(1,6%) y\u00a0Equipamiento y mantenimiento del hogar\u00a0(0,9%).<\/strong><\/p>\n<p><strong>A nivel de las categor\u00edas, los\u00a0Regulados\u00a0(3,4%) lideraron el incremento, seguidos del\u00a0IPC n\u00facleo\u00a0(3,2%), mientras que los\u00a0Estacionales\u00a0cayeron\u00a01,4%. <\/strong>\u00a0<strong>(VW)<\/strong><\/p>\n","protected":false},"excerpt":{"rendered":"<p>Seg\u00fan el Indec, el IPC de diciembre fue 2,7%. As\u00ed, la devaluaci\u00f3n mensual del peso se llevar\u00eda el 1%, una estrategia que genera pol\u00e9mica. Se destacan aumentos en Vivienda (5,3%) y Comunicaci\u00f3n (5,0%). Alimentos&#46;&#46;&#46;<\/p>\n","protected":false},"author":4,"featured_media":12926,"comment_status":"closed","ping_status":"closed","sticky":false,"template":"","format":"standard","meta":{"_monsterinsights_skip_tracking":false,"_monsterinsights_sitenote_active":false,"_monsterinsights_sitenote_note":"","_monsterinsights_sitenote_category":0,"footnotes":""},"categories":[6],"tags":[75,7195,5355],"class_list":["post-16970","post","type-post","status-publish","format-standard","has-post-thumbnail","hentry","category-economia","tag-indec","tag-ipc-diciembre","tag-luis-caputo"],"_links":{"self":[{"href":"https:\/\/www.visionweb.com.ar\/index.php?rest_route=\/wp\/v2\/posts\/16970","targetHints":{"allow":["GET"]}}],"collection":[{"href":"https:\/\/www.visionweb.com.ar\/index.php?rest_route=\/wp\/v2\/posts"}],"about":[{"href":"https:\/\/www.visionweb.com.ar\/index.php?rest_route=\/wp\/v2\/types\/post"}],"author":[{"embeddable":true,"href":"https:\/\/www.visionweb.com.ar\/index.php?rest_route=\/wp\/v2\/users\/4"}],"replies":[{"embeddable":true,"href":"https:\/\/www.visionweb.com.ar\/index.php?rest_route=%2Fwp%2Fv2%2Fcomments&post=16970"}],"version-history":[{"count":1,"href":"https:\/\/www.visionweb.com.ar\/index.php?rest_route=\/wp\/v2\/posts\/16970\/revisions"}],"predecessor-version":[{"id":16971,"href":"https:\/\/www.visionweb.com.ar\/index.php?rest_route=\/wp\/v2\/posts\/16970\/revisions\/16971"}],"wp:featuredmedia":[{"embeddable":true,"href":"https:\/\/www.visionweb.com.ar\/index.php?rest_route=\/wp\/v2\/media\/12926"}],"wp:attachment":[{"href":"https:\/\/www.visionweb.com.ar\/index.php?rest_route=%2Fwp%2Fv2%2Fmedia&parent=16970"}],"wp:term":[{"taxonomy":"category","embeddable":true,"href":"https:\/\/www.visionweb.com.ar\/index.php?rest_route=%2Fwp%2Fv2%2Fcategories&post=16970"},{"taxonomy":"post_tag","embeddable":true,"href":"https:\/\/www.visionweb.com.ar\/index.php?rest_route=%2Fwp%2Fv2%2Ftags&post=16970"}],"curies":[{"name":"wp","href":"https:\/\/api.w.org\/{rel}","templated":true}]}}