{"id":16963,"date":"2025-01-13T12:15:23","date_gmt":"2025-01-13T15:15:23","guid":{"rendered":"https:\/\/www.visionweb.com.ar\/?p=16963"},"modified":"2025-01-13T12:15:23","modified_gmt":"2025-01-13T15:15:23","slug":"lanus-nuevas-jornadas-de-controles-pediatricos-gratuitos-en-monte-chingolo","status":"publish","type":"post","link":"https:\/\/www.visionweb.com.ar\/?p=16963","title":{"rendered":"Lan\u00fas: Nuevas jornadas de controles pedi\u00e1tricos gratuitos en Monte Chingolo"},"content":{"rendered":"<p><em><strong>Los operativos comprenden controles pedi\u00e1tricos, oftalmol\u00f3gicos y odontol\u00f3gicos gratuitos. Se realizar\u00e1n el jueves 16 en la Unidad Sanitaria 1ro de Mayo, y el viernes 17 en la Unidad Sanitaria Miranda Norgreen. Hay que sacar turno.<\/strong><\/em><!--more--><\/p>\n<p><strong>\u00a0 <img loading=\"lazy\" decoding=\"async\" class=\"size-medium wp-image-16964 alignright\" src=\"https:\/\/www.visionweb.com.ar\/wp-content\/uploads\/2025\/01\/Jornadas-Salud-lanus-300x300.jpg\" alt=\"\" width=\"300\" height=\"300\" srcset=\"https:\/\/www.visionweb.com.ar\/wp-content\/uploads\/2025\/01\/Jornadas-Salud-lanus-300x300.jpg 300w, https:\/\/www.visionweb.com.ar\/wp-content\/uploads\/2025\/01\/Jornadas-Salud-lanus-150x150.jpg 150w, https:\/\/www.visionweb.com.ar\/wp-content\/uploads\/2025\/01\/Jornadas-Salud-lanus-80x80.jpg 80w, https:\/\/www.visionweb.com.ar\/wp-content\/uploads\/2025\/01\/Jornadas-Salud-lanus-320x320.jpg 320w, https:\/\/www.visionweb.com.ar\/wp-content\/uploads\/2025\/01\/Jornadas-Salud-lanus-65x65.jpg 65w, https:\/\/www.visionweb.com.ar\/wp-content\/uploads\/2025\/01\/Jornadas-Salud-lanus.jpg 512w\" sizes=\"auto, (max-width: 300px) 100vw, 300px\" \/>\u00a0\u00a0\u00a0\u00a0\u00a0\u00a0\u00a0\u00a0\u00a0\u00a0\u00a0\u00a0\u00a0 E<\/strong>l<strong> Municipio de Lan\u00fas <\/strong>realizar\u00e1 un nuevo<strong> operativo de Jornadas de Salud para Infancias, que incluye controles pedi\u00e1tricos, oftalmol\u00f3gicos y odontol\u00f3gicos <\/strong>con firma de libreta de ANSES\u00a0para asignaciones, en caso que lo requieran, tambi\u00e9n habr\u00e1<strong>\u00a0vacunaci\u00f3n de calendario y contra el Covid-19.<\/strong><\/p>\n<p><strong>Los operativos ser\u00e1n el jueves en la Unidad Sanitaria 1\u00ba de Mayo<\/strong>, ubicada en Teodoro S\u00e1nchez de Bustamante 2355 de Lan\u00fas Este,\u00a0<strong>y el viernes en la Unidad Sanitaria Miranda Norgreen<\/strong>, sita en Coronel Murature 4114 de Lan\u00fas Oeste.<\/p>\n<p>Se requiere solicitar turno previo, los cuales <strong>se entregar\u00e1n en forma presencial a partir de hoy y hasta el mi\u00e9rcoles<\/strong>, de 9 a 12, en las distintas unidades sanitarias. Es fundamental acudir con el dni del menor. La atenci\u00f3n es hasta los 14 a\u00f1os inclusive.<\/p>\n<p>Esta iniciativa se torna una oportunidad ideal de cara al comienzo del ciclo lectivo 2025, para ya contar con los certificados que suelen pedir las instituciones educativas.<\/p>\n<p>Cabe remarcar que esta actividad itinerante se lanz\u00f3 a mediados de febrero de 2024 para fortalecer las pol\u00edticas de prevenci\u00f3n y cuidado de la salud de las infancias. Desde entonces, se lleva adelante todas las semanas en diferentes salas del distrito. <strong>(VW)<\/strong><\/p>\n<p>&nbsp;<\/p>\n","protected":false},"excerpt":{"rendered":"<p>Los operativos comprenden controles pedi\u00e1tricos, oftalmol\u00f3gicos y odontol\u00f3gicos gratuitos. Se realizar\u00e1n el jueves 16 en la Unidad Sanitaria 1ro de Mayo, y el viernes 17 en la Unidad Sanitaria Miranda Norgreen. Hay que sacar&#46;&#46;&#46;<\/p>\n","protected":false},"author":4,"featured_media":16964,"comment_status":"closed","ping_status":"closed","sticky":false,"template":"","format":"standard","meta":{"_monsterinsights_skip_tracking":false,"_monsterinsights_sitenote_active":false,"_monsterinsights_sitenote_note":"","_monsterinsights_sitenote_category":0,"footnotes":""},"categories":[5],"tags":[6109,2443,7192],"class_list":["post-16963","post","type-post","status-publish","format-standard","has-post-thumbnail","hentry","category-sociedad","tag-lanus-gobierno","tag-operativos-de-salud","tag-pediatricos"],"_links":{"self":[{"href":"https:\/\/www.visionweb.com.ar\/index.php?rest_route=\/wp\/v2\/posts\/16963","targetHints":{"allow":["GET"]}}],"collection":[{"href":"https:\/\/www.visionweb.com.ar\/index.php?rest_route=\/wp\/v2\/posts"}],"about":[{"href":"https:\/\/www.visionweb.com.ar\/index.php?rest_route=\/wp\/v2\/types\/post"}],"author":[{"embeddable":true,"href":"https:\/\/www.visionweb.com.ar\/index.php?rest_route=\/wp\/v2\/users\/4"}],"replies":[{"embeddable":true,"href":"https:\/\/www.visionweb.com.ar\/index.php?rest_route=%2Fwp%2Fv2%2Fcomments&post=16963"}],"version-history":[{"count":1,"href":"https:\/\/www.visionweb.com.ar\/index.php?rest_route=\/wp\/v2\/posts\/16963\/revisions"}],"predecessor-version":[{"id":16965,"href":"https:\/\/www.visionweb.com.ar\/index.php?rest_route=\/wp\/v2\/posts\/16963\/revisions\/16965"}],"wp:featuredmedia":[{"embeddable":true,"href":"https:\/\/www.visionweb.com.ar\/index.php?rest_route=\/wp\/v2\/media\/16964"}],"wp:attachment":[{"href":"https:\/\/www.visionweb.com.ar\/index.php?rest_route=%2Fwp%2Fv2%2Fmedia&parent=16963"}],"wp:term":[{"taxonomy":"category","embeddable":true,"href":"https:\/\/www.visionweb.com.ar\/index.php?rest_route=%2Fwp%2Fv2%2Fcategories&post=16963"},{"taxonomy":"post_tag","embeddable":true,"href":"https:\/\/www.visionweb.com.ar\/index.php?rest_route=%2Fwp%2Fv2%2Ftags&post=16963"}],"curies":[{"name":"wp","href":"https:\/\/api.w.org\/{rel}","templated":true}]}}