{"id":16960,"date":"2025-01-13T10:59:58","date_gmt":"2025-01-13T13:59:58","guid":{"rendered":"https:\/\/www.visionweb.com.ar\/?p=16960"},"modified":"2025-01-13T10:59:58","modified_gmt":"2025-01-13T13:59:58","slug":"proyecto-para-prohibir-el-uso-de-plasticos-no-biodegradables-en-la-provincia","status":"publish","type":"post","link":"https:\/\/www.visionweb.com.ar\/?p=16960","title":{"rendered":"Proyecto para prohibir el uso de pl\u00e1sticos no biodegradables en la provincia"},"content":{"rendered":"<p><em><strong>Es para el empaquetado de frutas y vegetales. La iniciativa fue presentada por una diputada del bloque de libertarios dialoguistas.<\/strong><\/em><!--more--><\/p>\n<p><img loading=\"lazy\" decoding=\"async\" class=\"size-medium wp-image-16961 alignright\" src=\"https:\/\/www.visionweb.com.ar\/wp-content\/uploads\/2025\/01\/frutas-empaque-film-300x188.png\" alt=\"\" width=\"300\" height=\"188\" srcset=\"https:\/\/www.visionweb.com.ar\/wp-content\/uploads\/2025\/01\/frutas-empaque-film-300x188.png 300w, https:\/\/www.visionweb.com.ar\/wp-content\/uploads\/2025\/01\/frutas-empaque-film.png 579w\" sizes=\"auto, (max-width: 300px) 100vw, 300px\" \/>\u00a0\u00a0 <strong>L<\/strong>a\u00a0<strong>diputada bonaerense del bloque dialoguista Uni\u00f3n Renovaci\u00f3n y Fe<\/strong>,\u00a0<strong>Salom\u00e9 Jalil Toledo<\/strong>, present\u00f3 un proyecto para que <strong>se proh\u00edba el uso de pl\u00e1sticos no biodegradables en el empaquetado de frutas y vegetales<\/strong>, mientras\u00a0que para los casos en los que su uso fuera t\u00e9cnicamente imprescindible, que incluyan obligatoriamente una etiqueta con informaci\u00f3n sobre los materiales utilizados y el impacto ambiental.<\/p>\n<p>\u201c<strong>Este proyecto de ley no solo contempla el marco normativo existente, sino que tambi\u00e9n refuerza el compromiso de la Provincia de Buenos Aires con el desarrollo sostenible y la lucha contra el cambio clim\u00e1tico<\/strong>\u201d, remarc\u00f3 en los fundamentos la integrante del bloque de los libertarios dialoguistas\u00a0en la\u00a0<strong>C\u00e1mara de Diputados bonaerense<\/strong>.<\/p>\n<p>La\u00a0<strong>legisladora bonaerense\u00a0<\/strong>considera como pl\u00e1sticos no\u00a0<strong>biodegradables\u00a0<\/strong>en su proyecto al <strong>film<\/strong> y al poliestireno expandido, m\u00e1s conocido como <strong>telgopor<\/strong>, que en ocasiones sirven para realizar el empaquetado de\u00a0<strong>frutas y vegetales<\/strong>\u00a0frescos que luego ser\u00e1n comercializados.<\/p>\n<p>En esa l\u00ednea, solicit\u00f3 que a partir de la aprobaci\u00f3n de la normativa los negocios en la<strong>\u00a0provincia de Buenos Aires<\/strong>\u00a0cuenten con materiales de este tipo, compostables y reciclables para tales fines.<\/p>\n<p>Asimismo, la l<strong>ibertaria dialoguista<\/strong>\u00a0propuso que aquellos empaques que no contentan las particularidades requeridas cuenten con una etiqueta visible que contenga una leyenda similar a: \u201c<strong>La c\u00e1scara de ninguna fruta tarda 400 a\u00f1os en descomponerse. Este empaque s\u00ed<\/strong>\u201d. \u00a0Seg\u00fan\u00a0<strong>Jalil<\/strong>, esta medida colabora con la concientizaci\u00f3n de los consumidores sobre el impacto ambiental de los materiales.<\/p>\n<p>Por otra parte, el proyecto propone la creaci\u00f3n de un <strong>programa de incentivos econ\u00f3micos<\/strong> para <strong>productores y distribuidores<\/strong> de la\u00a0<strong>provincia de Buenos Aires<\/strong>, que deber\u00e1n estar previamente registrados, que adopten las medidas alternativas sostenibles al pl\u00e1stico, a la hora de realizar el empaquetado de las frutas y verduras. As\u00ed como tambi\u00e9n aplicar una serie de <strong>sanciones<\/strong> \u201c<strong>proporcionales al nivel de incumplimiento<\/strong>\u201d.<\/p>\n<p>\u201c<strong>La provincia de Buenos Aires fue pionera con la prohibici\u00f3n del uso de bolsas de polietileno y promueve alternativas biodegradables<\/strong>. Sin embargo, es necesario <strong>ampliar su alcance para abordar el uso innecesario de pl\u00e1sticos<\/strong>, que generan un impacto significativo en los ecosistemas\u201d, fundament\u00f3\u00a0<strong>Toledo Jalil<\/strong>\u00a0en su proyecto.<\/p>\n<p>Cabe mencionar que, a nivel nacional la\u00a0<strong>Ley 25.916 de Gesti\u00f3n de Residuos Domiciliarios<\/strong>, establece los principios de reducci\u00f3n, reutilizaci\u00f3n y reciclaje y refuerza la importancia de atacar la disposici\u00f3n final de los desechos y su origen. Asimismo, en las provincias y municipios se implementaron normativas que van en l\u00ednea con el\u00a0<strong>Acuerdo de Par\u00eds<\/strong>, que responden directamente a adoptar medidas para combatir el cambio clim\u00e1tico a nivel internacional.<\/p>\n<p>\u201c<strong>La transici\u00f3n hacia materiales biodegradables, compostables o reciclables no solo es t\u00e9cnicamente viable, sino que tambi\u00e9n representa una oportunidad para la innovaci\u00f3n y el desarrollo de nuevas cadenas de valor<\/strong>\u201d, se\u00f1al\u00f3 la\u00a0<strong>diputada\u00a0<\/strong>del bloque\u00a0<strong>dialoguista<\/strong>\u00a0que comanda\u00a0<strong>Sergio Cuervo<\/strong>. Adem\u00e1s, la legisladora bonaerense destac\u00f3 que los incentivos econ\u00f3micos ser\u00e1n un mecanismo facilitador para lograr que tales objetivos se cumplan en la provincia de Buenos Aires.<\/p>\n<p>Por \u00faltimo,\u00a0<strong>Toledo Jalil\u00a0<\/strong>compar\u00f3 el efecto positivo que tuvo la implementaci\u00f3n de la\u00a0<strong>Ley de Etiquetado Frontal\u00a0<\/strong>en la toma de decisiones de los consumidores a la hora de realizar cambios en su comportamiento. \u201c<strong>El simple gesto de poner una etiqueta puede fomentar un consumo m\u00e1s consciente, alineando los h\u00e1bitos habituales con los objetivos colectivos de sostenibilidad<\/strong>\u201d, ponder\u00f3. <strong>(VW)<\/strong><\/p>\n","protected":false},"excerpt":{"rendered":"<p>Es para el empaquetado de frutas y vegetales. La iniciativa fue presentada por una diputada del bloque de libertarios dialoguistas.<\/p>\n","protected":false},"author":4,"featured_media":16961,"comment_status":"closed","ping_status":"closed","sticky":false,"template":"","format":"standard","meta":{"_monsterinsights_skip_tracking":false,"_monsterinsights_sitenote_active":false,"_monsterinsights_sitenote_note":"","_monsterinsights_sitenote_category":0,"footnotes":""},"categories":[8,4],"tags":[7188,7190,7189,7191],"class_list":["post-16960","post","type-post","status-publish","format-standard","has-post-thumbnail","hentry","category-interes-general","category-politica","tag-diputada-libertaria-bonaerense","tag-film","tag-proyecto-empaque-de-vegetales","tag-salome-toledo"],"_links":{"self":[{"href":"https:\/\/www.visionweb.com.ar\/index.php?rest_route=\/wp\/v2\/posts\/16960","targetHints":{"allow":["GET"]}}],"collection":[{"href":"https:\/\/www.visionweb.com.ar\/index.php?rest_route=\/wp\/v2\/posts"}],"about":[{"href":"https:\/\/www.visionweb.com.ar\/index.php?rest_route=\/wp\/v2\/types\/post"}],"author":[{"embeddable":true,"href":"https:\/\/www.visionweb.com.ar\/index.php?rest_route=\/wp\/v2\/users\/4"}],"replies":[{"embeddable":true,"href":"https:\/\/www.visionweb.com.ar\/index.php?rest_route=%2Fwp%2Fv2%2Fcomments&post=16960"}],"version-history":[{"count":1,"href":"https:\/\/www.visionweb.com.ar\/index.php?rest_route=\/wp\/v2\/posts\/16960\/revisions"}],"predecessor-version":[{"id":16962,"href":"https:\/\/www.visionweb.com.ar\/index.php?rest_route=\/wp\/v2\/posts\/16960\/revisions\/16962"}],"wp:featuredmedia":[{"embeddable":true,"href":"https:\/\/www.visionweb.com.ar\/index.php?rest_route=\/wp\/v2\/media\/16961"}],"wp:attachment":[{"href":"https:\/\/www.visionweb.com.ar\/index.php?rest_route=%2Fwp%2Fv2%2Fmedia&parent=16960"}],"wp:term":[{"taxonomy":"category","embeddable":true,"href":"https:\/\/www.visionweb.com.ar\/index.php?rest_route=%2Fwp%2Fv2%2Fcategories&post=16960"},{"taxonomy":"post_tag","embeddable":true,"href":"https:\/\/www.visionweb.com.ar\/index.php?rest_route=%2Fwp%2Fv2%2Ftags&post=16960"}],"curies":[{"name":"wp","href":"https:\/\/api.w.org\/{rel}","templated":true}]}}