{"id":16958,"date":"2025-01-13T10:00:39","date_gmt":"2025-01-13T13:00:39","guid":{"rendered":"https:\/\/www.visionweb.com.ar\/?p=16958"},"modified":"2025-01-12T20:25:30","modified_gmt":"2025-01-12T23:25:30","slug":"el-ejecutivo-convoco-a-sesiones-extraordinarias","status":"publish","type":"post","link":"https:\/\/www.visionweb.com.ar\/?p=16958","title":{"rendered":"El Ejecutivo convoc\u00f3 a sesiones extraordinarias"},"content":{"rendered":"<p><em><strong>Ser\u00e1n a partir del 20 de enero y se extender\u00e1n hasta el 21 de febrero. Los temas principales ser\u00e1n eliminaci\u00f3n de las PASO (Primarias Abiertas, simult\u00e1neas y obligatorias), la reforma del C\u00f3digo Penal, entre otras iniciativas del Ejecutivo.<\/strong><\/em> <!--more--><\/p>\n<p><img loading=\"lazy\" decoding=\"async\" class=\"size-medium wp-image-12685 alignright\" src=\"https:\/\/www.visionweb.com.ar\/wp-content\/uploads\/2023\/11\/Congreso-nacional-300x242.png\" alt=\"\" width=\"300\" height=\"242\" srcset=\"https:\/\/www.visionweb.com.ar\/wp-content\/uploads\/2023\/11\/Congreso-nacional-300x242.png 300w, https:\/\/www.visionweb.com.ar\/wp-content\/uploads\/2023\/11\/Congreso-nacional.png 532w\" sizes=\"auto, (max-width: 300px) 100vw, 300px\" \/>El Gobierno de Javier Milei convoc\u00f3 a \u00abSesiones extraordinarias\u00bb al Congreso de la Naci\u00f3n, anunci\u00f3 el viernes el vocero presidencial, Manuel Adornis, a trav\u00e9s de la red social X (ex twitter).<\/p>\n<p>El Poder Ejecutivo firm\u00f3 el decreto que convoca a\u00a0sesiones extraordinarias\u00a0en el Congreso de la Naci\u00f3n, que\u00a0<strong>se desarrollar\u00e1n entre el 20 de enero y el 21 de febrero.<\/strong><\/p>\n<p>Entre los principales temas en agenda, impulsados por el Poder Ejecutivo figuran la eliminaci\u00f3n de las PASO, la reforma del C\u00f3digo Penal, la Ley antimafia, el\u00a0 juicio en ausencia, Ficha Limpia.<\/p>\n<p>Adem\u00e1s se tiene previsto tratar \u00a0los pliegos de Ariel Lijo y Manuel Garc\u00eda Mansilla para ocupar las vacantes de la Corte Suprema.<\/p>\n<p>Tambi\u00e9n, se incluir\u00e1n proyectos como la Ley de Reforma para el Fortalecimiento Electoral, y normativas vinculadas a la compensaci\u00f3n e \u00edndices de actualizaci\u00f3n de quebrantos, adem\u00e1s de los pliegos que requieren acuerdo del Senado de la Naci\u00f3n.<\/p>\n<p>\u201c<strong>El Gobierno va a convocar a extraordinarias y la reforma electoral es una de las propuestas que queremos tratar, pero en particular el tema de la eliminaci\u00f3n de Las PASO<\/strong>\u201c, dijo el Jefe de Gabinete, Guillermo Francos, en declaraciones radiales.<\/p>\n<p><strong>En ese sentido, indic\u00f3 que, las elecciones primarias \u201cen el orden nacional\u00a0deben estar costando 150 millones de d\u00f3lares\u00a0y eso es un gasto rid\u00edculo, un mal uso de los fondos del Estado y eso\u00a0hay que cambiarlo\u201d<\/strong>.<\/p>\n<p>\u201cCada partido pol\u00edtico tiene en su estatuto una mec\u00e1nica, un sistema para poder elegir el candidato. Nos parece impropio que esa responsabilidad sea transferida al pueblo argentino. Eso adem\u00e1s tiene un gasto importante\u201d, cerr\u00f3 <strong>(VW)<\/strong><\/p>\n<p>&nbsp;<\/p>\n","protected":false},"excerpt":{"rendered":"<p>Ser\u00e1n a partir del 20 de enero y se extender\u00e1n hasta el 21 de febrero. Los temas principales ser\u00e1n eliminaci\u00f3n de las PASO (Primarias Abiertas, simult\u00e1neas y obligatorias), la reforma del C\u00f3digo Penal, entre&#46;&#46;&#46;<\/p>\n","protected":false},"author":3,"featured_media":373,"comment_status":"closed","ping_status":"closed","sticky":false,"template":"","format":"standard","meta":{"_monsterinsights_skip_tracking":false,"_monsterinsights_sitenote_active":false,"_monsterinsights_sitenote_note":"","_monsterinsights_sitenote_category":0,"footnotes":""},"categories":[4],"tags":[485,143,7187,470],"class_list":["post-16958","post","type-post","status-publish","format-standard","has-post-thumbnail","hentry","category-politica","tag-congreso","tag-diputados","tag-extraordinarias","tag-sesiones"],"_links":{"self":[{"href":"https:\/\/www.visionweb.com.ar\/index.php?rest_route=\/wp\/v2\/posts\/16958","targetHints":{"allow":["GET"]}}],"collection":[{"href":"https:\/\/www.visionweb.com.ar\/index.php?rest_route=\/wp\/v2\/posts"}],"about":[{"href":"https:\/\/www.visionweb.com.ar\/index.php?rest_route=\/wp\/v2\/types\/post"}],"author":[{"embeddable":true,"href":"https:\/\/www.visionweb.com.ar\/index.php?rest_route=\/wp\/v2\/users\/3"}],"replies":[{"embeddable":true,"href":"https:\/\/www.visionweb.com.ar\/index.php?rest_route=%2Fwp%2Fv2%2Fcomments&post=16958"}],"version-history":[{"count":1,"href":"https:\/\/www.visionweb.com.ar\/index.php?rest_route=\/wp\/v2\/posts\/16958\/revisions"}],"predecessor-version":[{"id":16959,"href":"https:\/\/www.visionweb.com.ar\/index.php?rest_route=\/wp\/v2\/posts\/16958\/revisions\/16959"}],"wp:featuredmedia":[{"embeddable":true,"href":"https:\/\/www.visionweb.com.ar\/index.php?rest_route=\/wp\/v2\/media\/373"}],"wp:attachment":[{"href":"https:\/\/www.visionweb.com.ar\/index.php?rest_route=%2Fwp%2Fv2%2Fmedia&parent=16958"}],"wp:term":[{"taxonomy":"category","embeddable":true,"href":"https:\/\/www.visionweb.com.ar\/index.php?rest_route=%2Fwp%2Fv2%2Fcategories&post=16958"},{"taxonomy":"post_tag","embeddable":true,"href":"https:\/\/www.visionweb.com.ar\/index.php?rest_route=%2Fwp%2Fv2%2Ftags&post=16958"}],"curies":[{"name":"wp","href":"https:\/\/api.w.org\/{rel}","templated":true}]}}