{"id":16948,"date":"2025-01-10T13:57:21","date_gmt":"2025-01-10T16:57:21","guid":{"rendered":"https:\/\/www.visionweb.com.ar\/?p=16948"},"modified":"2025-01-10T13:57:21","modified_gmt":"2025-01-10T16:57:21","slug":"mauricio-macri-podria-avanzar-en-un-acuerdo-electoral-con-javier-milei","status":"publish","type":"post","link":"https:\/\/www.visionweb.com.ar\/?p=16948","title":{"rendered":"Mauricio Macri podr\u00eda avanzar en un acuerdo electoral con Javier Milei"},"content":{"rendered":"<p><em><strong>\u201cEstamos dispuestos a conformar un equipo\u201d, dijo el expresidente luego que el actual mandatario convocara a ir juntos para \u201carrasar al kirchnerismo\u201d.<\/strong><\/em><strong> <em>Seg\u00fan Jorge Macri su primo podr\u00eda ser candidato en la Provincia.<\/em><em>\u00a0<\/em><\/strong><!--more--><\/p>\n<div id=\"attachment_6606\" style=\"width: 310px\" class=\"wp-caption alignright\"><img loading=\"lazy\" decoding=\"async\" aria-describedby=\"caption-attachment-6606\" class=\"wp-image-6606 size-medium\" src=\"https:\/\/www.visionweb.com.ar\/wp-content\/uploads\/2022\/07\/macri-en-palermo-300x158.jpg\" alt=\"\" width=\"300\" height=\"158\" srcset=\"https:\/\/www.visionweb.com.ar\/wp-content\/uploads\/2022\/07\/macri-en-palermo-300x158.jpg 300w, https:\/\/www.visionweb.com.ar\/wp-content\/uploads\/2022\/07\/macri-en-palermo.jpg 600w\" sizes=\"auto, (max-width: 300px) 100vw, 300px\" \/><p id=\"caption-attachment-6606\" class=\"wp-caption-text\">Mauricio Macri, foto archivo en Palermo 22<\/p><\/div>\n<p><strong>\u00a0 \u00a0\u00a0 E<\/strong>l expresidente\u00a0<strong>Mauricio Macri<\/strong>\u00a0dio muestras de <strong>una posible alianza con Javier Milei,<\/strong>\u00a0luego de que el mandatario libertario hablara de conformar un\u00a0\u201cacuerdo total\u201d\u00a0de\u00a0<strong>La Libertad Avanza (LLA) con Pro<\/strong>\u00a0para \u201carrasar al\u00a0<strong>kirchnerismo<\/strong>\u201d en las elecciones\u00a0<strong>legislativas\u00a0<\/strong>del 2025.<\/p>\n<p><strong>\u201cPodemos representar juntos las banderas del cambio, la libertad y las instituciones\u201d,\u00a0<\/strong><strong>escribi\u00f3 Macri <\/strong>en un mensaje en redes sociales, donde acepta trabajar con LLA rumbo a las elecciones de este a\u00f1o para que el kirchnerismo \u201cno vuelva a gobernar\u201d.<\/p>\n<p>Por su parte, el jefe de Gobierno porte\u00f1o,\u00a0<strong>Jorge Macri, hizo p\u00fablica este viernes una estrategia posible<\/strong>\u00a0que hasta ahora se evaluaba en el PRO en forma reservada: <strong>que su primo, el expresidente Mauricio Macri, sea candidato en la Provincia de Buenos Aires este a\u00f1o<\/strong>.<\/p>\n<p>Con un tono de humor, Jorge Macri coment\u00f3: \u201c<strong>Ojo que una vez dijeron \u2018Armen un partidito y ganen las elecciones\u2019 y lo hicimos<\/strong>. Guarda que se viene Mauricio Macri candidato, me va a matar ahora\u201d. Estas palabras generaron risas entre los asistentes y evidencian la posibilidad de que su primo, el ex presidente, regrese a la pol\u00edtica activa.<\/p>\n<p>Adem\u00e1s, Jorge Macri midi\u00f3: \u201c<strong>Y encima el tipo naci\u00f3 en provincia (en Tandil), tiene domicilio en Ciudad, la puede seguir a Cristina (Kirchner) donde haga falta\u201d<\/strong>.<\/p>\n<p>Las declaraciones del jefe de Gobierno se conocen despu\u00e9s de que el expresidente aceptara la propuesta del presidente Javier Milei de avanzar en la posibilidad de un\u00a0<strong>\u201cacuerdo total\u201d en materia electoral este a\u00f1o, para \u201carrasar con el kirchnerismo\u201d<\/strong>.<\/p>\n<p>Las declaraciones del Jefe de Gobierno abren<strong>\u00a0una posibilidad estrat\u00e9gica nueva<\/strong>, porque hasta ahora solo se hablaba de una candidatura de Macri a senador por la ciudad de Buenos Aires, un distrito donde LLA amenaza con desafiar el liderazgo m\u00e1s consolidado de PRO.<\/p>\n<p>Principal esc\u00e9ptico de una alianza electoral que fusione al PRO con LLA, el alcalde ratific\u00f3 la independencia del partido amarillo y lanz\u00f3:<strong>\u00a0\u201cQue quede claro que en la Ciudad gobierna el PRO\u201d<\/strong>.<\/p>\n<p><strong>Fue un mensaje teledirigido a Karina Milei<\/strong>, con quien viene manteniendo roces desde que sus legisladores le votaron en contra del Presupuesto 2025 de la Ciudad. Primero fue el desdoblamiento de las elecciones porte\u00f1as y, acto seguido, un lanzamiento de campa\u00f1a anticipado de modo de marcarle la cancha a La Libertad Avanza.\u00a0<strong>\u201cEsta ciudad no es un bot\u00edn de guerra pol\u00edtica.\u00a0<\/strong>Esta ciudad es su gente, la gente que la habita. Es algo que tenemos que cuidar, no es algo que hay que romper para reconstruir\u201d, lanz\u00f3, desde una tarima de un club deportivo del barrio de Villa Pueyrred\u00f3n.<\/p>\n<p>Si bien el expresidente se muestra reticente a cerrar un acuerdo, el Zoom en el que hab\u00eda participado en la noche del mi\u00e9rcoles con la mesa chica del PRO coincidi\u00f3 en responder al mensaje de Milei con un gesto de buena fe. Y se avanz\u00f3 en este sentido. Ahora el jefe de Gobierno porte\u00f1o decidi\u00f3, por su cuenta, avanzar con una declaraci\u00f3n de pelea. <strong>(VW)\u00a0<\/strong><\/p>\n","protected":false},"excerpt":{"rendered":"<p>\u201cEstamos dispuestos a conformar un equipo\u201d, dijo el expresidente luego que el actual mandatario convocara a ir juntos para \u201carrasar al kirchnerismo\u201d. Seg\u00fan Jorge Macri su primo podr\u00eda ser candidato en la Provincia.\u00a0<\/p>\n","protected":false},"author":4,"featured_media":6606,"comment_status":"closed","ping_status":"closed","sticky":false,"template":"","format":"standard","meta":{"_monsterinsights_skip_tracking":false,"_monsterinsights_sitenote_active":false,"_monsterinsights_sitenote_note":"","_monsterinsights_sitenote_category":0,"footnotes":""},"categories":[4],"tags":[7182,5263,7181],"class_list":["post-16948","post","type-post","status-publish","format-standard","has-post-thumbnail","hentry","category-politica","tag-alianza-con-milei","tag-jorge-macri","tag-mauricio-macri"],"_links":{"self":[{"href":"https:\/\/www.visionweb.com.ar\/index.php?rest_route=\/wp\/v2\/posts\/16948","targetHints":{"allow":["GET"]}}],"collection":[{"href":"https:\/\/www.visionweb.com.ar\/index.php?rest_route=\/wp\/v2\/posts"}],"about":[{"href":"https:\/\/www.visionweb.com.ar\/index.php?rest_route=\/wp\/v2\/types\/post"}],"author":[{"embeddable":true,"href":"https:\/\/www.visionweb.com.ar\/index.php?rest_route=\/wp\/v2\/users\/4"}],"replies":[{"embeddable":true,"href":"https:\/\/www.visionweb.com.ar\/index.php?rest_route=%2Fwp%2Fv2%2Fcomments&post=16948"}],"version-history":[{"count":1,"href":"https:\/\/www.visionweb.com.ar\/index.php?rest_route=\/wp\/v2\/posts\/16948\/revisions"}],"predecessor-version":[{"id":16949,"href":"https:\/\/www.visionweb.com.ar\/index.php?rest_route=\/wp\/v2\/posts\/16948\/revisions\/16949"}],"wp:featuredmedia":[{"embeddable":true,"href":"https:\/\/www.visionweb.com.ar\/index.php?rest_route=\/wp\/v2\/media\/6606"}],"wp:attachment":[{"href":"https:\/\/www.visionweb.com.ar\/index.php?rest_route=%2Fwp%2Fv2%2Fmedia&parent=16948"}],"wp:term":[{"taxonomy":"category","embeddable":true,"href":"https:\/\/www.visionweb.com.ar\/index.php?rest_route=%2Fwp%2Fv2%2Fcategories&post=16948"},{"taxonomy":"post_tag","embeddable":true,"href":"https:\/\/www.visionweb.com.ar\/index.php?rest_route=%2Fwp%2Fv2%2Ftags&post=16948"}],"curies":[{"name":"wp","href":"https:\/\/api.w.org\/{rel}","templated":true}]}}