{"id":16943,"date":"2025-01-10T13:06:40","date_gmt":"2025-01-10T16:06:40","guid":{"rendered":"https:\/\/www.visionweb.com.ar\/?p=16943"},"modified":"2025-01-10T13:06:40","modified_gmt":"2025-01-10T16:06:40","slug":"el-gobierno-de-milei-insto-a-los-gobiernos-de-la-region-a-exigir-el-fin-del-regimen-socialista-en-venezuela","status":"publish","type":"post","link":"https:\/\/www.visionweb.com.ar\/?p=16943","title":{"rendered":"El gobierno de Milei inst\u00f3 a los gobiernos de la regi\u00f3n a \u201cexigir el fin del r\u00e9gimen socialista\u201d en Venezuela\u00a0"},"content":{"rendered":"<p><strong><em>El Gobierno argentino expres\u00f3 en las \u00faltimas horas su \u201cpreocupaci\u00f3n\u201d por la situaci\u00f3n de\u00a0Corina Machado\u00a0en Venezuela. Emiti\u00f3 un comunicado para que \u201clos gobiernos de la regi\u00f3n se unan para pedir su liberaci\u00f3n\u201d, a la vez que exigi\u00f3 el \u201cfin del r\u00e9gimen socialista\u201d de Nicol\u00e1s Maduro\u00a0en ese pa\u00eds.<\/em>\u00a0<\/strong><!--more--><\/p>\n<div id=\"attachment_16944\" style=\"width: 278px\" class=\"wp-caption alignright\"><img loading=\"lazy\" decoding=\"async\" aria-describedby=\"caption-attachment-16944\" class=\"wp-image-16944 size-full\" src=\"https:\/\/www.visionweb.com.ar\/wp-content\/uploads\/2025\/01\/venezolanos.png\" alt=\"\" width=\"268\" height=\"181\" \/><p id=\"caption-attachment-16944\" class=\"wp-caption-text\">Foto de internet<\/p><\/div>\n<p><strong>L<\/strong>a Casa Rosada emiti\u00f3 un comunicado, en el que <strong>expres\u00f3 su \u201cpreocupaci\u00f3n\u201d por la situaci\u00f3n de\u00a0Corina Machado\u00a0en Venezuela, <\/strong>y pidi\u00f3 adem\u00e1s que \u201cl<strong>os gobiernos de la regi\u00f3n se unan para pedir su liberaci\u00f3n<\/strong>\u201d, luego de que en su entorno denunciaran que la dirigente hab\u00eda sido abordada por personas vinculadas al gobierno de Venezuela.<\/p>\n<p><strong>\u201cEn un operativo digno de las peores dictaduras de la historia, agentes del r\u00e9gimen de (Nicol\u00e1s) Maduro dispararon contra su escolta y la habr\u00edan secuestrado violentamente. Su equipo denuncia que ha perdido comunicaci\u00f3n con ella\u201d, advirti\u00f3 la gesti\u00f3n de Javier Milei<\/strong>.<\/p>\n<p>Lament\u00f3 que \u201ca un d\u00eda de la toma de la asunci\u00f3n de <strong>Edmundo Gonz\u00e1lez Urrutia<\/strong>, presidente electo, el dictador <strong>Nicol\u00e1s Maduro hace una demostraci\u00f3n de fuerza atacando a la mayor referente en favor de una Venezuela libre y democr\u00e1tica<\/strong>\u201d.<\/p>\n<p><strong>\u201cEl presidente Javier Milei convoca a los dem\u00e1s gobiernos de la regi\u00f3n a repudiar el ataque contra Mar\u00eda Corina Machado y a exigir el fin del r\u00e9gimen socialista que ha dejado a millones de venezolanos en la pobreza, exiliados o dependientes de las d\u00e1divas de la dictadura, creando un verdadero infierno sobre la Tierra\u201d<\/strong>, indic\u00f3 el comunicado.<\/p>\n<p>Machado hab\u00eda sido retenida por la fuerza durante unas horas: \u201cDurante el periodo de su secuestro fue forzada a grabar varios videos y luego fue liberada\u201d, inform\u00f3 el <strong>partido Comando Con Venezuela<\/strong>.<\/p>\n<p><strong>Provincia: <\/strong><\/p>\n<p>Mientras, en la Provincia, diputados de la UCR, el PRO y la Coalici\u00f3n C\u00edvica repudiaron la \u201cdictadura\u201d de Maduro.<\/p>\n<p>En ese sentido, los titulares de los bloques de\u00a0<strong>diputados\u00a0<\/strong>bonaerenses de la\u00a0<strong>Uni\u00f3n C\u00edvica Radical\u00a0<\/strong>(<strong>UCR<\/strong>) +\u00a0<strong>Cambio Federal<\/strong>, <strong>Diego Garciarena,<\/strong> <strong>Mat\u00edas Ranzini del PRO<\/strong>, y de la\u00a0<strong>Coalici\u00f3n C\u00edvica<\/strong>\u00a0<strong>Maricel Etchecoin<\/strong>, se reunieron ayer jueves y <strong>firmaron un comunicado conjunto<\/strong> para repudiar en\u00e9rgicamente la dictadura que viven los venezolanos en manos de quien lidera las riendas del Estado nacional del pa\u00eds caribe\u00f1o,\u00a0<strong>Nicol\u00e1s Maduro<\/strong>.<\/p>\n<p>En el <strong>escrito titulado \u201cpacto democr\u00e1tico y derechos humanos, un compromiso irrenunciable\u201d<\/strong>, los\u00a0<strong>legisladores\u00a0<\/strong>de la\u00a0<strong>provincia de Buenos Aires<\/strong>\u00a0destacaron que la \u201csituaci\u00f3n cr\u00edtica y desesperante\u201d que atraviesa\u00a0<strong>Venezuela\u00a0<\/strong>no es un problema que aqueja s\u00f3lo a los venezolanos, sino a los pa\u00edses que lo rodean y aquellos que forman parte de\u00a0<strong>Am\u00e9rica del Sur<\/strong>.<\/p>\n<p>\u201cSe trata de una crisis que puso en riesgo la convivencia entre las naciones y que genera sufrimiento a toda una sociedad. Los 8 millones de exiliados en los \u00faltimos a\u00f1os, son un cruel testimonio de ello. La inminencia de un auto golpe de Estado por parte de la\u00a0<strong>dictadura\u00a0<\/strong>que encabeza\u00a0<strong>Maduro<\/strong>, profundiza esta crisis y obliga a todas las democracias e instituciones democr\u00e1ticas de la regi\u00f3n y del mundo a actuar de manera urgente\u201d, destaca el escrito de la\u00a0<strong>UCR<\/strong>, el\u00a0<strong>PRO\u00a0<\/strong>y la\u00a0<strong>Coalici\u00f3n C\u00edvica<\/strong>.<\/p>\n<p>En ese sentido, los\u00a0<strong>diputados bonaerenses\u00a0<\/strong><strong>de los tres espacios que forman parte del recinto de la C\u00e1mara baja<\/strong>, enfatizaron que, como argentinos, son conscientes de lo que puede ocurrir \u201ccuando se relativizan los alcances de los golpes de estado y del ejercicio del terrorismo\u201d desde las esferas gubernamentales.<\/p>\n<p>\u201cHace m\u00e1s de 41 a\u00f1os, la sociedad argentina se manifest\u00f3 de manera contundente a favor de la convivencia democr\u00e1tica, del respeto irrestricto de\u00a0los derechos humanos y de la resoluci\u00f3n pac\u00edfica e institucional de los conflictos. Nada de esto ha ocurrido en\u00a0<strong>Venezuela\u00a0<\/strong>en los \u00faltimos a\u00f1os\u201d, destacaron los\u00a0<strong>diputados\u00a0<\/strong>de la\u00a0<strong>UCR<\/strong>, el\u00a0<strong>PRO\u00a0<\/strong>y la\u00a0<strong>Coalici\u00f3n C\u00edvica<\/strong>\u00a0en el comunicado conjunto.<\/p>\n<p>En ese contexto, los ediles con banca en la\u00a0<strong>Legislatura bonaerense\u00a0<\/strong>se\u00f1alaron que la \u201cviolaci\u00f3n sistem\u00e1tica de los derechos humanos, la persecuci\u00f3n a los opositores, el fraude en las elecciones\u00a0y el ejercicio cotidiano del terrorismo desde todos los resortes del Estado\u201d en\u00a0<strong>Venezuela<\/strong>\u00a0son una \u201ctriste realidad\u201d que deber\u00eda mantener en alerta a todas las sociedades del mundo.<\/p>\n<p>\u201cC\u00f3mo representantes del pueblo de la\u00a0<strong>provincia de Buenos Aires<\/strong>\u00a0y como integrantes del Poder Legislativo, proponemos a la\u00a0<strong>Legislatura bonaerense\u00a0<\/strong>que se exprese de manera contundente en rechazo al golpe institucional que est\u00e1 en marcha, y que se condene de manera un\u00e1nime a la dictadura venezolana\u201d, concluyeron los diputados. <strong>(VW)<\/strong><\/p>\n","protected":false},"excerpt":{"rendered":"<p>El Gobierno argentino expres\u00f3 en las \u00faltimas horas su \u201cpreocupaci\u00f3n\u201d por la situaci\u00f3n de\u00a0Corina Machado\u00a0en Venezuela. Emiti\u00f3 un comunicado para que \u201clos gobiernos de la regi\u00f3n se unan para pedir su liberaci\u00f3n\u201d, a la&#46;&#46;&#46;<\/p>\n","protected":false},"author":4,"featured_media":16944,"comment_status":"closed","ping_status":"closed","sticky":false,"template":"","format":"standard","meta":{"_monsterinsights_skip_tracking":false,"_monsterinsights_sitenote_active":false,"_monsterinsights_sitenote_note":"","_monsterinsights_sitenote_category":0,"footnotes":""},"categories":[4],"tags":[7179,7177,7178],"class_list":["post-16943","post","type-post","status-publish","format-standard","has-post-thumbnail","hentry","category-politica","tag-corina-machado","tag-mensaje-gobierno-de-milei","tag-venezuela"],"_links":{"self":[{"href":"https:\/\/www.visionweb.com.ar\/index.php?rest_route=\/wp\/v2\/posts\/16943","targetHints":{"allow":["GET"]}}],"collection":[{"href":"https:\/\/www.visionweb.com.ar\/index.php?rest_route=\/wp\/v2\/posts"}],"about":[{"href":"https:\/\/www.visionweb.com.ar\/index.php?rest_route=\/wp\/v2\/types\/post"}],"author":[{"embeddable":true,"href":"https:\/\/www.visionweb.com.ar\/index.php?rest_route=\/wp\/v2\/users\/4"}],"replies":[{"embeddable":true,"href":"https:\/\/www.visionweb.com.ar\/index.php?rest_route=%2Fwp%2Fv2%2Fcomments&post=16943"}],"version-history":[{"count":1,"href":"https:\/\/www.visionweb.com.ar\/index.php?rest_route=\/wp\/v2\/posts\/16943\/revisions"}],"predecessor-version":[{"id":16945,"href":"https:\/\/www.visionweb.com.ar\/index.php?rest_route=\/wp\/v2\/posts\/16943\/revisions\/16945"}],"wp:featuredmedia":[{"embeddable":true,"href":"https:\/\/www.visionweb.com.ar\/index.php?rest_route=\/wp\/v2\/media\/16944"}],"wp:attachment":[{"href":"https:\/\/www.visionweb.com.ar\/index.php?rest_route=%2Fwp%2Fv2%2Fmedia&parent=16943"}],"wp:term":[{"taxonomy":"category","embeddable":true,"href":"https:\/\/www.visionweb.com.ar\/index.php?rest_route=%2Fwp%2Fv2%2Fcategories&post=16943"},{"taxonomy":"post_tag","embeddable":true,"href":"https:\/\/www.visionweb.com.ar\/index.php?rest_route=%2Fwp%2Fv2%2Ftags&post=16943"}],"curies":[{"name":"wp","href":"https:\/\/api.w.org\/{rel}","templated":true}]}}