{"id":16938,"date":"2025-01-10T07:28:16","date_gmt":"2025-01-10T10:28:16","guid":{"rendered":"https:\/\/www.visionweb.com.ar\/?p=16938"},"modified":"2025-01-10T07:28:16","modified_gmt":"2025-01-10T10:28:16","slug":"arba-oficializa-los-vencimientos-de-ingresos-brutos","status":"publish","type":"post","link":"https:\/\/www.visionweb.com.ar\/?p=16938","title":{"rendered":"Arba oficializa los vencimientos de Ingresos Brutos"},"content":{"rendered":"<p><em><strong>La Agencia de Recaudaci\u00f3n Bonaerense public\u00f3 el calendario; pero no las fechas para el Inmobiliario, Automotores y Embarcaciones Deportivas.<\/strong><\/em><!--more--><\/p>\n<p><img loading=\"lazy\" decoding=\"async\" class=\"size-medium wp-image-10276 alignright\" src=\"https:\/\/www.visionweb.com.ar\/wp-content\/uploads\/2023\/04\/ARBA-300x168.png\" alt=\"\" width=\"300\" height=\"168\" srcset=\"https:\/\/www.visionweb.com.ar\/wp-content\/uploads\/2023\/04\/ARBA-300x168.png 300w, https:\/\/www.visionweb.com.ar\/wp-content\/uploads\/2023\/04\/ARBA.png 647w\" sizes=\"auto, (max-width: 300px) 100vw, 300px\" \/>Tras\u00a0<strong><a href=\"https:\/\/dib.com.ar\/2025\/01\/kicillof-oficializo-la-prorroga-del-presupuesto-y-la-ley-impositiva-tras-el-rechazo-legislativo\/\">la pr\u00f3rroga que hizo de del Presupuesto del a\u00f1o pasado y la Ley Impositiva<\/a><\/strong>\u00a0por parte del Gobierno de Axel Kicillof, ahora la Agencia de Recaudaci\u00f3n Bonaerense (ARBA) public\u00f3 el calendario de vencimientos de Ingresos Brutos, pero posterg\u00f3 las fechas de los impuestos patrimoniales.<\/p>\n<p>A trav\u00e9s de la resoluci\u00f3n 1\/25, publicada en el Bolet\u00edn Oficial, el director ejecutivo de ARBA, Cristian Girard, aprob\u00f3 el calendario de vencimientos para el ejercicio fiscal 2025 correspondiente a dicho impuesto. Esto incluye la presentaci\u00f3n de la declaraci\u00f3n jurada anual del 2024 del mismo tributo.<\/p>\n<p>La medida, sin embargo, no contempla las fechas de vencimiento de los tributos patrimoniales (Inmobiliario Urbano, Rural y Complementario, Automotores y Embarcaciones Deportivas), que comenzar\u00edan a regir reci\u00e9n en marzo.<\/p>\n<p>Si bien habitualmente la primera cuota del Inmobiliario vence en febrero, este a\u00f1o ARBA no emitir\u00e1 boletas hasta que se defina el nuevo esquema tributario. El organismo inform\u00f3 que no habr\u00e1 vencimientos de impuestos patrimoniales durante enero y febrero.<\/p>\n<p>Esta postergaci\u00f3n responde a que la Legislatura provincial no sancion\u00f3 en diciembre la Ley Impositiva 2025 enviada por el Poder Ejecutivo, lo que deriv\u00f3 en la pr\u00f3rroga tanto de esa norma como del Presupuesto provincial por parte del gobernador Axel Kicillof.<\/p>\n<p>Cabe recordar que el organismo que conduce Cristian Girard, anunci\u00f3 que este a\u00f1o se reestablecer\u00e1n los descuentos por buen cumplimiento. Los contribuyentes que no registren deuda y opten por el pago anual anticipado de los impuestos patrimoniales obtendr\u00e1n un descuento de hasta el 15% en Inmobiliario (Urbano y Rural), Automotores y Embarcaciones Deportivas.<\/p>\n<h2 class=\"wp-block-heading\">Ingresos Brutos<\/h2>\n<p>En la normativa publicada este jueves qued\u00f3 establecido que\u00a0la agenda de pagos comienza entre el 18 y el 24 de febrero, cuando se debe pagar el primer anticipo de acuerdo con la terminaci\u00f3n del CUIT. El pago del segundo anticipo vence entre el 18 y el 25 de\u00a0marzo y el tercero entre el 21 y el 25 de\u00a0abril.<\/p>\n<p>Asimismo, el cronograma se completa con cuarto pago entre el 19 y el 23 de\u00a0mayo, el quinto entre el 23 y el 27 de\u00a0junio, el sexto entre el 21 y el 25 de\u00a0julio, el s\u00e9ptimo entre el 18 y el 22 de\u00a0agosto, el octavo entre el 22 y el 26 de\u00a0septiembre, el noveno entre el 20 y el 25 de\u00a0octubre, el d\u00e9cimo entre el 24 y el 28 de\u00a0noviembre, el und\u00e9cimo entre el 18 y el 26 de\u00a0diciembre, y el duod\u00e9cimo entre el 19 y el 23 de\u00a0enero\u00a0de 2026.<\/p>\n<p>Mientras tanto, las fechas para presentar las declaraciones juradas anuales de 2024 empiezan entre el 21 de abril (CUIT terminados en 0 y 1) y siguen el d\u00eda 22 (2 y 3); el 23 (4 y 5); el 24 (6 y 7) y el d\u00eda 25 (los CUIT finalizados en 8 y 9). <strong>(VW)<\/strong><\/p>\n<p><strong>Agencia DIB<\/strong><\/p>\n","protected":false},"excerpt":{"rendered":"<p>La Agencia de Recaudaci\u00f3n Bonaerense public\u00f3 el calendario; pero no las fechas para el Inmobiliario, Automotores y Embarcaciones Deportivas.<\/p>\n","protected":false},"author":3,"featured_media":4729,"comment_status":"closed","ping_status":"closed","sticky":false,"template":"","format":"standard","meta":{"_monsterinsights_skip_tracking":false,"_monsterinsights_sitenote_active":false,"_monsterinsights_sitenote_note":"","_monsterinsights_sitenote_category":0,"footnotes":""},"categories":[8],"tags":[4356,5418,5445],"class_list":["post-16938","post","type-post","status-publish","format-standard","has-post-thumbnail","hentry","category-interes-general","tag-fechas","tag-ib","tag-inmobiliario"],"_links":{"self":[{"href":"https:\/\/www.visionweb.com.ar\/index.php?rest_route=\/wp\/v2\/posts\/16938","targetHints":{"allow":["GET"]}}],"collection":[{"href":"https:\/\/www.visionweb.com.ar\/index.php?rest_route=\/wp\/v2\/posts"}],"about":[{"href":"https:\/\/www.visionweb.com.ar\/index.php?rest_route=\/wp\/v2\/types\/post"}],"author":[{"embeddable":true,"href":"https:\/\/www.visionweb.com.ar\/index.php?rest_route=\/wp\/v2\/users\/3"}],"replies":[{"embeddable":true,"href":"https:\/\/www.visionweb.com.ar\/index.php?rest_route=%2Fwp%2Fv2%2Fcomments&post=16938"}],"version-history":[{"count":1,"href":"https:\/\/www.visionweb.com.ar\/index.php?rest_route=\/wp\/v2\/posts\/16938\/revisions"}],"predecessor-version":[{"id":16939,"href":"https:\/\/www.visionweb.com.ar\/index.php?rest_route=\/wp\/v2\/posts\/16938\/revisions\/16939"}],"wp:featuredmedia":[{"embeddable":true,"href":"https:\/\/www.visionweb.com.ar\/index.php?rest_route=\/wp\/v2\/media\/4729"}],"wp:attachment":[{"href":"https:\/\/www.visionweb.com.ar\/index.php?rest_route=%2Fwp%2Fv2%2Fmedia&parent=16938"}],"wp:term":[{"taxonomy":"category","embeddable":true,"href":"https:\/\/www.visionweb.com.ar\/index.php?rest_route=%2Fwp%2Fv2%2Fcategories&post=16938"},{"taxonomy":"post_tag","embeddable":true,"href":"https:\/\/www.visionweb.com.ar\/index.php?rest_route=%2Fwp%2Fv2%2Ftags&post=16938"}],"curies":[{"name":"wp","href":"https:\/\/api.w.org\/{rel}","templated":true}]}}