{"id":16927,"date":"2025-01-09T10:14:33","date_gmt":"2025-01-09T13:14:33","guid":{"rendered":"https:\/\/www.visionweb.com.ar\/?p=16927"},"modified":"2025-01-09T10:14:33","modified_gmt":"2025-01-09T13:14:33","slug":"la-came-se-suma-al-reclamo-por-obras-en-rutas-nacionales","status":"publish","type":"post","link":"https:\/\/www.visionweb.com.ar\/?p=16927","title":{"rendered":"La CAME se suma al reclamo por obras en rutas nacionales"},"content":{"rendered":"<p><em><strong>La CAME se sum\u00f3 al reclamo, por el\u00a0\u201criesgo constante para quienes transitan estas rutas nacionales\u201d. Tambi\u00e9n destac\u00f3 el aumento de los costos para el transporte de bienes agr\u00edcolas, forestales e industriales.<\/strong><\/em><!--more--><\/p>\n<p><img loading=\"lazy\" decoding=\"async\" class=\"size-medium wp-image-16928 alignright\" src=\"https:\/\/www.visionweb.com.ar\/wp-content\/uploads\/2025\/01\/rutas-sin-obras-300x169.png\" alt=\"\" width=\"300\" height=\"169\" srcset=\"https:\/\/www.visionweb.com.ar\/wp-content\/uploads\/2025\/01\/rutas-sin-obras-300x169.png 300w, https:\/\/www.visionweb.com.ar\/wp-content\/uploads\/2025\/01\/rutas-sin-obras.png 450w\" sizes=\"auto, (max-width: 300px) 100vw, 300px\" \/>\u00a0\u00a0 <strong>L<\/strong>a\u00a0<strong>Confederaci\u00f3n Argentina de la Mediana Empresa\u00a0<\/strong>(<strong><a href=\"https:\/\/www.redcame.org.ar\/\">CAME<\/a><\/strong>) se sum\u00f3 al reclamo de varios referentes de la pol\u00edtica para que el\u00a0<strong>Gobierno nacional<\/strong>\u00a0se haga cargo de las refacciones que requieren las\u00a0<strong>rutas nacionales<\/strong>, que pone en peligro la circulaci\u00f3n de los veh\u00edculos.<\/p>\n<p>A la vez, la\u00a0<strong>CAME\u00a0<\/strong>aclar\u00f3 que el reclamo original por el mantenimiento de las\u00a0<strong>rutas nacionales<\/strong>\u00a0fue realizado por la\u00a0<strong>Federaci\u00f3n Econ\u00f3mica de Corrientes\u00a0<\/strong>(<strong>FEC<\/strong>), que lo hizo puntualizando la importancia sobre las 12 y 14, por la preponderancia que tienen las mismas en el entramado productivo argentino.<\/p>\n<p>\u201cAmbas rutas nacionales son claves para la conectividad log\u00edstica y comercial de la regi\u00f3n, especialmente como parte del corredor estrat\u00e9gico del\u00a0<strong>Mercosur<\/strong>\u201d, sostuvo la\u00a0<strong>Confederaci\u00f3n<\/strong>\u00a0que consider\u00f3 que hay varios factores que generan consecuencias cr\u00edticas para todos los habitantes del pa\u00eds, incluidos los de la\u00a0<strong>provincia de Buenos Aires<\/strong>.<\/p>\n<p>Cabe precisar que, la ruta nacional 12 une a las provincias de\u00a0<strong>Misiones<\/strong>,\u00a0<strong>Corrientes\u00a0<\/strong>y\u00a0<strong>Entre R\u00edos<\/strong>\u00a0con la de\u00a0<strong>Buenos Aires<\/strong>, mientras que la 14 hace lo propio con el territorio que comanda\u00a0<strong>Rogelio Frigerio<\/strong>\u00a0y el de\u00a0<strong>Hugo Passalacqua<\/strong>. Con lo cual, el impacto en la producci\u00f3n es significativo.<\/p>\n<p>\u201cEl actual estado de deterioro constante genera no s\u00f3lo un encarecimiento significativo de los costos de transporte y log\u00edstica, sino tambi\u00e9n un alarmante aumento de accidentes viales con consecuencias fatales\u201d, destacaron desde la\u00a0<strong>CAME\u00a0<\/strong>sobre las\u00a0<strong>rutas nacionales<\/strong>\u00a0y aclararon que el mantenimiento de las mismas tendr\u00e1 un \u201cimpacto positivo en el desarrollo productivo, tur\u00edstico y social de las provincias comprendidas\u201d.<\/p>\n<p>En esta l\u00ednea, la\u00a0<strong>Confederaci\u00f3n\u00a0<\/strong>detall\u00f3 que entre las consecuencias negativas que tiene el deterioro de las<strong>\u00a0rutas nacionales<\/strong>\u00a0se destaca el aumento de los costos para el transporte de bienes agr\u00edcolas, forestales e industriales, lo cual implica que podr\u00eda ser perjudicial para la competitividad regional y nacional.<\/p>\n<p>Asimismo, desde la\u00a0<strong>CAME\u00a0<\/strong>detallaron que la falta de mantenimiento provoca una p\u00e9rdida de oportunidades en el turismo, que representa uno de los sectores estrat\u00e9gicos para la econom\u00eda local y es un \u201criesgo constante para quienes transitan estas\u00a0<strong>rutas nacionales<\/strong>\u201d, lo que indefectiblemente impactar\u00e1 en la cantidad de accidentes viales.<\/p>\n<p>Por caso, desde la\u00a0<strong>Confederaci\u00f3n\u00a0<\/strong>resaltaron la importancia del trabajo articulado entre el sector p\u00fablico y el privado a fin de que la producci\u00f3n del pa\u00eds se vea beneficiada, por lo que considera necesario solicitarle al\u00a0<strong>Gobierno\u00a0<\/strong>de\u00a0<strong>Javier Milei<\/strong>\u00a0que reactive la reparaci\u00f3n y el mantenimiento de las rutas nacionales.<\/p>\n<p><strong>Buenos Aires: Intendentes y legisladores pidieron por las rutas nacionales<\/strong><\/p>\n<p>Los jefes comunales de<strong>\u00a0Trenque Launquen<\/strong>,\u00a0<strong>Francisco Recoulat<\/strong>, y de\u00a0<strong>Pellegrini<\/strong>,\u00a0<strong>Sof\u00eda Gambier<\/strong>, y tambi\u00e9n el\u00a0<strong>diputado bonaerense<\/strong>\u00a0del bloque de\u00a0<strong>UCR + Cambio Federal<\/strong>, Valent\u00edn Miranda, elevaron un reclamo por el deterioro de las rutas nacionales y le exigieron al\u00a0<strong>Gobierno de Javier Milei\u00a0<\/strong>que responda ante la falta de mantenimiento. (ver nota <a href=\"https:\/\/www.visionweb.com.ar\/?p=16890\">https:\/\/www.visionweb.com.ar\/?p=16890<\/a>).<\/p>\n<p>En concreto, los jefes comunales del radicalismo apuntaron sus radares sobre la ruta N\u00b05, que va desde el municipio de\u00a0<strong>Luj\u00e1n\u00a0<\/strong>en la\u00a0<strong>provincia de Buenos Aires<\/strong>\u00a0hasta la ciudad de\u00a0<strong>Santa Rosa<\/strong>, en\u00a0<strong>La Pampa<\/strong>. Por lo que le solicitaron al\u00a0<strong>Gobierno\u00a0<\/strong>de\u00a0<strong>Milei\u00a0<\/strong>que acondicione tanto la arteria como la banquina.<\/p>\n<p>En esa l\u00ednea, la intendente del Municipio de 9 de Julio, <strong>Mar\u00eda Jos\u00e9 Gentile<\/strong>, dirigente del\u00a0<strong>PRO,<\/strong>\u00a0expres\u00f3 su preocupaci\u00f3n sobre el deterioro de la Ruta Nacional 5 y la desatenci\u00f3n de las banquinas en distintos tramos, lo que afecta la seguridad de quienes transitan por la v\u00eda.<\/p>\n<p>La mandataria envi\u00f3 varias notas a las autoridades de Vialidad Nacional y Corredores Viales, y<strong>\u00a0<\/strong>solicit\u00f3 \u201cde manera urgente\u201d la intervenci\u00f3n del organismo, remarcando que \u201cla falta de mantenimiento y abandono de las banquinas, cubiertas de malezas, afecta la visibilidad y seguridad de quienes por all\u00ed transitan\u201d.\u00a0<strong>Adem\u00e1s, remarc\u00f3 la \u201cinacci\u00f3n\u201d de la concesionaria vial, y destac\u00f3 que \u201ces una obligaci\u00f3n de Vialidad Nacional garantizar y supervisar que se cumplan los compromisos asumidos\u201d. (VW)<\/strong><\/p>\n<p>&nbsp;<\/p>\n","protected":false},"excerpt":{"rendered":"<p>La CAME se sum\u00f3 al reclamo, por el\u00a0\u201criesgo constante para quienes transitan estas rutas nacionales\u201d. Tambi\u00e9n destac\u00f3 el aumento de los costos para el transporte de bienes agr\u00edcolas, forestales e industriales.<\/p>\n","protected":false},"author":4,"featured_media":16928,"comment_status":"closed","ping_status":"closed","sticky":false,"template":"","format":"standard","meta":{"_monsterinsights_skip_tracking":false,"_monsterinsights_sitenote_active":false,"_monsterinsights_sitenote_note":"","_monsterinsights_sitenote_category":0,"footnotes":""},"categories":[4],"tags":[7172,7171],"class_list":["post-16927","post","type-post","status-publish","format-standard","has-post-thumbnail","hentry","category-politica","tag-came-se-suma-al-reclamo","tag-obras-en-rutas-nacional"],"_links":{"self":[{"href":"https:\/\/www.visionweb.com.ar\/index.php?rest_route=\/wp\/v2\/posts\/16927","targetHints":{"allow":["GET"]}}],"collection":[{"href":"https:\/\/www.visionweb.com.ar\/index.php?rest_route=\/wp\/v2\/posts"}],"about":[{"href":"https:\/\/www.visionweb.com.ar\/index.php?rest_route=\/wp\/v2\/types\/post"}],"author":[{"embeddable":true,"href":"https:\/\/www.visionweb.com.ar\/index.php?rest_route=\/wp\/v2\/users\/4"}],"replies":[{"embeddable":true,"href":"https:\/\/www.visionweb.com.ar\/index.php?rest_route=%2Fwp%2Fv2%2Fcomments&post=16927"}],"version-history":[{"count":1,"href":"https:\/\/www.visionweb.com.ar\/index.php?rest_route=\/wp\/v2\/posts\/16927\/revisions"}],"predecessor-version":[{"id":16929,"href":"https:\/\/www.visionweb.com.ar\/index.php?rest_route=\/wp\/v2\/posts\/16927\/revisions\/16929"}],"wp:featuredmedia":[{"embeddable":true,"href":"https:\/\/www.visionweb.com.ar\/index.php?rest_route=\/wp\/v2\/media\/16928"}],"wp:attachment":[{"href":"https:\/\/www.visionweb.com.ar\/index.php?rest_route=%2Fwp%2Fv2%2Fmedia&parent=16927"}],"wp:term":[{"taxonomy":"category","embeddable":true,"href":"https:\/\/www.visionweb.com.ar\/index.php?rest_route=%2Fwp%2Fv2%2Fcategories&post=16927"},{"taxonomy":"post_tag","embeddable":true,"href":"https:\/\/www.visionweb.com.ar\/index.php?rest_route=%2Fwp%2Fv2%2Ftags&post=16927"}],"curies":[{"name":"wp","href":"https:\/\/api.w.org\/{rel}","templated":true}]}}