{"id":16921,"date":"2025-01-08T19:07:25","date_gmt":"2025-01-08T22:07:25","guid":{"rendered":"https:\/\/www.visionweb.com.ar\/?p=16921"},"modified":"2025-01-08T19:07:25","modified_gmt":"2025-01-08T22:07:25","slug":"operativo-de-sol-a-sol-la-principal-infraccion-en-las-rutas-bonaerenses-es-por-la-vtv","status":"publish","type":"post","link":"https:\/\/www.visionweb.com.ar\/?p=16921","title":{"rendered":"Operativo de Sol a Sol: La principal infracci\u00f3n en las rutas bonaerenses es por la VTV"},"content":{"rendered":"<p><em><strong>En los primeros resultados del Operativo de Sol a Sol 2025, las infracciones fueron por irregularidades con la VTV.<\/strong><\/em><!--more--><\/p>\n<p><strong>\u00a0 <img loading=\"lazy\" decoding=\"async\" class=\"size-medium wp-image-15013 alignright\" src=\"https:\/\/www.visionweb.com.ar\/wp-content\/uploads\/2024\/07\/multas-300x173.png\" alt=\"\" width=\"300\" height=\"173\" srcset=\"https:\/\/www.visionweb.com.ar\/wp-content\/uploads\/2024\/07\/multas-300x173.png 300w, https:\/\/www.visionweb.com.ar\/wp-content\/uploads\/2024\/07\/multas.png 647w\" sizes=\"auto, (max-width: 300px) 100vw, 300px\" \/>\u00a0\u00a0\u00a0\u00a0\u00a0 E<\/strong>l\u00a0<strong>Ministerio de Transporte de la provincia de Buenos Aires<\/strong>, encabezado recientemente por<strong>\u00a0Mart\u00edn Marinucci<\/strong>, dio a conocer los primeros resultados del\u00a0<strong>Operativo de Sol a Sol 2025<\/strong>, y sin informar la cifra exacta de infracciones que hubo, precis\u00f3 que la falta m\u00e1s com\u00fan se debi\u00f3 a irregularidades con la<strong>\u00a0Verificaci\u00f3n T\u00e9cnica Vehicular<\/strong>\u00a0(<strong>VTV<\/strong>).<\/p>\n<p>En rigor, el\u00a0<strong>Ministerio de Transporte<\/strong>\u00a0inform\u00f3 que<strong>\u00a0<\/strong>se realizaron 2.997 controles a veh\u00edculos particulares, que derivaron en 202 infracciones, de las que en su mayor\u00eda fueron por no contar con la\u00a0<strong>VTV\u00a0<\/strong>o tenerla adulterada.<\/p>\n<p>En efecto, el control que llev\u00f3 a cabo el flamante titular de la cartera de\u00a0<strong>Transporte\u00a0<\/strong>bonaerense tiene por objetivo hacer cumplir la\u00a0<strong>Ley de Alcohol Cero al volante<\/strong>, por lo que el\u00a0<strong>Ministerio<\/strong>\u00a0precis\u00f3 que los casos positivos de bebidas espirituosas fueron 33, lo que signific\u00f3 un 16,33% del total de las infracciones registradas.<\/p>\n<p>Seg\u00fan el\u00a0<strong>Ministerio<\/strong>\u00a0los retenes que despleg\u00f3 el\u00a0<a href=\"https:\/\/www.gba.gob.ar\/\"><strong>Ejecutivo\u00a0<\/strong>de\u00a0<strong>Axel Kicillof<\/strong><\/a>\u00a0estuvieron apostados en\u00a0<strong>Valeria del Mar<\/strong>,\u00a0<strong>Ostende<\/strong>,\u00a0<strong>Mar de Aj\u00f3<\/strong>,\u00a0<strong>Villa Gesell<\/strong>,\u00a0<strong>Pinamar<\/strong>,\u00a0<strong>San Clemente<\/strong>,\u00a0<strong>Caril\u00f3<\/strong>,\u00a0<strong>Mar del Plata<\/strong>,\u00a0<strong>Hudson<\/strong>,\u00a0<strong>Quilmes<\/strong>,\u00a0<strong>Maip\u00fa<\/strong>,\u00a0<strong>Mar del Tuy\u00fa<\/strong>,\u00a0<strong>Tordillo\u00a0<\/strong>y\u00a0<strong>Avellaneda<\/strong>, entre otras\u00a0<strong>localidades bonaerenses<\/strong>.<\/p>\n<p>Cabe se\u00f1alar que, ante la novedad de <strong>que la mayor cantidad de\u00a0infracciones\u00a0fueron por las irregularidades en la\u00a0VTV<\/strong>, desde el\u00a0<strong>Ministerio de Transporte\u00a0<\/strong>recordaron que el cumplimiento de la verificaci\u00f3n anual es de vital importancia para la circulaci\u00f3n en todo el pa\u00eds, dado que \u201casegura el correcto funcionamiento del veh\u00edculo en los corredores viales\u201d.<\/p>\n<p>Asimismo, desde la cartera de\u00a0<strong>Martinucci\u00a0<\/strong>indicaron que el control del cumplimiento de la\u00a0<strong>VTV\u00a0<\/strong>es el \u201cprimer paso\u201d para tener \u201crutas seguras\u201d, con lo cual destacaron que se trata de un cuidado que lleva a cabo el\u00a0<strong>Ejecutivo<\/strong>\u00a0de\u00a0<strong>Kicillof\u00a0<\/strong>por todos los vecinos de la\u00a0<strong>provincia de Buenos Aires<\/strong>.<\/p>\n<p>Por otra parte, los agentes de\u00a0<strong>Fiscalizaci\u00f3n del Transporte\u00a0<\/strong>que dispuso el\u00a0<strong>Gobierno bonaerense\u00a0<\/strong>en las terminales de \u00f3mnibus y rutas tambi\u00e9n verificaron el estado de las unidades y el cumplimiento de la documentaci\u00f3n que los habilita para circular en los servicios de transporte p\u00fablico, tanto automotor como fluvial, de pasajeros.<\/p>\n<p>En rigor, el trabajo del\u00a0<strong>Ministerio de Transporte\u00a0<\/strong>sobre dichas unidades estuvo abocado a constatar las condiciones de las unidades, la verificaci\u00f3n del seguro, la habilitaci\u00f3n al d\u00eda y el requerimiento de toda la documentaci\u00f3n que requieren estos veh\u00edculos para brindar el servicio p\u00fablico.<\/p>\n<p>Asimismo, la cartera de\u00a0<strong>Martinucci\u00a0<\/strong>inform\u00f3 que realizaron controles sobre los camiones de carga, que en algunos casos transportan sustancias que superan el paso permitido, lo cual es una \u201cgran amenaza\u201d para la seguridad vial, dado que no pueden doblar ni frenar de manera correcta y traccionan sobre el asfalto.<\/p>\n<p><strong>Operativo de Sol a Sol 2025 en Salud y Seguridad<\/strong><\/p>\n<p>En articulaci\u00f3n con el trabajo que realiza el<strong>\u00a0Ministerio de Transporte de la provincia de Buenos Aires<\/strong>, las carteras de\u00a0<strong>Salud\u00a0<\/strong>a cargo de\u00a0<strong>Nicol\u00e1s<\/strong>\u00a0<strong>Kreplak<\/strong>, y de\u00a0<strong>Seguridad\u00a0<\/strong>a cargo de\u00a0<strong>Javier Alonso<\/strong>, tambi\u00e9n forman parte del<strong>\u00a0Operativo de Sol a Sol 2025<\/strong>.<\/p>\n<p>En este sentido, Alonso detall\u00f3 que si bien el Ejecutivo bonaerense trabaja sobre los 135 municipios, la planificaci\u00f3n del\u00a0<strong>Operativo de Sol a Sol 2025<\/strong>\u00a0se realiz\u00f3 con un enfoque m\u00e1s particular sobre 60 comunas, de las cuales 36 reciben el mayor apoyo debido a la concentraci\u00f3n de turistas.<\/p>\n<p>Desde Seguridad, informaron que el\u00a0<strong>Operativo de Sol a Sol 2025<\/strong>\u00a0cuenta con m\u00e1s de 25.000 efectivos de la polic\u00eda, entre los que se incluyen fuerzas especiales y agentes de seguridad vial, se compraron 600 motos y 500 veh\u00edculos adicionales, adquiridos gracias a la priorizaci\u00f3n de fondos provinciales.<\/p>\n<p>Asimismo, anticiparon la puesta en funcionamiento de unidades a\u00e9reas, que incluyen un helic\u00f3ptero sanitario con capacidad de terapia intensiva, que operar\u00e1 en zonas cr\u00edticas, como la costa y el norte de la provincia.<\/p>\n<p>Por su parte, el\u00a0<strong>Ministerio de Salud<\/strong>\u00a0lleva a cabo un refuerzo de los servicios sanitarios en las principales zonas tur\u00edsticas a trav\u00e9s de unidades de atenci\u00f3n al turista y puestos de prevenci\u00f3n, se reforzar\u00e1n los hospitales, centros de salud y Unidades de Pronta Atenci\u00f3n (UPA), con guardias de 24 horas.<\/p>\n<p>Se instalaron 20 postas de prevenci\u00f3n en 12 municipios clave, donde se trabajar\u00e1 en la educaci\u00f3n para la salud, con estrategias l\u00fadicas y recreativas para sensibilizar a la poblaci\u00f3n sobre temas como el cuidado solar, la alimentaci\u00f3n saludable y el consumo responsable de alcohol.<strong> (VW)<\/strong><\/p>\n","protected":false},"excerpt":{"rendered":"<p>En los primeros resultados del Operativo de Sol a Sol 2025, las infracciones fueron por irregularidades con la VTV.<\/p>\n","protected":false},"author":4,"featured_media":15013,"comment_status":"closed","ping_status":"closed","sticky":false,"template":"","format":"standard","meta":{"_monsterinsights_skip_tracking":false,"_monsterinsights_sitenote_active":false,"_monsterinsights_sitenote_note":"","_monsterinsights_sitenote_category":0,"footnotes":""},"categories":[4],"tags":[1502,5447,356,1513],"class_list":["post-16921","post","type-post","status-publish","format-standard","has-post-thumbnail","hentry","category-politica","tag-infracciones","tag-operativo-de-sol-a-sol","tag-provincia","tag-vtv"],"_links":{"self":[{"href":"https:\/\/www.visionweb.com.ar\/index.php?rest_route=\/wp\/v2\/posts\/16921","targetHints":{"allow":["GET"]}}],"collection":[{"href":"https:\/\/www.visionweb.com.ar\/index.php?rest_route=\/wp\/v2\/posts"}],"about":[{"href":"https:\/\/www.visionweb.com.ar\/index.php?rest_route=\/wp\/v2\/types\/post"}],"author":[{"embeddable":true,"href":"https:\/\/www.visionweb.com.ar\/index.php?rest_route=\/wp\/v2\/users\/4"}],"replies":[{"embeddable":true,"href":"https:\/\/www.visionweb.com.ar\/index.php?rest_route=%2Fwp%2Fv2%2Fcomments&post=16921"}],"version-history":[{"count":1,"href":"https:\/\/www.visionweb.com.ar\/index.php?rest_route=\/wp\/v2\/posts\/16921\/revisions"}],"predecessor-version":[{"id":16922,"href":"https:\/\/www.visionweb.com.ar\/index.php?rest_route=\/wp\/v2\/posts\/16921\/revisions\/16922"}],"wp:featuredmedia":[{"embeddable":true,"href":"https:\/\/www.visionweb.com.ar\/index.php?rest_route=\/wp\/v2\/media\/15013"}],"wp:attachment":[{"href":"https:\/\/www.visionweb.com.ar\/index.php?rest_route=%2Fwp%2Fv2%2Fmedia&parent=16921"}],"wp:term":[{"taxonomy":"category","embeddable":true,"href":"https:\/\/www.visionweb.com.ar\/index.php?rest_route=%2Fwp%2Fv2%2Fcategories&post=16921"},{"taxonomy":"post_tag","embeddable":true,"href":"https:\/\/www.visionweb.com.ar\/index.php?rest_route=%2Fwp%2Fv2%2Ftags&post=16921"}],"curies":[{"name":"wp","href":"https:\/\/api.w.org\/{rel}","templated":true}]}}