{"id":16906,"date":"2025-01-07T10:25:30","date_gmt":"2025-01-07T13:25:30","guid":{"rendered":"https:\/\/www.visionweb.com.ar\/?p=16906"},"modified":"2025-01-07T10:25:30","modified_gmt":"2025-01-07T13:25:30","slug":"arca-la-reduccion-salarial-de-los-cargos-jerarquicos-sera-del-80-por-ciento","status":"publish","type":"post","link":"https:\/\/www.visionweb.com.ar\/?p=16906","title":{"rendered":"ARCA: La reducci\u00f3n salarial de los cargos jer\u00e1rquicos ser\u00e1 del 80 por ciento"},"content":{"rendered":"<p><em><strong>\u201cBasta de privilegios\u201d. El Gobierno puso en marcha la reestructuraci\u00f3n del ARCA, mediante la cual el sueldo del Director Ejecutivo del organismo ser\u00eda el mismo que el de un ministro, y pasar\u00eda de un ingreso mensual de $ 32 millones a $ 4.<\/strong><\/em><!--more--><\/p>\n<p><strong>\u00a0 <img loading=\"lazy\" decoding=\"async\" class=\"size-medium wp-image-16647 alignright\" src=\"https:\/\/www.visionweb.com.ar\/wp-content\/uploads\/2024\/12\/Arca-300x169.png\" alt=\"\" width=\"300\" height=\"169\" srcset=\"https:\/\/www.visionweb.com.ar\/wp-content\/uploads\/2024\/12\/Arca-300x169.png 300w, https:\/\/www.visionweb.com.ar\/wp-content\/uploads\/2024\/12\/Arca.png 560w\" sizes=\"auto, (max-width: 300px) 100vw, 300px\" \/>\u00a0\u00a0 El Gobierno <\/strong>puso en marcha la<strong> reestructuraci\u00f3n de la Agencia de Recaudaci\u00f3n y Control Aduanero (ARCA)<\/strong>, con la reducci\u00f3n de un 80% de los sueldos jer\u00e1rquicos, y con el recorte del presupuesto y el esquema organizativo, con el objetivo de achicar el gasto.<\/p>\n<p>Con esta medida,\u00a0<strong>el propio director de la Agencia, Juan Pazo, pasar\u00e1 de cobrar $ 32 millones mensuales a $ 4 millones<\/strong>.<\/p>\n<p>La decisi\u00f3n fue implementada mediante el <strong>Decreto 13\/2025 publicado este martes en el Bolet\u00edn Oficial<\/strong>, con la firma del presidente\u00a0<strong>Javier Milei<\/strong>, el jefe de Gabinete, Gui<strong>llermo Francos<\/strong>\u00a0y los ministros de Econom\u00eda y de Desregulaci\u00f3n,\u00a0<strong>Luis Caputo<\/strong>\u00a0y\u00a0<strong>Federico Sturzenegger<\/strong>.<\/p>\n<p>Esta medida ya hab\u00eda sido anticipada por Manuel Adorni, quien comunic\u00f3 mediante su cuenta de X que\u00a0<strong>\u201cse terminan los privilegios y el gasto desenfrenado en ARCA\u201d<\/strong>.<\/p>\n<p>Explic\u00f3 que \u201cse reduce el sueldo del Director Ejecutivo y los directores generales en un 80%\u201d, y se\u00f1al\u00f3 que\u00a0<strong>\u201cse dispuso una reducci\u00f3n del presupuesto del ARCA destinado a la cuenta de jerarquizaci\u00f3n del 0,65% al 0,60%, generando un ahorro de 121.000 millones de pesos correspondientes a sueldos de funcionarios durante este 2025\u201d<\/strong>.<\/p>\n<p>En la misma l\u00ednea, tambi\u00e9n precis\u00f3 que\u00a0<strong>\u201cel Poder Ejecutivo inst\u00f3 a las autoridades del ARCA a que avancen con una reducci\u00f3n de la estructura inferior, estimando que \u00e9sta debe situarse en torno al 45%\u201d<\/strong>.<\/p>\n<p>La reducci\u00f3n de los salarios en el organismo\u00a0<strong>equipara el sueldo del Director Ejecutivo con el de un ministro<\/strong>\u00a0y el de\u00a0<strong>los directores generales de la Direcci\u00f3n General Impositiva (DGI) y la Direcci\u00f3n General de Aduanas (DGA), con la misma remuneraci\u00f3n que los secretarios de Estado<\/strong>.<\/p>\n<p>As\u00ed, se <strong>dej\u00f3 sin efecto la Cuenta de Jerarquizaci\u00f3n para los altos cargos<\/strong>, lo que permit\u00eda que se reparta entre los salarios de los trabajadores hasta el 0,65% de la recaudaci\u00f3n, elevando considerablemente el sueldo. Ahora,\u00a0<strong>el salario del titular de ARCA, Juan Pazo bajar\u00eda de $ 32 millones mensuales a $ 4 millones<\/strong>.<\/p>\n<p>Retiro voluntario<\/p>\n<p>En cuanto a la disminuci\u00f3n del personal de la agencia tributaria, se dispuso la creaci\u00f3n de un\u00a0<strong>Sistema de Retiro Anticipado para los trabajadores de la planta permanente<\/strong>, mediante la Disposici\u00f3n 3\/2025.<\/p>\n<p>El nuevo sistema es de car\u00e1cter voluntario y tiene un tope m\u00e1ximo de 1.500 vacantes, buscando permitir \u201cadelantar la indemnizaci\u00f3n que, a modo de reconocimiento por los servicios prestados por los agentes, se encuentra contemplada en los convenios colectivos de trabajo vigentes para el personal del Organismo\u201d. <strong>(VW)<\/strong><\/p>\n","protected":false},"excerpt":{"rendered":"<p>\u201cBasta de privilegios\u201d. El Gobierno puso en marcha la reestructuraci\u00f3n del ARCA, mediante la cual el sueldo del Director Ejecutivo del organismo ser\u00eda el mismo que el de un ministro, y pasar\u00eda de un&#46;&#46;&#46;<\/p>\n","protected":false},"author":4,"featured_media":16647,"comment_status":"closed","ping_status":"closed","sticky":false,"template":"","format":"standard","meta":{"_monsterinsights_skip_tracking":false,"_monsterinsights_sitenote_active":false,"_monsterinsights_sitenote_note":"","_monsterinsights_sitenote_category":0,"footnotes":""},"categories":[6,4],"tags":[6857,7162,7161],"class_list":["post-16906","post","type-post","status-publish","format-standard","has-post-thumbnail","hentry","category-economia","category-politica","tag-arca","tag-cobraran-80-menos","tag-reducen-sueldos-jerarquicos"],"_links":{"self":[{"href":"https:\/\/www.visionweb.com.ar\/index.php?rest_route=\/wp\/v2\/posts\/16906","targetHints":{"allow":["GET"]}}],"collection":[{"href":"https:\/\/www.visionweb.com.ar\/index.php?rest_route=\/wp\/v2\/posts"}],"about":[{"href":"https:\/\/www.visionweb.com.ar\/index.php?rest_route=\/wp\/v2\/types\/post"}],"author":[{"embeddable":true,"href":"https:\/\/www.visionweb.com.ar\/index.php?rest_route=\/wp\/v2\/users\/4"}],"replies":[{"embeddable":true,"href":"https:\/\/www.visionweb.com.ar\/index.php?rest_route=%2Fwp%2Fv2%2Fcomments&post=16906"}],"version-history":[{"count":1,"href":"https:\/\/www.visionweb.com.ar\/index.php?rest_route=\/wp\/v2\/posts\/16906\/revisions"}],"predecessor-version":[{"id":16907,"href":"https:\/\/www.visionweb.com.ar\/index.php?rest_route=\/wp\/v2\/posts\/16906\/revisions\/16907"}],"wp:featuredmedia":[{"embeddable":true,"href":"https:\/\/www.visionweb.com.ar\/index.php?rest_route=\/wp\/v2\/media\/16647"}],"wp:attachment":[{"href":"https:\/\/www.visionweb.com.ar\/index.php?rest_route=%2Fwp%2Fv2%2Fmedia&parent=16906"}],"wp:term":[{"taxonomy":"category","embeddable":true,"href":"https:\/\/www.visionweb.com.ar\/index.php?rest_route=%2Fwp%2Fv2%2Fcategories&post=16906"},{"taxonomy":"post_tag","embeddable":true,"href":"https:\/\/www.visionweb.com.ar\/index.php?rest_route=%2Fwp%2Fv2%2Ftags&post=16906"}],"curies":[{"name":"wp","href":"https:\/\/api.w.org\/{rel}","templated":true}]}}