{"id":16900,"date":"2025-01-07T08:49:20","date_gmt":"2025-01-07T11:49:20","guid":{"rendered":"https:\/\/www.visionweb.com.ar\/?p=16900"},"modified":"2025-01-07T08:49:20","modified_gmt":"2025-01-07T11:49:20","slug":"en-20224-se-movilizaron-en-colectivo-menos-pasajeros","status":"publish","type":"post","link":"https:\/\/www.visionweb.com.ar\/?p=16900","title":{"rendered":"En 20224 se movilizaron en colectivo menos pasajeros"},"content":{"rendered":"<p><strong><em>La medici\u00f3n corresponde a los transportes p\u00fablicos de la zona AMBA. La merma fue del 7%. Los datos fueron publicados por\u00a0<\/em> la Asociaci\u00f3n Argentina de Empresas de Transporte Automotor (AAETA).<\/strong> <!--more--><\/p>\n<p><img loading=\"lazy\" decoding=\"async\" class=\"size-medium wp-image-7569 alignright\" src=\"https:\/\/www.visionweb.com.ar\/wp-content\/uploads\/2022\/10\/colectivos-sube-300x274.jpg\" alt=\"\" width=\"300\" height=\"274\" srcset=\"https:\/\/www.visionweb.com.ar\/wp-content\/uploads\/2022\/10\/colectivos-sube-300x274.jpg 300w, https:\/\/www.visionweb.com.ar\/wp-content\/uploads\/2022\/10\/colectivos-sube.bmp 473w\" sizes=\"auto, (max-width: 300px) 100vw, 300px\" \/>Durante el a\u00f1o pasado, el sistema de colectivos del \u00c1rea Metropolitana moviliz\u00f3 2.748 millones de pasajeros, alrededor de un 7% menos que en 2023, y uno de los a\u00f1os m\u00e1s bajos de la \u00faltima d\u00e9cada.<\/p>\n<p>Seg\u00fan datos de la Asociaci\u00f3n Argentina de Empresas de Transporte Automotor (AAETA), entidad que nuclea a m\u00e1s de 40 empresas de transportes terrestres de pasajeros, en el AMBA se movilizaron 2.748 millones de pasajeros, concentrando el 85% de los viajes en transporte p\u00fablico.<\/p>\n<p>Las cifras marcan una ca\u00edda en torno al 7% con respecto a 2023, cuando viajaron 2.947 millones de personas. Pero si se analizan las cifras de 2013 a la actualidad, sacando los a\u00f1os de pandemia, el pasado fue el que menos pasajeros tuvo el sistema. De hecho, los 2.748 millones quedaron muy lejos (un 20%) del pico de 2015, cuando se transport\u00f3 a 3.440 millones de personas.<\/p>\n<p><img loading=\"lazy\" decoding=\"async\" class=\"size-medium wp-image-16901 alignleft\" src=\"https:\/\/www.visionweb.com.ar\/wp-content\/uploads\/2025\/01\/AMBA-pasajeros-300x169.png\" alt=\"\" width=\"300\" height=\"169\" srcset=\"https:\/\/www.visionweb.com.ar\/wp-content\/uploads\/2025\/01\/AMBA-pasajeros-300x169.png 300w, https:\/\/www.visionweb.com.ar\/wp-content\/uploads\/2025\/01\/AMBA-pasajeros.png 640w\" sizes=\"auto, (max-width: 300px) 100vw, 300px\" \/>Siempre de acuerdo a la entidad, en el AMBA viajan en colectivo m\u00e1s de 7.528 millones de personas por d\u00eda, representando m\u00e1s del 80% de la movilidad en transporte p\u00fablico: el resto se realiza a trav\u00e9s de trenes, subtes y otros modos.<\/p>\n<p>Si bien no hay una explicaci\u00f3n por parte de AAETA de la ca\u00edda de pasajeros, desde que asumi\u00f3 Javier Milei el valor del pasaje se multiplic\u00f3 por siete, al pasar de $52 el tramo de hasta 3 kil\u00f3metros a los actuales $371 (sin SUBE $590). En gran parte del interior del pa\u00eds, los pasajes en l\u00edneas locales superan los mil <strong>(VW)<\/strong><\/p>\n","protected":false},"excerpt":{"rendered":"<p>La medici\u00f3n corresponde a los transportes p\u00fablicos de la zona AMBA. La merma fue del 7%. Los datos fueron publicados por\u00a0 la Asociaci\u00f3n Argentina de Empresas de Transporte Automotor (AAETA).<\/p>\n","protected":false},"author":3,"featured_media":5942,"comment_status":"closed","ping_status":"closed","sticky":false,"template":"","format":"standard","meta":{"_monsterinsights_skip_tracking":false,"_monsterinsights_sitenote_active":false,"_monsterinsights_sitenote_note":"","_monsterinsights_sitenote_category":0,"footnotes":""},"categories":[8],"tags":[196,705,253],"class_list":["post-16900","post","type-post","status-publish","format-standard","has-post-thumbnail","hentry","category-interes-general","tag-amba","tag-colectivos","tag-pasajeros"],"_links":{"self":[{"href":"https:\/\/www.visionweb.com.ar\/index.php?rest_route=\/wp\/v2\/posts\/16900","targetHints":{"allow":["GET"]}}],"collection":[{"href":"https:\/\/www.visionweb.com.ar\/index.php?rest_route=\/wp\/v2\/posts"}],"about":[{"href":"https:\/\/www.visionweb.com.ar\/index.php?rest_route=\/wp\/v2\/types\/post"}],"author":[{"embeddable":true,"href":"https:\/\/www.visionweb.com.ar\/index.php?rest_route=\/wp\/v2\/users\/3"}],"replies":[{"embeddable":true,"href":"https:\/\/www.visionweb.com.ar\/index.php?rest_route=%2Fwp%2Fv2%2Fcomments&post=16900"}],"version-history":[{"count":1,"href":"https:\/\/www.visionweb.com.ar\/index.php?rest_route=\/wp\/v2\/posts\/16900\/revisions"}],"predecessor-version":[{"id":16902,"href":"https:\/\/www.visionweb.com.ar\/index.php?rest_route=\/wp\/v2\/posts\/16900\/revisions\/16902"}],"wp:featuredmedia":[{"embeddable":true,"href":"https:\/\/www.visionweb.com.ar\/index.php?rest_route=\/wp\/v2\/media\/5942"}],"wp:attachment":[{"href":"https:\/\/www.visionweb.com.ar\/index.php?rest_route=%2Fwp%2Fv2%2Fmedia&parent=16900"}],"wp:term":[{"taxonomy":"category","embeddable":true,"href":"https:\/\/www.visionweb.com.ar\/index.php?rest_route=%2Fwp%2Fv2%2Fcategories&post=16900"},{"taxonomy":"post_tag","embeddable":true,"href":"https:\/\/www.visionweb.com.ar\/index.php?rest_route=%2Fwp%2Fv2%2Ftags&post=16900"}],"curies":[{"name":"wp","href":"https:\/\/api.w.org\/{rel}","templated":true}]}}