{"id":16880,"date":"2025-01-06T08:48:18","date_gmt":"2025-01-06T11:48:18","guid":{"rendered":"https:\/\/www.visionweb.com.ar\/?p=16880"},"modified":"2025-01-06T08:48:18","modified_gmt":"2025-01-06T11:48:18","slug":"trabajadores-del-bapro-se-jubilaran-con-el-82-movil","status":"publish","type":"post","link":"https:\/\/www.visionweb.com.ar\/?p=16880","title":{"rendered":"Trabajadores del BAPRO se jubilar\u00e1n con el 82% movil"},"content":{"rendered":"<p><em><strong>Adem\u00e1s, se incorporaron a la legislaci\u00f3n penal juvenil nuevos instrumentos que se adecuan a las normas internacionales vigentes, vinculadas a la Convenci\u00f3n de los Derechos del Ni\u00f1o.<\/strong><\/em><!--more--><\/p>\n<p><img loading=\"lazy\" decoding=\"async\" class=\"size-medium wp-image-16881 alignleft\" src=\"https:\/\/www.visionweb.com.ar\/wp-content\/uploads\/2025\/01\/BAPRO-JUBILACIONES-300x167.png\" alt=\"\" width=\"300\" height=\"167\" srcset=\"https:\/\/www.visionweb.com.ar\/wp-content\/uploads\/2025\/01\/BAPRO-JUBILACIONES-300x167.png 300w, https:\/\/www.visionweb.com.ar\/wp-content\/uploads\/2025\/01\/BAPRO-JUBILACIONES.png 640w\" sizes=\"auto, (max-width: 300px) 100vw, 300px\" \/>En una de las \u00faltimas sesiones extraordinarias de 2024, la C\u00e1mara de Diputados de la provincia de Buenos Aires aprob\u00f3 la llamada Ley Bapro que restablece el 82 por ciento m\u00f3vil para los trabajadores jubilados del Banco Provincia. En tanto, Alexis Guerrera asumi\u00f3 como presidente de la HCD, mientras que Alejandro Dichiara fue designado vicepresidente, marcando un nuevo cap\u00edtulo en la conducci\u00f3n legislativa.<\/p>\n<p>En un clima emotivo con los trabajadores bancarios presentes en los palcos del recinto, se aprob\u00f3 la reforma del r\u00e9gimen jubilatorio del Banco Provincia. Esta iniciativa derog\u00f3 la Ley 15.008, restableciendo el 82 por ciento m\u00f3vil para jubilados y pensionados de la entidad, y reduciendo la edad jubilatoria de las mujeres de 65 a 60 a\u00f1os. Estas modificaciones buscan restituir derechos y fortalecer el sistema previsional de la instituci\u00f3n.<\/p>\n<p>Adem\u00e1s, se incorporaron a la legislaci\u00f3n penal juvenil nuevos instrumentos que se adecuan a las normas internacionales vigentes, vinculadas a la Convenci\u00f3n de los Derechos del Ni\u00f1o. Este proyecto de ley, impulsado por la diputada Luc\u00eda Ia\u00f1ez, busca regularizar la ejecuci\u00f3n de condenas o medidas cautelares impuestas a j\u00f3venes punibles por delitos cuya comisi\u00f3n o presunci\u00f3n de comisi\u00f3n haya ocurrido antes de alcanzar la mayor\u00eda de edad. Junto a estas reformas, se pretende desarrollar medidas educativas y laborales que eviten la reincidencia y promuevan la reinserci\u00f3n de los j\u00f3venes en la sociedad.<\/p>\n<p><strong>Nueva conducci\u00f3n legislativa<\/strong><\/p>\n<p>Con la renovaci\u00f3n de autoridades, Alexis Guerrera asumi\u00f3 como presidente de la C\u00e1mara de Diputados, destacando su amplia experiencia en la gesti\u00f3n p\u00fablica como exintendente de General Pinto y exministro de Transporte de la Naci\u00f3n. En cuanto a su nuevo rol asegur\u00f3 que \u201cse necesita una Legislatura que mejore leyes, que ayude a la gobernabilidad, a potenciar pol\u00edticas p\u00fablicas, a mejorar la educaci\u00f3n, la salud y la seguridad\u00bb.<\/p>\n<p>Adem\u00e1s, destac\u00f3 \u201cLas tensiones son inevitables, pero por sobre ellas, debemos anteponer la pol\u00edtica. Nadie es due\u00f1o de la verdad. No alcanza con un bloque, ni con un Presidente, ni con un Gobernador, ni con un diputado. Se necesita de la cooperaci\u00f3n de todos, del respeto entre pares\u00bb, concluy\u00f3<strong>(VW)<\/strong>.<\/p>\n<p>&nbsp;<\/p>\n<p>&nbsp;<\/p>\n","protected":false},"excerpt":{"rendered":"<p>Adem\u00e1s, se incorporaron a la legislaci\u00f3n penal juvenil nuevos instrumentos que se adecuan a las normas internacionales vigentes, vinculadas a la Convenci\u00f3n de los Derechos del Ni\u00f1o.<\/p>\n","protected":false},"author":3,"featured_media":16881,"comment_status":"closed","ping_status":"closed","sticky":false,"template":"","format":"standard","meta":{"_monsterinsights_skip_tracking":false,"_monsterinsights_sitenote_active":false,"_monsterinsights_sitenote_note":"","_monsterinsights_sitenote_category":0,"footnotes":""},"categories":[4],"tags":[7148,1649,2887],"class_list":["post-16880","post","type-post","status-publish","format-standard","has-post-thumbnail","hentry","category-politica","tag-bapro-jubilaciones","tag-edad","tag-ninos"],"_links":{"self":[{"href":"https:\/\/www.visionweb.com.ar\/index.php?rest_route=\/wp\/v2\/posts\/16880","targetHints":{"allow":["GET"]}}],"collection":[{"href":"https:\/\/www.visionweb.com.ar\/index.php?rest_route=\/wp\/v2\/posts"}],"about":[{"href":"https:\/\/www.visionweb.com.ar\/index.php?rest_route=\/wp\/v2\/types\/post"}],"author":[{"embeddable":true,"href":"https:\/\/www.visionweb.com.ar\/index.php?rest_route=\/wp\/v2\/users\/3"}],"replies":[{"embeddable":true,"href":"https:\/\/www.visionweb.com.ar\/index.php?rest_route=%2Fwp%2Fv2%2Fcomments&post=16880"}],"version-history":[{"count":1,"href":"https:\/\/www.visionweb.com.ar\/index.php?rest_route=\/wp\/v2\/posts\/16880\/revisions"}],"predecessor-version":[{"id":16882,"href":"https:\/\/www.visionweb.com.ar\/index.php?rest_route=\/wp\/v2\/posts\/16880\/revisions\/16882"}],"wp:featuredmedia":[{"embeddable":true,"href":"https:\/\/www.visionweb.com.ar\/index.php?rest_route=\/wp\/v2\/media\/16881"}],"wp:attachment":[{"href":"https:\/\/www.visionweb.com.ar\/index.php?rest_route=%2Fwp%2Fv2%2Fmedia&parent=16880"}],"wp:term":[{"taxonomy":"category","embeddable":true,"href":"https:\/\/www.visionweb.com.ar\/index.php?rest_route=%2Fwp%2Fv2%2Fcategories&post=16880"},{"taxonomy":"post_tag","embeddable":true,"href":"https:\/\/www.visionweb.com.ar\/index.php?rest_route=%2Fwp%2Fv2%2Ftags&post=16880"}],"curies":[{"name":"wp","href":"https:\/\/api.w.org\/{rel}","templated":true}]}}