{"id":16873,"date":"2025-01-03T11:42:28","date_gmt":"2025-01-03T14:42:28","guid":{"rendered":"https:\/\/www.visionweb.com.ar\/?p=16873"},"modified":"2025-01-03T11:42:28","modified_gmt":"2025-01-03T14:42:28","slug":"cuales-seran-los-feriados-para-este-2025","status":"publish","type":"post","link":"https:\/\/www.visionweb.com.ar\/?p=16873","title":{"rendered":"Cu\u00e1les ser\u00e1n los feriados para este 2025"},"content":{"rendered":"<p><strong><em>Luego de A\u00f1o Nuevo, el pr\u00f3ximo receso ser\u00e1 el fin de semana largo de Carnavales en marzo. Habr\u00e1 en total 20 d\u00edas entre\u00a0d\u00edas no laborables, asuetos inamovibles y feriados trasladables. <\/em><\/strong><!--more--><\/p>\n<p><img loading=\"lazy\" decoding=\"async\" class=\"size-medium wp-image-8949 alignright\" src=\"https:\/\/www.visionweb.com.ar\/wp-content\/uploads\/2023\/01\/calendario-300x191.jpg\" alt=\"\" width=\"300\" height=\"191\" srcset=\"https:\/\/www.visionweb.com.ar\/wp-content\/uploads\/2023\/01\/calendario-300x191.jpg 300w, https:\/\/www.visionweb.com.ar\/wp-content\/uploads\/2023\/01\/calendario.bmp 583w\" sizes=\"auto, (max-width: 300px) 100vw, 300px\" \/>\u00a0 <strong>C<\/strong>onforme al\u00a0<strong>cronograma de feriados de 2025 oficializado por el Gobierno<\/strong>, el pr\u00f3ximo feriado corresponde a las jornadas de\u00a0Carnaval y ser\u00e1 el\u00a0lunes 3 y martes 4 de marzo, lo cual completa un fin de semana XL.<\/p>\n<p><strong>Este a\u00f1o ser\u00e1n en total 20 d\u00edas entre\u00a0d\u00edas no laborables, asuetos inamovibles y feriados trasladables<\/strong>.<\/p>\n<p>En ese sentido, habr\u00e1 trabajadores que tengan descanso en alguna de estas fechas, mientras que otros deber\u00e1n cumplir con sus puestos de trabajo, seg\u00fan la contrataci\u00f3n que tengan y el rubro.<\/p>\n<p>En concreto, durante 2025 habr\u00e1 <strong>tres d\u00edas no laborables puentes en todo el a\u00f1o<\/strong>. La principal diferencia radica en que los\u00a0d\u00edas no laborables son fechas donde el descanso queda a discreci\u00f3n del empleador, y en caso de que se deba trabajar, no se cobra el doble como sucede en los feriados.<\/p>\n<p>En el caso de la\u00a0Administraci\u00f3n P\u00fablica Nacional, estos d\u00edas ser\u00e1n considerados de asueto y tampoco se prev\u00e9 que haya actividad administrativa, educativa ni bancaria, entre otras.<\/p>\n<p>Aqu\u00ed, el calendario mes por mes:<\/p>\n<p><strong>Enero<\/strong><\/p>\n<ul>\n<li>Mi\u00e9rcoles 1\u00b0 de enero: A\u00f1o Nuevo (feriado inamovible)<\/li>\n<\/ul>\n<p><strong>Marzo<\/strong><\/p>\n<ul>\n<li>Lunes 3 de marzo: Carnaval (feriado inamovible)<\/li>\n<li>Martes 4 de marzo: Carnaval (feriado inamovible)<\/li>\n<li>Lunes 24 de marzo: D\u00eda Nacional de la Memoria por la Verdad y la Justicia (feriado inamovible)<\/li>\n<\/ul>\n<p><strong>Abril<\/strong><\/p>\n<ul>\n<li>Mi\u00e9rcoles 2 de abril: D\u00eda del Veterano y de los Ca\u00eddos en la Guerra de Malvinas (feriado inamovible)<\/li>\n<li>Jueves 17 de abril: Jueves Santo (d\u00eda no laborable)<\/li>\n<li>Viernes 18 de abril: Viernes Santo (feriado inamovible)<\/li>\n<\/ul>\n<div id=\"attachment_10174\" style=\"width: 310px\" class=\"wp-caption alignleft\"><img loading=\"lazy\" decoding=\"async\" aria-describedby=\"caption-attachment-10174\" class=\"wp-image-10174 size-medium\" src=\"https:\/\/www.visionweb.com.ar\/wp-content\/uploads\/2023\/03\/MDQ-2023-1-300x225.jpg\" alt=\"\" width=\"300\" height=\"225\" srcset=\"https:\/\/www.visionweb.com.ar\/wp-content\/uploads\/2023\/03\/MDQ-2023-1-300x225.jpg 300w, https:\/\/www.visionweb.com.ar\/wp-content\/uploads\/2023\/03\/MDQ-2023-1-320x240.jpg 320w, https:\/\/www.visionweb.com.ar\/wp-content\/uploads\/2023\/03\/MDQ-2023-1.jpg 370w\" sizes=\"auto, (max-width: 300px) 100vw, 300px\" \/><p id=\"caption-attachment-10174\" class=\"wp-caption-text\">MDQ. Foto archivo VW<\/p><\/div>\n<p><strong>Mayo<\/strong><\/p>\n<ul>\n<li>Jueves 1\u00b0 de mayo: D\u00eda del Trabajador (feriado inamovible)<\/li>\n<li>Viernes 2 de mayo: d\u00eda no laborable puente<\/li>\n<li>Domingo 25 de mayo: D\u00eda de la Revoluci\u00f3n de Mayo (feriado inamovible)<\/li>\n<\/ul>\n<p><strong>Junio<\/strong><\/p>\n<ul>\n<li>Lunes 16 de junio: Paso a la Inmortalidad del General Don Mart\u00edn Miguel de G\u00fcemes (se traslada del martes 17 de junio)<\/li>\n<li>Viernes 20 de junio: Paso a la Inmortalidad del General Don Manuel Belgrano (feriado inamovible)<\/li>\n<\/ul>\n<p><strong>Julio<\/strong><\/p>\n<ul>\n<li>Mi\u00e9rcoles 9 de julio: D\u00eda de la Independencia (feriado inamovible)<\/li>\n<\/ul>\n<p><strong>Agosto<\/strong><\/p>\n<ul>\n<li>Viernes 15 de agosto: d\u00eda no laborable puente<\/li>\n<li>Domingo 17 de agosto: Paso a la Inmortalidad del General Don Jos\u00e9 de San Mart\u00edn (feriado trasladable)<\/li>\n<\/ul>\n<p><strong>Octubre<\/strong><\/p>\n<ul>\n<li>Domingo 12 de octubre: D\u00eda del Respeto a la Diversidad Cultural (feriado trasladable)<\/li>\n<\/ul>\n<p><strong>Noviembre<\/strong><\/p>\n<ul>\n<li>Viernes 21 de noviembre: d\u00eda no laborable puente.<\/li>\n<li>Lunes 24 de noviembre: D\u00eda de la Soberan\u00eda Nacional (se traslada del jueves 20 de noviembre).<\/li>\n<\/ul>\n<p><strong>Diciembre<\/strong><\/p>\n<ul>\n<li>Lunes 8 de diciembre: D\u00eda de la Inmaculada Concepci\u00f3n de Mar\u00eda (feriado inamovible)<\/li>\n<li>Jueves 25 de diciembre: Navidad (feriado inamovible) <strong>(VW)<\/strong><\/li>\n<\/ul>\n<p>&nbsp;<\/p>\n","protected":false},"excerpt":{"rendered":"<p>Luego de A\u00f1o Nuevo, el pr\u00f3ximo receso ser\u00e1 el fin de semana largo de Carnavales en marzo. Habr\u00e1 en total 20 d\u00edas entre\u00a0d\u00edas no laborables, asuetos inamovibles y feriados trasladables.<\/p>\n","protected":false},"author":4,"featured_media":8949,"comment_status":"closed","ping_status":"closed","sticky":false,"template":"","format":"standard","meta":{"_monsterinsights_skip_tracking":false,"_monsterinsights_sitenote_active":false,"_monsterinsights_sitenote_note":"","_monsterinsights_sitenote_category":0,"footnotes":""},"categories":[8,700],"tags":[323,7145],"class_list":["post-16873","post","type-post","status-publish","format-standard","has-post-thumbnail","hentry","category-interes-general","category-turismo","tag-calendario","tag-feriados-2025"],"_links":{"self":[{"href":"https:\/\/www.visionweb.com.ar\/index.php?rest_route=\/wp\/v2\/posts\/16873","targetHints":{"allow":["GET"]}}],"collection":[{"href":"https:\/\/www.visionweb.com.ar\/index.php?rest_route=\/wp\/v2\/posts"}],"about":[{"href":"https:\/\/www.visionweb.com.ar\/index.php?rest_route=\/wp\/v2\/types\/post"}],"author":[{"embeddable":true,"href":"https:\/\/www.visionweb.com.ar\/index.php?rest_route=\/wp\/v2\/users\/4"}],"replies":[{"embeddable":true,"href":"https:\/\/www.visionweb.com.ar\/index.php?rest_route=%2Fwp%2Fv2%2Fcomments&post=16873"}],"version-history":[{"count":1,"href":"https:\/\/www.visionweb.com.ar\/index.php?rest_route=\/wp\/v2\/posts\/16873\/revisions"}],"predecessor-version":[{"id":16874,"href":"https:\/\/www.visionweb.com.ar\/index.php?rest_route=\/wp\/v2\/posts\/16873\/revisions\/16874"}],"wp:featuredmedia":[{"embeddable":true,"href":"https:\/\/www.visionweb.com.ar\/index.php?rest_route=\/wp\/v2\/media\/8949"}],"wp:attachment":[{"href":"https:\/\/www.visionweb.com.ar\/index.php?rest_route=%2Fwp%2Fv2%2Fmedia&parent=16873"}],"wp:term":[{"taxonomy":"category","embeddable":true,"href":"https:\/\/www.visionweb.com.ar\/index.php?rest_route=%2Fwp%2Fv2%2Fcategories&post=16873"},{"taxonomy":"post_tag","embeddable":true,"href":"https:\/\/www.visionweb.com.ar\/index.php?rest_route=%2Fwp%2Fv2%2Ftags&post=16873"}],"curies":[{"name":"wp","href":"https:\/\/api.w.org\/{rel}","templated":true}]}}