{"id":16868,"date":"2025-01-03T07:44:24","date_gmt":"2025-01-03T10:44:24","guid":{"rendered":"https:\/\/www.visionweb.com.ar\/?p=16868"},"modified":"2025-01-03T07:51:44","modified_gmt":"2025-01-03T10:51:44","slug":"el-municipio-de-lanus-lanzo-la-colonia-de-vacaciones-2025","status":"publish","type":"post","link":"https:\/\/www.visionweb.com.ar\/?p=16868","title":{"rendered":"El municipio de Lan\u00fas lanz\u00f3 la colonia de vacaciones 2025"},"content":{"rendered":"<p><em><strong>LA comuna habilit\u00f3 cuatro locaciones para llevar adelante la colonia de vacaciones que se extender\u00e1 hasta el 31 de enero. Las sedes ser\u00e1n el POlideportivo Eva Per\u00f3n (Velodromo); el Club Talleres de Escalada; Club Social y Deportivo Belgrano y el Club Claridad.<\/strong><\/em>\u00a0 <!--more--><\/p>\n<p><img loading=\"lazy\" decoding=\"async\" class=\"size-medium wp-image-16001 alignright\" src=\"https:\/\/www.visionweb.com.ar\/wp-content\/uploads\/2024\/10\/Lanus-velodromo-80-300x242.jpg\" alt=\"\" width=\"300\" height=\"242\" srcset=\"https:\/\/www.visionweb.com.ar\/wp-content\/uploads\/2024\/10\/Lanus-velodromo-80-300x242.jpg 300w, https:\/\/www.visionweb.com.ar\/wp-content\/uploads\/2024\/10\/Lanus-velodromo-80.jpg 547w\" sizes=\"auto, (max-width: 300px) 100vw, 300px\" \/>El municipio de Lan\u00fas lanz\u00f3 la Colonia Municipal de Verano 2025 que albergar\u00e1 a m\u00e1s de 6.000 chicos y chicas del distrito.<\/p>\n<p>A partir de este jueves jueves 2 hasta el 31 de enero, estar\u00e1 dividida en dos quincenas; la primera ser\u00e1 del jueves 2 al viernes 17\/01 y la segunda comenzar\u00e1 el lunes 20 y finalizar\u00e1 el viernes 31 de enero.<\/p>\n<p>\u201cA trav\u00e9s de esta iniciativa, chicos y chicas participan de actividades l\u00fadicas, recreativas y deportivas que promueven los valores esenciales para su desarrollo durante el receso escolar de verano\u201d, dijo el intendente, Juli\u00e1n \u00c1lvarez.<\/p>\n<p>Los horarios de la colonia funcionar\u00e1n en turno ma\u00f1ana, de 08.00 a 12.00 horas y por la tarde, de 13.00 a 17.00 horas.<\/p>\n<p>Adem\u00e1s, las sedes ser\u00e1n cuatro:<strong>\u00a0Parque Municipal Eva Per\u00f3n<\/strong>\u00a0(Salta y Purita, Remedios de Escalada),\u00a0<strong>Club Talleres de Remedios de Escalada<\/strong>\u00a0(Cnel. Timote 3401, Remedios de Escalada),\u00a0<strong>Club Social y Deportivo Belgrano<\/strong>\u00a0(Suipacha 3641, Remedios de Escalada),\u00a0<strong>Club Claridad<\/strong>\u00a0(Talcahuano 2949, Valent\u00edn Alsina).<\/p>\n<p>Los chicos y chicas que se hayan inscripto tendr\u00e1n acceso a deportes y juegos recreativos, talleres de arte y creatividad, actividades acu\u00e1ticas en piletas acondicionadas en cada sede, espect\u00e1culos culturales infantiles todos los viernes y en la \u00faltima hora de cada turno, celebraciones especiales, como el D\u00eda de Reyes y el cierre de cada quincena.<\/p>\n<p>La Colonia Municipal de Verano 2025 est\u00e1 compuesta por profesionales capacitados en recreaci\u00f3n, pedagog\u00eda y cuidado infantil, asegurando la calidad y seguridad de todas las actividades. En lo que respecta a las sedes, cada una de ellas fue acondicionada con piletas adaptadas y seguras para las actividades acu\u00e1ticas, espacios recreativos al aire libre y bajo techo, y materiales pedag\u00f3gicos y deportivos.<\/p>\n<p>Con el objetivo de ofrecer un espacio de aprendizaje, recreaci\u00f3n y contenci\u00f3n, a diferencia de la edici\u00f3n del a\u00f1o pasado, Lan\u00fas Gobierno redobl\u00f3 los esfuerzos y pas\u00f3 de 4.500 a 6.000 cupos para chicos y chicas. Este programa refleja el compromiso del Municipio con el bienestar de sus vecinos y vecinas, brindando una alternativa accesible y de calidad en un contexto socioecon\u00f3mico desafiante.<\/p>\n<p>La colonia de verano cuenta con un car\u00e1cter inclusivo y abierto a toda la comunidad, contando con la participaci\u00f3n de los clubes de barrio, organizaciones pol\u00edticas, iglesias, instituciones (hogares de menores), sindicatos, cooperativas de trabajadoras y trabajadores y diversas organizaciones sociales como merenderos y comedores populares.<\/p>\n<p>A trav\u00e9s de una propuesta pedag\u00f3gica de la colonia se promueven valores esenciales para el desarrollo integral de los ni\u00f1os y ni\u00f1as mediante actividades l\u00fadicas, recreativas y deportivas. Los ejes educativos incluyen solidaridad e igualdad de g\u00e9nero, respeto y compa\u00f1erismo, trabajo en equipo, cuidado del propio cuerpo y del medio ambiente, educaci\u00f3n vial y prevenci\u00f3n del bullying.<strong>(VW)<\/strong><\/p>\n","protected":false},"excerpt":{"rendered":"<p>LA comuna habilit\u00f3 cuatro locaciones para llevar adelante la colonia de vacaciones que se extender\u00e1 hasta el 31 de enero. Las sedes ser\u00e1n el POlideportivo Eva Per\u00f3n (Velodromo); el Club Talleres de Escalada; Club&#46;&#46;&#46;<\/p>\n","protected":false},"author":3,"featured_media":16001,"comment_status":"closed","ping_status":"closed","sticky":false,"template":"","format":"standard","meta":{"_monsterinsights_skip_tracking":false,"_monsterinsights_sitenote_active":false,"_monsterinsights_sitenote_note":"","_monsterinsights_sitenote_category":0,"footnotes":""},"categories":[8],"tags":[1549,7142,19,1550],"class_list":["post-16868","post","type-post","status-publish","format-standard","has-post-thumbnail","hentry","category-interes-general","tag-colonia","tag-enero-2025","tag-lanus","tag-vacaciones"],"_links":{"self":[{"href":"https:\/\/www.visionweb.com.ar\/index.php?rest_route=\/wp\/v2\/posts\/16868","targetHints":{"allow":["GET"]}}],"collection":[{"href":"https:\/\/www.visionweb.com.ar\/index.php?rest_route=\/wp\/v2\/posts"}],"about":[{"href":"https:\/\/www.visionweb.com.ar\/index.php?rest_route=\/wp\/v2\/types\/post"}],"author":[{"embeddable":true,"href":"https:\/\/www.visionweb.com.ar\/index.php?rest_route=\/wp\/v2\/users\/3"}],"replies":[{"embeddable":true,"href":"https:\/\/www.visionweb.com.ar\/index.php?rest_route=%2Fwp%2Fv2%2Fcomments&post=16868"}],"version-history":[{"count":1,"href":"https:\/\/www.visionweb.com.ar\/index.php?rest_route=\/wp\/v2\/posts\/16868\/revisions"}],"predecessor-version":[{"id":16869,"href":"https:\/\/www.visionweb.com.ar\/index.php?rest_route=\/wp\/v2\/posts\/16868\/revisions\/16869"}],"wp:featuredmedia":[{"embeddable":true,"href":"https:\/\/www.visionweb.com.ar\/index.php?rest_route=\/wp\/v2\/media\/16001"}],"wp:attachment":[{"href":"https:\/\/www.visionweb.com.ar\/index.php?rest_route=%2Fwp%2Fv2%2Fmedia&parent=16868"}],"wp:term":[{"taxonomy":"category","embeddable":true,"href":"https:\/\/www.visionweb.com.ar\/index.php?rest_route=%2Fwp%2Fv2%2Fcategories&post=16868"},{"taxonomy":"post_tag","embeddable":true,"href":"https:\/\/www.visionweb.com.ar\/index.php?rest_route=%2Fwp%2Fv2%2Ftags&post=16868"}],"curies":[{"name":"wp","href":"https:\/\/api.w.org\/{rel}","templated":true}]}}