{"id":16858,"date":"2025-01-02T16:36:43","date_gmt":"2025-01-02T19:36:43","guid":{"rendered":"https:\/\/www.visionweb.com.ar\/?p=16858"},"modified":"2025-01-02T16:37:04","modified_gmt":"2025-01-02T19:37:04","slug":"el-ministerio-de-economia-denuncio-al-municipio-de-lomas-de-zamora-por-el-cobro-de-una-tasa-vial","status":"publish","type":"post","link":"https:\/\/www.visionweb.com.ar\/?p=16858","title":{"rendered":"El Ministerio de Econom\u00eda denunci\u00f3 al Municipio de Lomas de Zamora por el cobro de una tasa vial"},"content":{"rendered":"<p><em><strong>La denuncia alcanza a la provincia de Buenos Aires y el municipio de Lomas de Zamora. Se trata de una tasa aplicada a los combustibles cargado en las estaciones de servicio de ese distrito.<\/strong><\/em><!--more--><\/p>\n<p><img loading=\"lazy\" decoding=\"async\" class=\"size-medium wp-image-12688 alignright\" src=\"https:\/\/www.visionweb.com.ar\/wp-content\/uploads\/2023\/11\/AUMENTO-DE-COMBUSTIBLES-300x169.png\" alt=\"\" width=\"300\" height=\"169\" srcset=\"https:\/\/www.visionweb.com.ar\/wp-content\/uploads\/2023\/11\/AUMENTO-DE-COMBUSTIBLES-300x169.png 300w, https:\/\/www.visionweb.com.ar\/wp-content\/uploads\/2023\/11\/AUMENTO-DE-COMBUSTIBLES.png 640w\" sizes=\"auto, (max-width: 300px) 100vw, 300px\" \/>El Gobierno nacional, a trav\u00e9s del ministerio de Econom\u00eda, que conduce Luis Caputo, present\u00f3 una demanda contrea la comuna del sur del Gran Buenos Aires por considerarla inconstitucional.<\/p>\n<p>La demanda se basa en que la Ley de Coparticipaci\u00f3n establece que los organismos subnacionales no pueden imponer impuestos sobre actividades ya gravadas por el Gobierno nacional. En este caso, la tasa vial se superpone con el Impuesto a los Combustibles L\u00edquidos (ICL) que ya cobra el Estado nacional.<\/p>\n<p>La cartera econ\u00f3mica solicit\u00f3 que se declare inconstitucional la Tasa Vial Municipal por violar el r\u00e9gimen constitucional de coparticipaci\u00f3n federal de impuestos. Argumentan que esta tasa debe ser anulada en virtud del principio de supremac\u00eda federal contenido en el art\u00edculo 31 de la Constituci\u00f3n Nacional.<\/p>\n<p>Adem\u00e1s, Caputo pidi\u00f3 una medida cautelar para que el gobierno bonaerense y el municipal de Lomas de Zamora suspendan la aplicaci\u00f3n de la tasa vial. La demanda contra Lomas de Zamora, gobernada por el intendente Federico Oterm\u00edn, se ha impulsado por ser representativa del conurbano bonaerense y busca enviar un mensaje a todos los jefes comunales del peronismo.<\/p>\n<p>En caso que la Justicia falle a favor del Gobierno nacional, algo que podr\u00eda resolverse en febrero debido a la feria judicial de enero, el Ejecutivo no descarta extender esta l\u00f3gica a otros distritos.<\/p>\n<p>ES importante estacar que adem\u00e1s del municipio de Lomas de Zamora, sus vecinos Lan\u00fas, Avellaneda y Quilmes. Tambi\u00e9n aplican esa tasa que oscila entre el 1% y el 2,5%, Almirante Brown, Ezeiza, Florecio Varela y San Vicente en el sure del Gran Buenos Aires(VW)<\/p>\n<p>&nbsp;<\/p>\n","protected":false},"excerpt":{"rendered":"<p>La denuncia alcanza a la provincia de Buenos Aires y el municipio de Lomas de Zamora. Se trata de una tasa aplicada a los combustibles cargado en las estaciones de servicio de ese distrito.<\/p>\n","protected":false},"author":3,"featured_media":12688,"comment_status":"closed","ping_status":"closed","sticky":false,"template":"","format":"standard","meta":{"_monsterinsights_skip_tracking":false,"_monsterinsights_sitenote_active":false,"_monsterinsights_sitenote_note":"","_monsterinsights_sitenote_category":0,"footnotes":""},"categories":[1],"tags":[140,7140,7022,217],"class_list":["post-16858","post","type-post","status-publish","format-standard","has-post-thumbnail","hentry","category-uncategorized","tag-combustibles","tag-despachos","tag-estaciones-de-servicio","tag-tasas"],"_links":{"self":[{"href":"https:\/\/www.visionweb.com.ar\/index.php?rest_route=\/wp\/v2\/posts\/16858","targetHints":{"allow":["GET"]}}],"collection":[{"href":"https:\/\/www.visionweb.com.ar\/index.php?rest_route=\/wp\/v2\/posts"}],"about":[{"href":"https:\/\/www.visionweb.com.ar\/index.php?rest_route=\/wp\/v2\/types\/post"}],"author":[{"embeddable":true,"href":"https:\/\/www.visionweb.com.ar\/index.php?rest_route=\/wp\/v2\/users\/3"}],"replies":[{"embeddable":true,"href":"https:\/\/www.visionweb.com.ar\/index.php?rest_route=%2Fwp%2Fv2%2Fcomments&post=16858"}],"version-history":[{"count":1,"href":"https:\/\/www.visionweb.com.ar\/index.php?rest_route=\/wp\/v2\/posts\/16858\/revisions"}],"predecessor-version":[{"id":16859,"href":"https:\/\/www.visionweb.com.ar\/index.php?rest_route=\/wp\/v2\/posts\/16858\/revisions\/16859"}],"wp:featuredmedia":[{"embeddable":true,"href":"https:\/\/www.visionweb.com.ar\/index.php?rest_route=\/wp\/v2\/media\/12688"}],"wp:attachment":[{"href":"https:\/\/www.visionweb.com.ar\/index.php?rest_route=%2Fwp%2Fv2%2Fmedia&parent=16858"}],"wp:term":[{"taxonomy":"category","embeddable":true,"href":"https:\/\/www.visionweb.com.ar\/index.php?rest_route=%2Fwp%2Fv2%2Fcategories&post=16858"},{"taxonomy":"post_tag","embeddable":true,"href":"https:\/\/www.visionweb.com.ar\/index.php?rest_route=%2Fwp%2Fv2%2Ftags&post=16858"}],"curies":[{"name":"wp","href":"https:\/\/api.w.org\/{rel}","templated":true}]}}