{"id":16855,"date":"2025-01-02T16:15:15","date_gmt":"2025-01-02T19:15:15","guid":{"rendered":"https:\/\/www.visionweb.com.ar\/?p=16855"},"modified":"2025-01-02T16:15:39","modified_gmt":"2025-01-02T19:15:39","slug":"el-gobierno-confirmo-otro-aumento-para-los-jubilados","status":"publish","type":"post","link":"https:\/\/www.visionweb.com.ar\/?p=16855","title":{"rendered":"El Gobierno confirm\u00f3 otro aumento para los jubilados"},"content":{"rendered":"<p><strong><em>Ser\u00e1 del 2,5%, el Gobierno y la ANSES<a href=\"https:\/\/www.baenegocios.com\/tags\/Anses\" target=\"_blank\" rel=\"noopener\">\u00a0<\/a>preparan el segundo aumento del a\u00f1o para jubilados y pensionados. Confirmaron cu\u00e1ndo ser\u00e1 la fecha del anuncio.<\/em><\/strong><!--more--><\/p>\n<p><img loading=\"lazy\" decoding=\"async\" class=\"size-full wp-image-7185 alignright\" src=\"https:\/\/www.visionweb.com.ar\/wp-content\/uploads\/2022\/09\/jubilaciones-bonaerenses-IPS.bmp\" alt=\"\" width=\"543\" height=\"414\" \/>El Gobierno anunciar\u00e1 otro aumento para jubilados y pensionados que cobran a trav\u00e9s de la Administraci\u00f3n Nacional de la Seguridad Social ( Anses).<\/p>\n<p>Se trata de la segunda actualizaci\u00f3n del a\u00f1o, que impactar\u00e1 en febrero, seg\u00fan trascendi\u00f3 el aumento ser\u00e1 de 2,5%.<\/p>\n<p>Mientras tanto, la Anses avanzar\u00e1 desde la pr\u00f3xima semana con el calendario de pagos de enero 2025, que incluye un aumento y el bono de $70.000 para los jubilados con haberes m\u00ednimos.<\/p>\n<p><strong>Nuevo aumento para jubilados<\/strong><\/p>\n<p>De acuerdo al Decreto 274\/2024, publicado en el Bolet\u00edn Oficial, el incremento ser\u00e1 igual al \u00cdndice de Precios al Consumidor (IPC) de octubre, que el Indec dar\u00e1 a conocer el pr\u00f3ximo 12 de noviembre.<\/p>\n<p>El Instituto de Estad\u00edsticas y Censos (INDEC), encargado de calcular la inflaci\u00f3n, confirm\u00f3 que el 14 de enero se conocer\u00e1 el \u00cdndice de Precios al Consumidor (IPC) de diciembre que impactar\u00e1 en los haberes de los jubilados en febrero.\u00a0El aumento que anunciar\u00e1 la Anses ser\u00e1 igual al porcentaje del IPC de diciembre<strong>(VW)<\/strong>.<\/p>\n","protected":false},"excerpt":{"rendered":"<p>Ser\u00e1 del 2,5%, el Gobierno y la ANSES\u00a0preparan el segundo aumento del a\u00f1o para jubilados y pensionados. Confirmaron cu\u00e1ndo ser\u00e1 la fecha del anuncio.<\/p>\n","protected":false},"author":3,"featured_media":7185,"comment_status":"closed","ping_status":"closed","sticky":false,"template":"","format":"standard","meta":{"_monsterinsights_skip_tracking":false,"_monsterinsights_sitenote_active":false,"_monsterinsights_sitenote_note":"","_monsterinsights_sitenote_category":0,"footnotes":""},"categories":[1],"tags":[300,58,478,7139],"class_list":["post-16855","post","type-post","status-publish","format-standard","has-post-thumbnail","hentry","category-uncategorized","tag-anses","tag-aumento","tag-jubilaciones","tag-minima"],"_links":{"self":[{"href":"https:\/\/www.visionweb.com.ar\/index.php?rest_route=\/wp\/v2\/posts\/16855","targetHints":{"allow":["GET"]}}],"collection":[{"href":"https:\/\/www.visionweb.com.ar\/index.php?rest_route=\/wp\/v2\/posts"}],"about":[{"href":"https:\/\/www.visionweb.com.ar\/index.php?rest_route=\/wp\/v2\/types\/post"}],"author":[{"embeddable":true,"href":"https:\/\/www.visionweb.com.ar\/index.php?rest_route=\/wp\/v2\/users\/3"}],"replies":[{"embeddable":true,"href":"https:\/\/www.visionweb.com.ar\/index.php?rest_route=%2Fwp%2Fv2%2Fcomments&post=16855"}],"version-history":[{"count":2,"href":"https:\/\/www.visionweb.com.ar\/index.php?rest_route=\/wp\/v2\/posts\/16855\/revisions"}],"predecessor-version":[{"id":16857,"href":"https:\/\/www.visionweb.com.ar\/index.php?rest_route=\/wp\/v2\/posts\/16855\/revisions\/16857"}],"wp:featuredmedia":[{"embeddable":true,"href":"https:\/\/www.visionweb.com.ar\/index.php?rest_route=\/wp\/v2\/media\/7185"}],"wp:attachment":[{"href":"https:\/\/www.visionweb.com.ar\/index.php?rest_route=%2Fwp%2Fv2%2Fmedia&parent=16855"}],"wp:term":[{"taxonomy":"category","embeddable":true,"href":"https:\/\/www.visionweb.com.ar\/index.php?rest_route=%2Fwp%2Fv2%2Fcategories&post=16855"},{"taxonomy":"post_tag","embeddable":true,"href":"https:\/\/www.visionweb.com.ar\/index.php?rest_route=%2Fwp%2Fv2%2Ftags&post=16855"}],"curies":[{"name":"wp","href":"https:\/\/api.w.org\/{rel}","templated":true}]}}