{"id":16850,"date":"2025-01-02T12:01:41","date_gmt":"2025-01-02T15:01:41","guid":{"rendered":"https:\/\/www.visionweb.com.ar\/?p=16850"},"modified":"2025-01-02T12:01:41","modified_gmt":"2025-01-02T15:01:41","slug":"medicamentos-la-receta-electronica-digital-seguira-coexistiendo-con-la-de-papel-en-la-provincia-de-buenos-aires","status":"publish","type":"post","link":"https:\/\/www.visionweb.com.ar\/?p=16850","title":{"rendered":"Medicamentos: La receta electr\u00f3nica digital seguir\u00e1 coexistiendo con la de papel en la provincia de Buenos Aires"},"content":{"rendered":"<p><em><strong>La provincia de Buenos Aires cuenta con una legislaci\u00f3n y un r\u00e9gimen propio.\u00a0\u201cHay que llevar tranquilidad a la gente: quienes tengan la receta en papel la van a poder seguir usando\u201d, dijo Sajem director del Centro de Profesionales Farmac\u00e9uticos Argentinos. \u201cEl sistema es bueno\u201d, pero\u00a0\u201chay que desarrollarlo\u201d, aclar\u00f3.<\/strong><\/em><!--more--><\/p>\n<p><strong> <img loading=\"lazy\" decoding=\"async\" class=\"size-medium wp-image-8884 alignright\" src=\"https:\/\/www.visionweb.com.ar\/wp-content\/uploads\/2022\/12\/receta-electronica-300x295.jpg\" alt=\"\" width=\"300\" height=\"295\" srcset=\"https:\/\/www.visionweb.com.ar\/wp-content\/uploads\/2022\/12\/receta-electronica-300x295.jpg 300w, https:\/\/www.visionweb.com.ar\/wp-content\/uploads\/2022\/12\/receta-electronica-80x80.jpg 80w, https:\/\/www.visionweb.com.ar\/wp-content\/uploads\/2022\/12\/receta-electronica-65x65.jpg 65w, https:\/\/www.visionweb.com.ar\/wp-content\/uploads\/2022\/12\/receta-electronica.bmp 483w\" sizes=\"auto, (max-width: 300px) 100vw, 300px\" \/> \u00a0 \u00a0 \u00a0L<\/strong>a implementaci\u00f3n de\u00a0<strong>la receta electr\u00f3nica\u00a0<\/strong>entr\u00f3 en vigencia el mi\u00e9rcoles 1\u00ba de enero en todo el pa\u00eds, por lo que la prescripci\u00f3n de medicamentos deber\u00e1 realizarse a trav\u00e9s de las plataformas inscriptas en el <strong>Registro Nacional de Plataformas Digitales Sanitarias (ReNaPDiS)<\/strong>, de acuerdo a lo dispuesto por el\u00a0<strong>Ministerio de Salud de la Naci\u00f3n<\/strong>, mediante el <strong>Decreto 345\/2024<\/strong>, publicado en el Bolet\u00edn Oficial en abril del a\u00f1o pasado.\u00a0Aunque, en la <strong>provincia de Buenos Aires<\/strong>, donde desde el 28 de febrero de 2023 rige la Receta Electr\u00f3nica Bonaerense, <strong>seguir\u00e1n habilitadas las prescripciones de medicamentos tanto en papel como en formato digital<\/strong>.<\/p>\n<p>Es decir, m\u00e1s all\u00e1 del anuncio y el decreto, <strong>el alcance de la medida no es restrictivo para las recetas en papel<\/strong>, ya que hay 17 jurisdicciones del pa\u00eds que cuentan con ley de receta electr\u00f3nica, otras<strong>\u00a0tienen su propia ley provincial con un r\u00e9gimen propio<\/strong>,\u00a0<strong>como Buenos Aires, CABA, Chubut, La Rioja<\/strong>, mientras que algunas provincias se encuentran tramitando su propia normativa o bien utilizan esta modalidad digital de forma parcial.<\/p>\n<p><strong>Alejandra G\u00f3mez, presidente del colegio de Farmac\u00e9uticos de la Provincia de Buenos aires, explic\u00f3 <\/strong>que \u201cen provincia de Buenos Aires coexisten la receta electr\u00f3nica con la receta en papel\u201d, inform\u00f3 Agencia DIB.<\/p>\n<p>Asimismo, indic\u00f3 que \u201cdesde el 2020 hay prescripci\u00f3n electr\u00f3nica,\u00a0<strong>hay muchas obras sociales que se manejan con receta electr\u00f3nica, como PAMI,<\/strong>\u00a0aunque a\u00fan ese modo de prescripci\u00f3n falta que tenga la receta electr\u00f3nica de psicotr\u00f3picos, la de archivo, y en ese caso el paciente tiene que llevar la receta en papel\u201d.<\/p>\n<p>Adem\u00e1s, la titular de la entidad bonaerense, asever\u00f3: \u201cHasta que no\u00a0<strong>haya una interconectividad entre los m\u00f3dulos prescriptorios y los reservorios, donde las recetas se tienen que alojar,<\/strong>\u00a0puede ser que la farmacia no tenga acceso a la receta electr\u00f3nica que el m\u00e9dico le prescribi\u00f3 y el paciente tenga que asistir con el link o la receta impresa, porque no tenemos forma de verlo en la farmacia\u201d. En esa l\u00ednea, G\u00f3mez precis\u00f3:\u00a0<strong>\u201cHoy faltar\u00eda esa parte para despapelizar toda la cadena, incluso en el momento de la dispensa en la farmacia\u201d.<\/strong><\/p>\n<p>\u201cNo pasa de una intenci\u00f3n\u201d<\/p>\n<p>De igual modo, <strong>Rub\u00e9n Sajem, director del Centro de Profesionales Farmac\u00e9uticos Argentinos<\/strong>, expres\u00f3 en declaraciones radiales que la medida anunciada el mi\u00e9rcoles por el ministro de Desregulaci\u00f3n y Transformaci\u00f3n del Estado, Federico Sturzenegger,\u00a0<strong>\u201cno pasa de ser una intenci\u00f3n, la fecha 1\u00ba de enero es una fecha tentativa, y est\u00e1 muy a medias el desarrollo del sistema\u201d.<\/strong><\/p>\n<p>Asimismo, subray\u00f3 que\u00a0<strong>\u201clas provincias tienen que adherir a este sistema, hay cantidad de provincias que no adhirieron, otras que tienen su propio sistema, por lo que si una persona est\u00e1 de vacaciones no va a poder usar la receta electr\u00f3nica y s\u00ed la de papel, de acuerdo al lugar donde est\u00e9\u201d.<\/strong><\/p>\n<p>Para descartar confusiones, Sajem remarc\u00f3:\u00a0<strong>\u201cHay que llevar tranquilidad a la gente: quienes tengan la receta en papel la van a poder seguir usando\u201d.<\/strong><\/p>\n<p>El titular de la entidad farmac\u00e9utica dijo en declaraciones a Urbana Play que \u201cel sistema es bueno\u201d, de acuerdo a su implementaci\u00f3n en otros pa\u00edses, pero\u00a0<strong>\u201chay que desarrollarlo, est\u00e1 muy verde<\/strong>, no est\u00e1 completamente desarrollado el sistema ni est\u00e1 reglamentado como va a ser el libro de las farmacias\u201d.<\/p>\n<p>En ese sentido, Sajem dijo: \u201cParte de la integraci\u00f3n del sistema asegura que las recetas no sean usadas varias veces.\u00a0<strong>La receta electr\u00f3nica no es una foto, hay un sistema que todav\u00eda est\u00e1 muy en veremos, falta todav\u00eda,<\/strong>\u00a0porque la autoridad sanitaria sac\u00f3 el decreto en abril, pero a\u00fan hay una cantidad de sistemas que no est\u00e1n conectados\u201d, complet\u00f3. <strong>(VW)<\/strong><\/p>\n<p>&nbsp;<\/p>\n","protected":false},"excerpt":{"rendered":"<p>La provincia de Buenos Aires cuenta con una legislaci\u00f3n y un r\u00e9gimen propio.\u00a0\u201cHay que llevar tranquilidad a la gente: quienes tengan la receta en papel la van a poder seguir usando\u201d, dijo Sajem director&#46;&#46;&#46;<\/p>\n","protected":false},"author":4,"featured_media":8884,"comment_status":"closed","ping_status":"closed","sticky":false,"template":"","format":"standard","meta":{"_monsterinsights_skip_tracking":false,"_monsterinsights_sitenote_active":false,"_monsterinsights_sitenote_note":"","_monsterinsights_sitenote_category":0,"footnotes":""},"categories":[4,5],"tags":[356,7137,3733],"class_list":["post-16850","post","type-post","status-publish","format-standard","has-post-thumbnail","hentry","category-politica","category-sociedad","tag-provincia","tag-receta-de-papel","tag-receta-electronica"],"_links":{"self":[{"href":"https:\/\/www.visionweb.com.ar\/index.php?rest_route=\/wp\/v2\/posts\/16850","targetHints":{"allow":["GET"]}}],"collection":[{"href":"https:\/\/www.visionweb.com.ar\/index.php?rest_route=\/wp\/v2\/posts"}],"about":[{"href":"https:\/\/www.visionweb.com.ar\/index.php?rest_route=\/wp\/v2\/types\/post"}],"author":[{"embeddable":true,"href":"https:\/\/www.visionweb.com.ar\/index.php?rest_route=\/wp\/v2\/users\/4"}],"replies":[{"embeddable":true,"href":"https:\/\/www.visionweb.com.ar\/index.php?rest_route=%2Fwp%2Fv2%2Fcomments&post=16850"}],"version-history":[{"count":1,"href":"https:\/\/www.visionweb.com.ar\/index.php?rest_route=\/wp\/v2\/posts\/16850\/revisions"}],"predecessor-version":[{"id":16851,"href":"https:\/\/www.visionweb.com.ar\/index.php?rest_route=\/wp\/v2\/posts\/16850\/revisions\/16851"}],"wp:featuredmedia":[{"embeddable":true,"href":"https:\/\/www.visionweb.com.ar\/index.php?rest_route=\/wp\/v2\/media\/8884"}],"wp:attachment":[{"href":"https:\/\/www.visionweb.com.ar\/index.php?rest_route=%2Fwp%2Fv2%2Fmedia&parent=16850"}],"wp:term":[{"taxonomy":"category","embeddable":true,"href":"https:\/\/www.visionweb.com.ar\/index.php?rest_route=%2Fwp%2Fv2%2Fcategories&post=16850"},{"taxonomy":"post_tag","embeddable":true,"href":"https:\/\/www.visionweb.com.ar\/index.php?rest_route=%2Fwp%2Fv2%2Ftags&post=16850"}],"curies":[{"name":"wp","href":"https:\/\/api.w.org\/{rel}","templated":true}]}}