{"id":16848,"date":"2025-01-02T11:37:45","date_gmt":"2025-01-02T14:37:45","guid":{"rendered":"https:\/\/www.visionweb.com.ar\/?p=16848"},"modified":"2025-01-02T11:37:45","modified_gmt":"2025-01-02T14:37:45","slug":"el-ranking-anual-de-sesiones-de-la-camara-de-diputados-bonaerense","status":"publish","type":"post","link":"https:\/\/www.visionweb.com.ar\/?p=16848","title":{"rendered":"El ranking anual de sesiones de la C\u00e1mara de Diputados bonaerense"},"content":{"rendered":"<p><em><strong>Diputados de la Provincia cerr\u00f3 el a\u00f1o con una performance de 11 sesiones, m\u00e1s del doble que el desastroso a\u00f1o pasado. En\u00a02024\u00a0se ubic\u00f3 en el puesto\u00a035\u00b0 de 42\u00b0\u00a0en el\u00a0ranking de actividad legislativa, aunque se esperaba m\u00e1s.<\/strong><\/em><!--more--><\/p>\n<div id=\"attachment_13160\" style=\"width: 310px\" class=\"wp-caption alignright\"><img loading=\"lazy\" decoding=\"async\" aria-describedby=\"caption-attachment-13160\" class=\"wp-image-13160 size-medium\" src=\"https:\/\/www.visionweb.com.ar\/wp-content\/uploads\/2023\/12\/DIPUTADOS-BONAERENSES-SESION-EXTRAORDINARIA-300x200.png\" alt=\"\" width=\"300\" height=\"200\" srcset=\"https:\/\/www.visionweb.com.ar\/wp-content\/uploads\/2023\/12\/DIPUTADOS-BONAERENSES-SESION-EXTRAORDINARIA-300x200.png 300w, https:\/\/www.visionweb.com.ar\/wp-content\/uploads\/2023\/12\/DIPUTADOS-BONAERENSES-SESION-EXTRAORDINARIA-768x513.png 768w, https:\/\/www.visionweb.com.ar\/wp-content\/uploads\/2023\/12\/DIPUTADOS-BONAERENSES-SESION-EXTRAORDINARIA.png 899w\" sizes=\"auto, (max-width: 300px) 100vw, 300px\" \/><p id=\"caption-attachment-13160\" class=\"wp-caption-text\">Foto archivo sesi\u00f3n extraordinaria.<\/p><\/div>\n<p><strong>D<\/strong>urante el 2024 la\u00a0<strong>C\u00e1mara<\/strong>\u00a0<strong>de Diputados bonaerense\u00a0<\/strong>sali\u00f3 del letargo en el que estuvo sumido y cerr\u00f3 un per\u00edodo legislativo con\u00a0<strong>11 sesiones<\/strong>, muchas m\u00e1s que la floja actividad del 2023, pero muy por debajo de la media<strong>\u00a0<\/strong>anual de 1983 a la fecha.<\/p>\n<p>\u201cMe voy contento de saber que pudimos cumplir con los objetivos que nos trazamos, como<strong>\u00a0sesionar casi una vez por mes\u201d<\/strong>, esboz\u00f3 el diputado bonaerense,\u00a0<strong>Alejandro Dichiara<\/strong>, en su discurso de despedida en la presidencia de la C\u00e1mara baja, inform\u00f3 Diputados Bonaerenses.<\/p>\n<p>Es preciso recordar que el 2023, con apenas 5 sesiones, qued\u00f3 en el \u00faltimo lugar<strong>\u00a0<\/strong>del ranking hist\u00f3rico de actividad legislativa, en el mismo escal\u00f3n que el 1983, con la salvedad de que en ese a\u00f1o <strong>esos cinco encuentros ocurrieron entre el<\/strong>\u00a0<strong>11 y el 31 de diciembre<\/strong>, a ra\u00edz del regreso de la Democracia.<\/p>\n<p>En tanto, el\u00a0<strong>2024\u00a0<\/strong>se ubic\u00f3 en puesto<strong>\u00a035\u00b0 de 42\u00b0<\/strong>\u00a0en el\u00a0<strong>ranking de actividad legislativa<\/strong>\u00a0con 11 sesiones, un avance en relaci\u00f3n al paup\u00e9rrimo 2023, pero un retroceso si se contempla los primeros lugares de la lista:\u00a0<strong>en 1990 Diputados sesion\u00f3 35 veces, en 1986 y 1988 unas 34, y en 1992 fueron 32<\/strong>.<\/p>\n<p>Ahora, el desaf\u00edo que tendr\u00e1 el flamante titular de la\u00a0<strong>C\u00e1mara de Diputados bonaerense<\/strong>, el massista\u00a0<strong>Alexis Guerrera<\/strong>, es sortear los desaf\u00edos que le propondr\u00e1 las elecciones legislativas del 2025 e intentar que el recinto no se llene de polvo y telara\u00f1as,\u00a0<strong>tal como sucedi\u00f3 hace dos a\u00f1os<\/strong>.<\/p>\n<p>Vale aclarar que, este estudio de datos fue realizado con la informaci\u00f3n proveniente del\u00a0<strong><a href=\"https:\/\/www.hcdiputados-ba.gov.ar\/index.php?page=libros\">sitio web oficial de la C\u00e1mara de Diputados bonaerense<\/a><\/strong>\u00a0y se contabilizaron las sesiones desde el 1 de enero hasta el 31 de diciembre. Es decir que, la manera de recopilar las cifras fue anual, y s\u00f3lo se acot\u00f3 al per\u00edodo legislativo que arranca en marzo y termina en noviembre.<\/p>\n<p><strong>Sesi\u00f3n por sesi\u00f3n, la historia del 2024 en Diputados<\/strong><\/p>\n<p>El a\u00f1o de\u00a0<strong>Diputados\u00a0<\/strong>arranc\u00f3 con una sesi\u00f3n extraordinaria en febrero en la que se oficializ\u00f3 la licencia del ahora intendente de San Nicol\u00e1s,\u00a0<strong>Santiago<\/strong>\u00a0<strong>Passaglia<\/strong>, se tom\u00f3 de juramento de su reemplazo, la radical\u00a0<strong>Bel\u00e9n Malaisi<\/strong>, y se avanz\u00f3 con cambios en el reglamento interno con los que se modificaron las condiciones de los permisos especiales y varios nombres y conformaciones de diversas comisiones.<\/p>\n<p>En <strong>marzo, tuvo lugar la primera sesi\u00f3n ordinaria del 2024<\/strong>, en la que\u00a0<strong>Diputados\u00a0<\/strong>conmemor\u00f3 el\u00a0<strong>D\u00eda de la Memoria, la Verdad y la Justicia<\/strong>, cre\u00f3 un\u00a0<strong>Juzgado de Garant\u00edas para el departamento judicial de San Mart\u00edn<\/strong>, y en la que el peronismo se lleg\u00f3 a su primer triunfo legislativo: aprob\u00f3 la ley para evitar inundaciones en el conurbano.<\/p>\n<p>En abril,\u00a0<strong>Uni\u00f3n por la Patria<\/strong>\u00a0volvi\u00f3 a jugar y logr\u00f3 darle media sanci\u00f3n al proyecto de ley para prorrogar por 18 meses la emergencia econ\u00f3mica, financiera y tarifaria de empresas recuperadas.<\/p>\n<p>Tambi\u00e9n,\u00a0<strong>Diputados\u00a0<\/strong>prorrog\u00f3 por cinco a\u00f1os la declaraci\u00f3n del Partido de Patagones como \u00e1rea protegida Patag\u00f3nica, lo que brinda al distrito una serie de beneficios impositivos debido a las <strong>bajas temperaturas<\/strong> que registra la zona.<\/p>\n<p>Al igual que en los meses anteriores, en mayo el peronismo logr\u00f3 imponer en el orden del d\u00eda un pol\u00e9mico proyecto resistido por la oposici\u00f3n, que fue atar las indemnizaciones laborales a la inflaci\u00f3n.<\/p>\n<p>Pese a tener a medio recinto en contra, gracias a los votos libertarios dialoguistas el oficialismo aprob\u00f3 la propuesta, que aguarda a ser tratada en el\u00a0<strong>Senado<\/strong>. En el medio, la C\u00e1mara baja convirti\u00f3 en ley el proyecto <strong>SOS Rural<\/strong>.<\/p>\n<p>Luego de no haber sesionado en junio, en julio la\u00a0<strong>C\u00e1mara de Diputados bonaerense<\/strong>\u00a0dio media sanci\u00f3n al proyecto de\u00a0<strong>Axel Kicillof\u00a0<\/strong>para crear la Empresa de Emergencias de Salud, nuevamente con los votos de los libertarios conducidos por\u00a0<strong>Gustavo Cuervo<\/strong>. Adem\u00e1s, en aquella sesi\u00f3n se oficializ\u00f3 el reemplazo del diputado fallecido en ese mes, el peronista\u00a0<strong>Jos\u00e9 Mar\u00eda Fern\u00e1ndez<\/strong>, cuya banca comenz\u00f3 a ser ocupada por Ana Luz Balor, de la \u00f3rbita kicillof.<\/p>\n<p>En agosto, la C\u00e1mara baja recibi\u00f3 y autoriz\u00f3 la renuncia del ahora libertario,\u00a0<strong>Fernando Compagnoni<\/strong>, de su sill\u00f3n del Concejo de la Magistratura, en el marco de la pelea interna del\u00a0<strong>PRO bonaerense\u00a0<\/strong>que deriv\u00f3 en la ruptura del macrismo y del bullrichismo en la\u00a0<strong>Legislatura<\/strong>. En esa ocasi\u00f3n,\u00a0<strong>Diputados\u00a0<\/strong>dio luz verde la iniciativa de\u00a0<strong>Kicillof\u00a0<\/strong>y de la ministra de Mujeres y Diversidad,\u00a0<strong>Estela<\/strong>\u00a0<strong>D\u00edaz<\/strong>, con la <strong>ampliaci\u00f3n de la ley de violencia de g\u00e9nero<\/strong>.<\/p>\n<p>Luego de la p\u00e9rdida de la inversi\u00f3n millonaria de la planta de\u00a0<strong>YPF<\/strong>\u00a0para\u00a0<strong>Bah\u00eda<\/strong>\u00a0<strong>Blanca<\/strong>, y tras meses de disputa, el recinto presidido por\u00a0<strong>Dichiara\u00a0<\/strong>dio el visto bueno al proyecto de\u00a0<strong>Kicillof\u00a0<\/strong>para crear el R\u00e9gimen Provincial de Desarrollo Productivo y Fomento de Inversiones, m\u00e1s conocido como RIGI bonaerense, y gracias a abstenciones claves.<\/p>\n<p>Tambi\u00e9n, se oficializaron dos reemplazos:\u00a0<strong>Sebasti\u00e1n Pascual<\/strong>\u00a0relev\u00f3 a\u00a0<strong>Nahuel Sotelo\u00a0<\/strong>en la bancada libertaria, y el santillista\u00a0<strong>Gustavo Coria\u00a0<\/strong>se hizo con la butaca cambiemista que ostent\u00f3 el radical recientemente fallecido,\u00a0<strong>Lorenzo Natal\u00ed<\/strong>.<\/p>\n<p>En octubre\u00a0<strong>Diputados\u00a0<\/strong>tuvo una sesi\u00f3n sin ning\u00fan proyecto de peso, en parte debido a que todos los ojos estaban posados en el env\u00edo del\u00a0<strong>Presupuesto\u00a0<\/strong>y de la\u00a0<strong>Ley<\/strong>\u00a0<strong>Impositiva<\/strong>, que terminaron por presentarse un mes m\u00e1s tarde. Lo m\u00e1s importante que sucedi\u00f3 en el d\u00e9cimo mes del a\u00f1o, fue la adhesi\u00f3n a la Ley Lucio, la expropiaci\u00f3n de la Quinta de los M\u00e9ndez para construir un Centro de la Memoria,\u00a0y el estreno del megabloque de la Libertad Avanza.<\/p>\n<p>En noviembre,\u00a0<strong>Diputados<\/strong>\u00a0autoriz\u00f3 el reemplazo del libertario\u00a0<strong>Alejandro Carrancio<\/strong>, que fue suplantado por\u00a0<strong>Geraldine Calvella<\/strong>; le dio media sanci\u00f3n a la Ley Audiovisual del oficialismo, con los votos del bloque\u00a0<strong>Acuerdo C\u00edvico (UCR+GEN)<\/strong>; avanz\u00f3 en el cambio de nombre del\u00a0<strong>Puerto<\/strong>\u00a0<strong>La Plata<\/strong>, con el nuevo nombre de <strong>Puerto Regi\u00f3n Capital, Ensenada de Barrag\u00e1n<\/strong>, y aprob\u00f3 el proyecto de la izquierda para recuperar la \u00faltima casa en la que vivi\u00f3 Rodolfo Walsh.<\/p>\n<p>En diciembre\u00a0<strong>Diputados<\/strong>\u00a0se aboc\u00f3 principalmente a tratar el\u00a0<strong>Presupuesto<\/strong>, la\u00a0<strong>Ley Impositiva\u00a0<\/strong>y el\u00a0<strong>pedido de endeudamiento<\/strong>\u00a0del Ejecutivo provincial, no sin antes lograr la sanci\u00f3n definitiva a la reforma jubilatoria del Bapro,\u00a0y de coordinar el cambio de autoridades en la Presidencia. Sin embargo, a causa de diferencias en el articulado de la<strong>\u00a0Ley de Leyes<\/strong>, la sesi\u00f3n termin\u00f3 por caerse y <strong>la discusi\u00f3n qued\u00f3 para febrero<\/strong>.<\/p>\n<p><strong>La historia de la actividad legislativa en Diputados<\/strong><\/p>\n<ol>\n<li><strong>1990<\/strong>: 35 sesiones<\/li>\n<li><strong>1986<\/strong>: 34 sesiones<\/li>\n<li><strong>1988<\/strong>: 34 sesiones<\/li>\n<li><strong>1992<\/strong>: 32 sesiones<\/li>\n<li><strong>1985<\/strong>: 32 sesiones<\/li>\n<li><strong>1984<\/strong>: 32 sesiones<\/li>\n<li><strong>1996<\/strong>: 32 sesiones<\/li>\n<li><strong>1995<\/strong>: 29 sesiones<\/li>\n<li><strong>1991<\/strong>: 28 sesiones<\/li>\n<li><strong>1998<\/strong>: 28 sesiones<\/li>\n<li><strong>2004<\/strong>: 28 sesiones<\/li>\n<li><strong>1987<\/strong>: 26 sesiones<\/li>\n<li><strong>2002<\/strong>: 26 sesiones<\/li>\n<li><strong>1989<\/strong>: 25 sesiones<\/li>\n<li><strong>1997<\/strong>: 25 sesiones<\/li>\n<li><strong>2000<\/strong>: 25 sesiones<\/li>\n<li><strong>2008<\/strong>: 25 sesiones<\/li>\n<li><strong>2006<\/strong>: 23 sesiones<\/li>\n<li><strong>2009<\/strong>: 23 sesiones<\/li>\n<li><strong>1994<\/strong>: 22 sesiones<\/li>\n<li><strong>1993<\/strong>: 21 sesiones<\/li>\n<li><strong>1999<\/strong>: 21 sesiones<\/li>\n<li><strong>2003<\/strong>: 21 sesiones<\/li>\n<li><strong>2007<\/strong>: 19 sesiones<\/li>\n<li><strong>2011<\/strong>: 19 sesiones<\/li>\n<li><strong>2010<\/strong>: 18 sesiones<\/li>\n<li><strong>2001<\/strong>: 18 sesiones<\/li>\n<li><strong>2014<\/strong>: 17 sesiones<\/li>\n<li><strong>2012<\/strong>: 17 sesiones<\/li>\n<li><strong>2005<\/strong>: 16 sesiones<\/li>\n<li><strong>2013<\/strong>: 15 sesiones<\/li>\n<li><strong>2020<\/strong>: 15 sesiones<\/li>\n<li><strong>2015<\/strong>: 14 sesiones<\/li>\n<li><strong>2016<\/strong>: 14 sesiones<\/li>\n<li><strong>2024<\/strong>: 11 sesiones<\/li>\n<li><strong>2021<\/strong>: 10 sesiones<\/li>\n<li><strong>2022<\/strong>: 10 sesiones<\/li>\n<li><strong>2017<\/strong>: 9 sesiones<\/li>\n<li><strong>2018<\/strong>: 9 sesiones<\/li>\n<li><strong>2019<\/strong>: 8 sesiones<\/li>\n<li><strong>2023<\/strong>: 5 sesiones<\/li>\n<li><strong>1983<\/strong>: 5 sesiones (a partir de diciembre) <strong>(VW)<\/strong><\/li>\n<\/ol>\n<p>&nbsp;<\/p>\n","protected":false},"excerpt":{"rendered":"<p>Diputados de la Provincia cerr\u00f3 el a\u00f1o con una performance de 11 sesiones, m\u00e1s del doble que el desastroso a\u00f1o pasado. En\u00a02024\u00a0se ubic\u00f3 en el puesto\u00a035\u00b0 de 42\u00b0\u00a0en el\u00a0ranking de actividad legislativa, aunque se&#46;&#46;&#46;<\/p>\n","protected":false},"author":4,"featured_media":13160,"comment_status":"closed","ping_status":"closed","sticky":false,"template":"","format":"standard","meta":{"_monsterinsights_skip_tracking":false,"_monsterinsights_sitenote_active":false,"_monsterinsights_sitenote_note":"","_monsterinsights_sitenote_category":0,"footnotes":""},"categories":[4],"tags":[2301,7136],"class_list":["post-16848","post","type-post","status-publish","format-standard","has-post-thumbnail","hentry","category-politica","tag-diputados-bonaerenses","tag-ranking-de-sesiones-2024"],"_links":{"self":[{"href":"https:\/\/www.visionweb.com.ar\/index.php?rest_route=\/wp\/v2\/posts\/16848","targetHints":{"allow":["GET"]}}],"collection":[{"href":"https:\/\/www.visionweb.com.ar\/index.php?rest_route=\/wp\/v2\/posts"}],"about":[{"href":"https:\/\/www.visionweb.com.ar\/index.php?rest_route=\/wp\/v2\/types\/post"}],"author":[{"embeddable":true,"href":"https:\/\/www.visionweb.com.ar\/index.php?rest_route=\/wp\/v2\/users\/4"}],"replies":[{"embeddable":true,"href":"https:\/\/www.visionweb.com.ar\/index.php?rest_route=%2Fwp%2Fv2%2Fcomments&post=16848"}],"version-history":[{"count":1,"href":"https:\/\/www.visionweb.com.ar\/index.php?rest_route=\/wp\/v2\/posts\/16848\/revisions"}],"predecessor-version":[{"id":16849,"href":"https:\/\/www.visionweb.com.ar\/index.php?rest_route=\/wp\/v2\/posts\/16848\/revisions\/16849"}],"wp:featuredmedia":[{"embeddable":true,"href":"https:\/\/www.visionweb.com.ar\/index.php?rest_route=\/wp\/v2\/media\/13160"}],"wp:attachment":[{"href":"https:\/\/www.visionweb.com.ar\/index.php?rest_route=%2Fwp%2Fv2%2Fmedia&parent=16848"}],"wp:term":[{"taxonomy":"category","embeddable":true,"href":"https:\/\/www.visionweb.com.ar\/index.php?rest_route=%2Fwp%2Fv2%2Fcategories&post=16848"},{"taxonomy":"post_tag","embeddable":true,"href":"https:\/\/www.visionweb.com.ar\/index.php?rest_route=%2Fwp%2Fv2%2Ftags&post=16848"}],"curies":[{"name":"wp","href":"https:\/\/api.w.org\/{rel}","templated":true}]}}