{"id":16844,"date":"2025-01-02T10:16:43","date_gmt":"2025-01-02T13:16:43","guid":{"rendered":"https:\/\/www.visionweb.com.ar\/?p=16844"},"modified":"2025-01-02T10:16:43","modified_gmt":"2025-01-02T13:16:43","slug":"hubo-mas-de-60-000-usuarios-que-sufrieron-cortes-de-luz-por-el-breve-temporal","status":"publish","type":"post","link":"https:\/\/www.visionweb.com.ar\/?p=16844","title":{"rendered":"Hubo m\u00e1s de 60.000 usuarios que sufrieron cortes de luz por el breve temporal"},"content":{"rendered":"<p><em><strong>Sin luz y con temperaturas promedio de 30 grados en el arranque del 2025. Los cortes afectaron en la tarde a la Ciudad de Buenos Aires, Almirante Brown, Avellaneda, Esteban Echeverria, Lan\u00fas, Lomas de Zamora, San Vicente, entre otras.<\/strong><\/em><!--more--><\/p>\n<p><img loading=\"lazy\" decoding=\"async\" class=\"size-medium wp-image-13512 alignright\" src=\"https:\/\/www.visionweb.com.ar\/wp-content\/uploads\/2024\/02\/alerta-tormentas-300x232.png\" alt=\"\" width=\"300\" height=\"232\" srcset=\"https:\/\/www.visionweb.com.ar\/wp-content\/uploads\/2024\/02\/alerta-tormentas-300x232.png 300w, https:\/\/www.visionweb.com.ar\/wp-content\/uploads\/2024\/02\/alerta-tormentas.png 333w\" sizes=\"auto, (max-width: 300px) 100vw, 300px\" \/> <strong>Fueron m\u00e1s de 60 mil usuarios del \u00c1rea Metropolitana de Buenos Aires (AMBA)<\/strong>\u00a0que sufrieron cortes de luz en el <strong>primer d\u00eda del 2025<\/strong>, en una jornada atravesada por fuertes tormentas, aunque breves, y temperaturas que superaron los 30 grados.<\/p>\n<p>De acuerdo a la <strong>informaci\u00f3n<\/strong> del\u00a0<strong>Ente Nacional Regulador de la Electricidad\u00a0<\/strong>(ENRE) en la tarde del mi\u00e9rcoles un total de\u00a0<strong>62.316 usuario de Edesur<\/strong>\u00a0<strong>y 7.512 de Edenor<\/strong>\u00a0se encontraban sin suministro el\u00e9ctrico.<\/p>\n<p>Las zonas que se vieron afectadas, que corresponden a Edesur, son\u00a0<strong>Ciudad de Buenos Aires, Almirante Brown, Avellaneda, Esteban Echeverr\u00eda, Lan\u00fas, Quilmes, Lomas de Zamora, y San Vicente.\u00a0<\/strong>Seg\u00fan inform\u00f3 la empresa, los cortes se debieron a <strong>una falla en Central Puerto <\/strong>provocada por la tormenta.<\/p>\n<p>En tanto los cortes de Edenor afectaron a las localidades de<strong>\u00a0Moreno, Escobar, General Rodr\u00edguez, Ituzaing\u00f3, Merlo, La Matanza y San Fernando.<\/strong><\/p>\n<p>Pasadas las 19 horas todav\u00eda hab\u00eda m\u00e1s de 50 mil usuarios que continuaban sin luz,\u00a0<strong>45.449 de Edesur y 3.538 de Edenor.\u00a0<\/strong>Sobre la noche el servicio comenz\u00f3 a restablecerse. <strong>(VW)<\/strong><\/p>\n<p>&nbsp;<\/p>\n","protected":false},"excerpt":{"rendered":"<p>Sin luz y con temperaturas promedio de 30 grados en el arranque del 2025. Los cortes afectaron en la tarde a la Ciudad de Buenos Aires, Almirante Brown, Avellaneda, Esteban Echeverria, Lan\u00fas, Lomas de&#46;&#46;&#46;<\/p>\n","protected":false},"author":4,"featured_media":13512,"comment_status":"closed","ping_status":"closed","sticky":false,"template":"","format":"standard","meta":{"_monsterinsights_skip_tracking":false,"_monsterinsights_sitenote_active":false,"_monsterinsights_sitenote_note":"","_monsterinsights_sitenote_category":0,"footnotes":""},"categories":[8],"tags":[7070,277,1297,276,5400],"class_list":["post-16844","post","type-post","status-publish","format-standard","has-post-thumbnail","hentry","category-interes-general","tag-1-de-enero","tag-cortes","tag-edenor","tag-edesur","tag-tormentas"],"_links":{"self":[{"href":"https:\/\/www.visionweb.com.ar\/index.php?rest_route=\/wp\/v2\/posts\/16844","targetHints":{"allow":["GET"]}}],"collection":[{"href":"https:\/\/www.visionweb.com.ar\/index.php?rest_route=\/wp\/v2\/posts"}],"about":[{"href":"https:\/\/www.visionweb.com.ar\/index.php?rest_route=\/wp\/v2\/types\/post"}],"author":[{"embeddable":true,"href":"https:\/\/www.visionweb.com.ar\/index.php?rest_route=\/wp\/v2\/users\/4"}],"replies":[{"embeddable":true,"href":"https:\/\/www.visionweb.com.ar\/index.php?rest_route=%2Fwp%2Fv2%2Fcomments&post=16844"}],"version-history":[{"count":1,"href":"https:\/\/www.visionweb.com.ar\/index.php?rest_route=\/wp\/v2\/posts\/16844\/revisions"}],"predecessor-version":[{"id":16845,"href":"https:\/\/www.visionweb.com.ar\/index.php?rest_route=\/wp\/v2\/posts\/16844\/revisions\/16845"}],"wp:featuredmedia":[{"embeddable":true,"href":"https:\/\/www.visionweb.com.ar\/index.php?rest_route=\/wp\/v2\/media\/13512"}],"wp:attachment":[{"href":"https:\/\/www.visionweb.com.ar\/index.php?rest_route=%2Fwp%2Fv2%2Fmedia&parent=16844"}],"wp:term":[{"taxonomy":"category","embeddable":true,"href":"https:\/\/www.visionweb.com.ar\/index.php?rest_route=%2Fwp%2Fv2%2Fcategories&post=16844"},{"taxonomy":"post_tag","embeddable":true,"href":"https:\/\/www.visionweb.com.ar\/index.php?rest_route=%2Fwp%2Fv2%2Ftags&post=16844"}],"curies":[{"name":"wp","href":"https:\/\/api.w.org\/{rel}","templated":true}]}}