{"id":16827,"date":"2024-12-27T17:50:30","date_gmt":"2024-12-27T20:50:30","guid":{"rendered":"https:\/\/www.visionweb.com.ar\/?p=16827"},"modified":"2024-12-27T17:50:30","modified_gmt":"2024-12-27T20:50:30","slug":"la-uta-analiza-un-nuevo-paro-nacional-de-colectivos","status":"publish","type":"post","link":"https:\/\/www.visionweb.com.ar\/?p=16827","title":{"rendered":"La UTA analiza un nuevo paro nacional de colectivos"},"content":{"rendered":"<p><em><strong>Es por la falta de acuerdo salarial. Un nuevo paro de colectivos podr\u00eda llevarse a cabo una vez que termine el per\u00edodo de conciliaci\u00f3n, en la segunda semana de enero.<\/strong><\/em><!--more--><\/p>\n<p><strong><img loading=\"lazy\" decoding=\"async\" class=\"size-medium wp-image-13723 alignright\" src=\"https:\/\/www.visionweb.com.ar\/wp-content\/uploads\/2024\/02\/colectivos-1-300x180.png\" alt=\"\" width=\"300\" height=\"180\" srcset=\"https:\/\/www.visionweb.com.ar\/wp-content\/uploads\/2024\/02\/colectivos-1-300x180.png 300w, https:\/\/www.visionweb.com.ar\/wp-content\/uploads\/2024\/02\/colectivos-1.png 499w\" sizes=\"auto, (max-width: 300px) 100vw, 300px\" \/>\u00a0\u00a0 L<\/strong>a\u00a0<a href=\"https:\/\/www.utaargentina.com\/\"><strong>Uni\u00f3n Tranviarios Automotor<\/strong>\u00a0(<strong>UTA<\/strong>)<\/a>\u00a0eval\u00faa convocar a un paro nacional de transporte, en el marco de la conciliaci\u00f3n obligatoria de 15 d\u00edas dictada por la\u00a0<strong>Secretar\u00eda de Trabajo<\/strong>. La medida se origin\u00f3 por la falta de acuerdo en las negociaciones salariales con las c\u00e1maras de colectivos del interior del pa\u00eds.<\/p>\n<p>El conflicto escal\u00f3 despu\u00e9s de que una audiencia virtual programada para este jueves se postergara por decisi\u00f3n de la\u00a0<strong>Secretar\u00eda de Trabajo<\/strong>, encabezada por\u00a0<strong>Julio Cordero<\/strong>, que decret\u00f3 un cuarto intermedio. Seg\u00fan se inform\u00f3, la nueva reuni\u00f3n se realizar\u00e1 el pr\u00f3ximo viernes, mientras los gremios advierten que el <strong>nuevo paro nacional de colectivos podr\u00eda llevarse a cabo una vez que termine el per\u00edodo de conciliaci\u00f3n en la segunda semana de enero<\/strong>.<\/p>\n<p>El gremio ya hab\u00eda planeado un paro para el pasado 19 de diciembre, que qued\u00f3 suspendido tras la intervenci\u00f3n del\u00a0<strong>Gobierno nacional<\/strong>. Por su parte, desde el\u00a0<strong>Ejecutivo<\/strong>, explicaron: \u201cLa medida adoptada se da en el marco del paro programado para el d\u00eda jueves 19 de diciembre, que quedar\u00e1 sin efecto a partir de las disposiciones dictadas por la\u00a0<strong>Secretar\u00eda de Trabajo<\/strong>\u00a0en el \u00e1mbito de su competencia\u201d.<\/p>\n<p>Mientras tanto, la\u00a0<strong>UTA<\/strong>\u00a0analiza retomar las medidas de fuerza, las empresas de transporte advierten sobre la posible eliminaci\u00f3n de colectivos si no se actualizan los costos del sector. Seg\u00fan los empresarios, la interrupci\u00f3n de la actualizaci\u00f3n de costos desde noviembre es el eje principal del conflicto, afectando tanto la negociaci\u00f3n paritaria como el pago del aguinaldo.<\/p>\n<p>Las c\u00e1maras empresariales argumentaron que <strong>no cuentan con los fondos necesarios para abonar el medio salario anual complementario correspondiente a diciembre en un solo pago<\/strong>. En este contexto, propusieron dividir el desembolso en seis cuotas mensuales, una decisi\u00f3n que podr\u00eda tensar a\u00fan m\u00e1s la relaci\u00f3n con el sindicato liderado por<strong>\u00a0Roberto Fern\u00e1ndez<\/strong>.<\/p>\n<p>El gremio eval\u00faa alternativas para enfrentar esta situaci\u00f3n y entre las posibilidades, podr\u00eda exigir una reducci\u00f3n en la cantidad de cuotas propuestas para el pago o tomar medidas de fuerza con el objetivo de que el\u00a0<strong>Gobierno nacional<\/strong>\u00a0intervenga y garantice el cumplimiento del aguinaldo en t\u00e9rminos m\u00e1s favorables para los trabajadores.<\/p>\n<p>\u201cEl Gobierno actualiz\u00f3 los costos hasta el mes de octubre, pero no lo hizo en los meses cr\u00edticos de noviembre, diciembre y enero, donde se dan las paritarias\u201d, explicaron fuentes del sector privado. Seg\u00fan estas proyecciones, el precio t\u00e9cnico del boleto deber\u00eda ser de $1300 para cubrir la estructura de costos, pero actualmente solo se reconocen $900 entre tarifa y subsidios.<\/p>\n<p>Desde la\u00a0<strong>Secretar\u00eda de Transporte<\/strong>\u00a0niegan estas acusaciones y aseguran estar en di\u00e1logo constante con las empresas. Sin embargo, los empresarios mantienen su postura y advierten que sin una soluci\u00f3n, habr\u00e1 cierre de empresas y reducci\u00f3n de unidades.<\/p>\n<p>El futuro del transporte p\u00fablico depende ahora de las definiciones que se logren en la audiencia de conciliaci\u00f3n del pr\u00f3ximo viernes, donde el gremio y las c\u00e1maras empresariales buscar\u00e1n alcanzar un acuerdo que evite la concreci\u00f3n de un nuevo paro nacional en enero.<\/p>\n<p><strong>Paro nacional de la UTA: Transporte bonaerense advierte que peligran los sueldos de enero<\/strong><\/p>\n<p>La\u00a0<strong>C\u00e1mara de Transporte de la Provincia de Buenos Aires<\/strong>\u00a0(<strong>CTPBA<\/strong>) alert\u00f3 sobre la grave crisis financiera que enfrenta el sector, se\u00f1alando que la falta de subsidios adeudados por el\u00a0<strong>Gobierno nacional<\/strong>\u00a0pone en riesgo el pago de los sueldos de enero. Desde la entidad reclaman una mesa de negociaci\u00f3n inmediata y advierten sobre posibles medidas de fuerza si no obtienen respuestas concretas. <strong>(VW)<\/strong><\/p>\n<p>&nbsp;<\/p>\n","protected":false},"excerpt":{"rendered":"<p>Es por la falta de acuerdo salarial. Un nuevo paro de colectivos podr\u00eda llevarse a cabo una vez que termine el per\u00edodo de conciliaci\u00f3n, en la segunda semana de enero.<\/p>\n","protected":false},"author":4,"featured_media":13723,"comment_status":"closed","ping_status":"closed","sticky":false,"template":"","format":"standard","meta":{"_monsterinsights_skip_tracking":false,"_monsterinsights_sitenote_active":false,"_monsterinsights_sitenote_note":"","_monsterinsights_sitenote_category":0,"footnotes":""},"categories":[4,5],"tags":[3742,1685,2697],"class_list":["post-16827","post","type-post","status-publish","format-standard","has-post-thumbnail","hentry","category-politica","category-sociedad","tag-enero","tag-paro-colectivos","tag-uta"],"_links":{"self":[{"href":"https:\/\/www.visionweb.com.ar\/index.php?rest_route=\/wp\/v2\/posts\/16827","targetHints":{"allow":["GET"]}}],"collection":[{"href":"https:\/\/www.visionweb.com.ar\/index.php?rest_route=\/wp\/v2\/posts"}],"about":[{"href":"https:\/\/www.visionweb.com.ar\/index.php?rest_route=\/wp\/v2\/types\/post"}],"author":[{"embeddable":true,"href":"https:\/\/www.visionweb.com.ar\/index.php?rest_route=\/wp\/v2\/users\/4"}],"replies":[{"embeddable":true,"href":"https:\/\/www.visionweb.com.ar\/index.php?rest_route=%2Fwp%2Fv2%2Fcomments&post=16827"}],"version-history":[{"count":1,"href":"https:\/\/www.visionweb.com.ar\/index.php?rest_route=\/wp\/v2\/posts\/16827\/revisions"}],"predecessor-version":[{"id":16828,"href":"https:\/\/www.visionweb.com.ar\/index.php?rest_route=\/wp\/v2\/posts\/16827\/revisions\/16828"}],"wp:featuredmedia":[{"embeddable":true,"href":"https:\/\/www.visionweb.com.ar\/index.php?rest_route=\/wp\/v2\/media\/13723"}],"wp:attachment":[{"href":"https:\/\/www.visionweb.com.ar\/index.php?rest_route=%2Fwp%2Fv2%2Fmedia&parent=16827"}],"wp:term":[{"taxonomy":"category","embeddable":true,"href":"https:\/\/www.visionweb.com.ar\/index.php?rest_route=%2Fwp%2Fv2%2Fcategories&post=16827"},{"taxonomy":"post_tag","embeddable":true,"href":"https:\/\/www.visionweb.com.ar\/index.php?rest_route=%2Fwp%2Fv2%2Ftags&post=16827"}],"curies":[{"name":"wp","href":"https:\/\/api.w.org\/{rel}","templated":true}]}}