{"id":16825,"date":"2024-12-27T17:44:24","date_gmt":"2024-12-27T20:44:24","guid":{"rendered":"https:\/\/www.visionweb.com.ar\/?p=16825"},"modified":"2024-12-27T17:44:24","modified_gmt":"2024-12-27T20:44:24","slug":"luego-de-4-meses-de-conflicto-reactivan-el-convenio-de-ioma-con-femeba","status":"publish","type":"post","link":"https:\/\/www.visionweb.com.ar\/?p=16825","title":{"rendered":"Luego de 4 meses de conflicto reactivan el convenio de IOMA con FEMEBA"},"content":{"rendered":"<p><em><strong>Los titulares de los C\u00edrculos M\u00e9dicos de los distintos municipios de la Provincia comenzaron a retomar la atenci\u00f3n a los afiliados del IOMA.<\/strong><\/em><!--more--><\/p>\n<p><strong><img loading=\"lazy\" decoding=\"async\" class=\"size-medium wp-image-11078 alignright\" src=\"https:\/\/www.visionweb.com.ar\/wp-content\/uploads\/2023\/06\/ioma-2-300x194.png\" alt=\"\" width=\"300\" height=\"194\" srcset=\"https:\/\/www.visionweb.com.ar\/wp-content\/uploads\/2023\/06\/ioma-2-300x194.png 300w, https:\/\/www.visionweb.com.ar\/wp-content\/uploads\/2023\/06\/ioma-2.png 325w\" sizes=\"auto, (max-width: 300px) 100vw, 300px\" \/>\u00a0 \u00a0 \u00a0 \u00a0 E<\/strong>n los \u00faltimos d\u00edas, el titular del\u00a0<strong>Instituto de Obra M\u00e9dico Asistencial\u00a0<\/strong>(<strong><a href=\"https:\/\/www.ioma.gba.gob.ar\/\">IOMA<\/a><\/strong>),\u00a0<strong>Homero Giles<\/strong>, y las autoridades de la\u00a0<strong>Federaci\u00f3n M\u00e9dica de la provincia de Buenos Aires\u00a0<\/strong>(<strong>FEMEBA<\/strong>), anunciaron la <strong>firma de un nuevo convenio y el fin del conflicto<\/strong> que mantuvo a miles de afiliados de m\u00e1s de 20 municipios bonaerenses sin cobertura m\u00e9dica durante cuatro extensos meses.<\/p>\n<p>En este sentido, los titulares de los\u00a0<strong>C\u00edrculos M\u00e9dicos\u00a0<\/strong>de los distintos municipios de la\u00a0<strong>provincia de Buenos Aires\u00a0<\/strong>comenzaron a <strong>retomar la atenci\u00f3n a los afiliados<\/strong> de la obra social bonaerense, y celebraron el cese de la lucha entre el gremio de los profesionales de la salud y la prestadora sanitaria de la regi\u00f3n liderada por el gobernador\u00a0<strong>Axel Kicillof<\/strong>.<\/p>\n<p>La titular del\u00a0<strong>C\u00edrculo M\u00e9dico\u00a0<\/strong>de\u00a0<strong>Bragado<\/strong>,\u00a0<strong>Paula Blaiotta<\/strong>, remarc\u00f3 que el municipio fue \u201cuno de los primeros en quedarse sin convenio con\u00a0<strong>IOMA\u00a0<\/strong>en septiembre\u201d, lo que represent\u00f3 una dura p\u00e9rdida econ\u00f3mica para los profesionales de la salud de la localidad, inform\u00f3 Diputados Bonaerenses.<\/p>\n<p>En ese sentido,\u00a0<strong>Blaiotta\u00a0<\/strong>advirti\u00f3 que el\u00a0<strong>C\u00edrculo M\u00e9dico bragadense\u00a0<\/strong>\u201csiempre se mantuvo firme, con la convicci\u00f3n de que el acuerdo con\u00a0<strong>IOMA\u00a0<\/strong>deb\u00eda ser a trav\u00e9s de\u00a0<strong>FEMEBA<\/strong>\u201d, y resalt\u00f3 el rol de la Federaci\u00f3n, que como aglutinadora de todos los m\u00e9dicos bonaerenses cuenta con la fuerza necesaria para negociar con el titular de la obra social provincial.<\/p>\n<p>En la misma l\u00ednea, el titular del\u00a0<strong>C\u00edrculo M\u00e9dico\u00a0<\/strong>de\u00a0<strong>Olavarr\u00eda<\/strong>,\u00a0<strong>Andr\u00e9s Stratta<\/strong>, analiz\u00f3 el acuerdo anunciado por\u00a0<strong>IOMA\u00a0<\/strong>y\u00a0<strong>FEMEBA<\/strong>, que permitir\u00e1 la reanudaci\u00f3n de la cobertura de los servicios de salud a los trabajadores estatales de la\u00a0<strong>provincia de Buenos Aires\u00a0<\/strong>a partir del 1\u00b0 de enero del 2025.<\/p>\n<p>En una primera reflexi\u00f3n sobre el anuncio emitido desde\u00a0<strong>La Plata<\/strong>, el doctor\u00a0<strong>Stratta\u00a0<\/strong>aclar\u00f3 que el\u00a0<strong>C\u00edrculo M\u00e9dico\u00a0<\/strong>que lidera \u201csigue perteneciendo a\u00a0<strong>FEMEBA<\/strong>\u201d, con todos los convenios que la Federaci\u00f3n ten\u00eda. \u201cEste ser\u00eda un convenio m\u00e1s, aunque estamos en la misma situaci\u00f3n que antes del 1\u00b0 de octubre. Es un pacto con adhesi\u00f3n voluntaria, entonces cada uno de los socios que se quiera adherir podr\u00e1 hacerlo. El que no quiere pasa de largo, y puede seguir trabajando con el resto de las obras sociales\u201d, explic\u00f3 el olavarriense.<\/p>\n<p>Si bien han transcurrido pocos d\u00edas del anuncio de la reanudaci\u00f3n del v\u00ednculo, el doctor\u00a0<strong>Stratta\u00a0<\/strong>marc\u00f3 que \u201cel socio del\u00a0<strong>C\u00edrculo M\u00e9dico<\/strong>, teniendo en cuenta los valores de\u00a0<strong>IOMA<\/strong>, seg\u00fan su especialidad y dem\u00e1s evaluar\u00e1 la situaci\u00f3n, su caudal de trabajo y lo que le sirva trabajar\u201d.<\/p>\n<p>En ese contexto,\u00a0<strong>Stratta\u00a0<\/strong>reconoci\u00f3 que \u201clos m\u00e9dicos que tienen la posibilidad de no trabajar por\u00a0<strong>IOMA\u00a0<\/strong>o por obras sociales que pagan menos no se ver\u00e1n damnificados, pero hay m\u00e9dicos que tienen necesidad econ\u00f3mica de trabajar con los afiliados de la obra social bonaerense, que en muchos casos representan un caudal muy importante de sus pacientes y de sus ingresos\u201d. \u201cExiste mucha diversidad en el universo de los m\u00e9dicos\u201d, complet\u00f3.<\/p>\n<p>En tanto, el vicepresidente del\u00a0<strong>C\u00edrculo M\u00e9dico\u00a0<\/strong>de\u00a0<strong>Jun\u00edn<\/strong>,\u00a0<strong>Fernando Serra<\/strong>, celebr\u00f3 el nuevo acuerdo alcanzado entre\u00a0<strong>IOMA\u00a0<\/strong>y\u00a0<strong>FEMEBA<\/strong>, y explic\u00f3 cu\u00e1les ser\u00e1n los pr\u00f3ximos pasos de la entidad que codirige. \u201cPas\u00f3 mucho tiempo, trabajo y desaz\u00f3n, desde que apretaron un bot\u00f3n en\u00a0<strong>La Plata\u00a0<\/strong>y detonaron\u00a0<strong>Jun\u00edn\u00a0<\/strong>con el fin del convenio entre\u00a0<strong>IOMA<\/strong>\u00a0y\u00a0<strong>FEMEBA<\/strong>, que garantizaba la atenci\u00f3n m\u00e9dica de miles de ciudadanos\u201d, afirm\u00f3.<\/p>\n<p>Asimismo,\u00a0<strong>Serra\u00a0<\/strong>destac\u00f3: \u201cSe lleg\u00f3 a un acuerdo muy bueno para la\u00a0<strong>Federaci\u00f3n M\u00e9dica<\/strong>, e implica lo mismo para\u00a0<strong>IOMA,\u00a0<\/strong>y en esto hay que agradecer a mucha gente involucrada por la cual la obra social se sent\u00f3 a negociar. No es menor, y es realmente una cuesti\u00f3n a celebrar, porque ni los\u00a0<strong>C\u00edrculos M\u00e9dicos<\/strong>, ni los m\u00e9dicos ni los pacientes pueden subsistir tanto tiempo con la obra social cortada, sin prestaciones ni atenci\u00f3n\u201d.<\/p>\n<p>Es preciso recordar que, el\u00a0<strong>C\u00edrculo M\u00e9dico\u00a0<\/strong>de\u00a0<strong>Jun\u00edn\u00a0<\/strong>fue uno de los tres aglutinadores de profesionales de la salud que firm\u00f3 un convenio directo con\u00a0<strong>IOMA\u00a0<\/strong>tras el conflicto que se desat\u00f3 con\u00a0<strong>FEMEBA<\/strong>, por lo que\u00a0<strong>Serra\u00a0<\/strong>adelant\u00f3 que en la entidad deber\u00e1n resolver \u201cc\u00f3mo revertir el acuerdo firmado para caminar nuevamente en sinton\u00eda con el resto de la provincia\u201d.<\/p>\n<p><strong>Las claves del nuevo convenio entre el IOMA y FEMEBA<\/strong><\/p>\n<ul>\n<li><strong>Eliminaci\u00f3n de la intermediaci\u00f3n<\/strong>: los pagos por prestaciones m\u00e9dicas se har\u00e1n directamente a los c\u00edrculos m\u00e9dicos que adhieran al convenio.<\/li>\n<li><strong>Reempadronamiento de profesionales<\/strong>: se llevar\u00e1 a cabo un re-empadronamiento de las y los profesionales m\u00e9dicos.<\/li>\n<li><strong>Compromiso de No Cobros Indebidos<\/strong>: las y los profesionales m\u00e9dicos tendr\u00e1n que firmar una declaraci\u00f3n jurada mediante la que se comprometen a no cobrar montos o ning\u00fan tipo de sumas dinerarias a las y los afiliados que no est\u00e9n debidamente autorizados.<\/li>\n<li><strong>Uso de herramientas electr\u00f3nicas<\/strong>: las y los profesionales deber\u00e1n enviar digitalmente las prestaciones en tiempo real para su auditor\u00eda por parte del\u00a0<strong>IOMA<\/strong>. Tambi\u00e9n se comprometen a\u00a0utilizar la receta electr\u00f3nica y otros sistemas para optimizar el control.<\/li>\n<li><strong>Facturaci\u00f3n electr\u00f3nica<\/strong>: se implementar\u00e1 un sistema de facturaci\u00f3n electr\u00f3nica que garantizar\u00e1 la correcta distribuci\u00f3n de los fondos a los profesionales despu\u00e9s de realizar las retenciones de ley que correspondan.<\/li>\n<li><strong>Representaci\u00f3n gremial de la FEMEBA<\/strong>: la Federaci\u00f3n mantendr\u00e1 la representaci\u00f3n gremial para aquellos c\u00edrculos que lo deseen y adhieran. Tambi\u00e9n se compromete a apoyar la implementaci\u00f3n de herramientas digitales para el correcto control de lo que paga\u00a0<strong>IOMA\u00a0<\/strong>mensualmente. <strong>(VW)<\/strong><\/li>\n<\/ul>\n","protected":false},"excerpt":{"rendered":"<p>Los titulares de los C\u00edrculos M\u00e9dicos de los distintos municipios de la Provincia comenzaron a retomar la atenci\u00f3n a los afiliados del IOMA.<\/p>\n","protected":false},"author":4,"featured_media":11078,"comment_status":"closed","ping_status":"closed","sticky":false,"template":"","format":"standard","meta":{"_monsterinsights_skip_tracking":false,"_monsterinsights_sitenote_active":false,"_monsterinsights_sitenote_note":"","_monsterinsights_sitenote_category":0,"footnotes":""},"categories":[1],"tags":[4605,127,7124,7123],"class_list":["post-16825","post","type-post","status-publish","format-standard","has-post-thumbnail","hentry","category-uncategorized","tag-femeba","tag-ioma","tag-nuevo-convenio","tag-reanudan-atencion"],"_links":{"self":[{"href":"https:\/\/www.visionweb.com.ar\/index.php?rest_route=\/wp\/v2\/posts\/16825","targetHints":{"allow":["GET"]}}],"collection":[{"href":"https:\/\/www.visionweb.com.ar\/index.php?rest_route=\/wp\/v2\/posts"}],"about":[{"href":"https:\/\/www.visionweb.com.ar\/index.php?rest_route=\/wp\/v2\/types\/post"}],"author":[{"embeddable":true,"href":"https:\/\/www.visionweb.com.ar\/index.php?rest_route=\/wp\/v2\/users\/4"}],"replies":[{"embeddable":true,"href":"https:\/\/www.visionweb.com.ar\/index.php?rest_route=%2Fwp%2Fv2%2Fcomments&post=16825"}],"version-history":[{"count":1,"href":"https:\/\/www.visionweb.com.ar\/index.php?rest_route=\/wp\/v2\/posts\/16825\/revisions"}],"predecessor-version":[{"id":16826,"href":"https:\/\/www.visionweb.com.ar\/index.php?rest_route=\/wp\/v2\/posts\/16825\/revisions\/16826"}],"wp:featuredmedia":[{"embeddable":true,"href":"https:\/\/www.visionweb.com.ar\/index.php?rest_route=\/wp\/v2\/media\/11078"}],"wp:attachment":[{"href":"https:\/\/www.visionweb.com.ar\/index.php?rest_route=%2Fwp%2Fv2%2Fmedia&parent=16825"}],"wp:term":[{"taxonomy":"category","embeddable":true,"href":"https:\/\/www.visionweb.com.ar\/index.php?rest_route=%2Fwp%2Fv2%2Fcategories&post=16825"},{"taxonomy":"post_tag","embeddable":true,"href":"https:\/\/www.visionweb.com.ar\/index.php?rest_route=%2Fwp%2Fv2%2Ftags&post=16825"}],"curies":[{"name":"wp","href":"https:\/\/api.w.org\/{rel}","templated":true}]}}