{"id":16822,"date":"2024-12-27T15:47:23","date_gmt":"2024-12-27T18:47:23","guid":{"rendered":"https:\/\/www.visionweb.com.ar\/?p=16822"},"modified":"2024-12-27T15:47:23","modified_gmt":"2024-12-27T18:47:23","slug":"duro-cuestionamiento-de-una-gremial-del-campo-a-los-intendentes","status":"publish","type":"post","link":"https:\/\/www.visionweb.com.ar\/?p=16822","title":{"rendered":"Duro cuestionamiento de una gremial del campo a los intendentes"},"content":{"rendered":"<p><em><strong>La gremial del campo pidi\u00f3 a los intendentes del interior de las provincias de Buenos Aires y La Pampa no aumentar m\u00e1s la presi\u00f3n fiscal con tasas municipales m\u00e1s caras.<\/strong><\/em>\u00a0\u00a0<!--more--><\/p>\n<p><img loading=\"lazy\" decoding=\"async\" class=\"size-medium wp-image-16823 alignright\" src=\"https:\/\/www.visionweb.com.ar\/wp-content\/uploads\/2024\/12\/CAMINOS-RURALES-300x160.png\" alt=\"\" width=\"300\" height=\"160\" srcset=\"https:\/\/www.visionweb.com.ar\/wp-content\/uploads\/2024\/12\/CAMINOS-RURALES-300x160.png 300w, https:\/\/www.visionweb.com.ar\/wp-content\/uploads\/2024\/12\/CAMINOS-RURALES.png 640w\" sizes=\"auto, (max-width: 300px) 100vw, 300px\" \/>Organizaciones gremiales bonaerenses y pampeanas que representan a productores agropecuarios, salieron con los tapones de punta a criticar con dureza la fuerte suba de tasas que que los municipios preveen aplicar a lo largo del ejercicio 2025.<\/p>\n<p>En ese sentido, la Confederaci\u00f3n de Asociaciones Rurales de Buenos Aires y La Pampa (CARBAP) manifiesta su en\u00e9rgico rechazo y preocupaci\u00f3n por el aumento desmedido de las tasas municipales del interior de la provincia de Buenos Aires y de La Pampa.<\/p>\n<p>Estos incrementos desproporcionados, que en algunos casos superan el 200%, resultan completamente injustificados, sobre todo cuando siquiera se refleja en una mejora de la calidad en los servicios que prestan, como por ejemplo en\u00a0 los caminos rurales, que en su mayor\u00eda se encuentran en condiciones regulares o malas.<\/p>\n<p>Es por ello que desde CARBAP. \u00abPonemos de manifiesto el rechazo a intendentes que a\u00fan no se adaptan a las necesidades de la poblaci\u00f3n\u00bb.<\/p>\n<p>\u00abLes solicitamos con urgencia que junto a los concejales de todos los espacios pol\u00edticos, revean los aumentos de tasas previstos en las ordenanzas fiscales e impositivas para el a\u00f1o 2025. No pueden seguir adelante con pol\u00edticas fiscales que solo agravan la crisis\u00bb, sostuvo la entidad en un comunicado que difundi\u00f3 en las \u00faltimas horas.<\/p>\n<p>\u00abEs imprescindible que se priorice, de manera inmediata, la reducci\u00f3n dr\u00e1stica del gasto p\u00fablico con mejora en la eficiencia de la gesti\u00f3n municipal.\u00a0 Deben ajustar su presupuesto y administrar con mayor responsabilidad y transparencia. Se debe poner fin a la espiral de aumentos impositivos que pone en riesgo la prosperidad de los argentinos\u00bb, a\u00f1adi\u00f3 CARBAP.<\/p>\n<p>Por \u00faltimo la Entidad areng\u00f3 a los in tendentes y a los Concejos Deliberantes a la hora de decretar: \u00abEst\u00e1 en sus manos hacer los cambios que hace tanto estamos esperando, quienes as\u00ed lo hagan ser\u00e1n reconocidos como verdaderos representantes\u00bb, cerr\u00f3 la organizaci\u00f3n gremial<strong>(VW).<\/strong><\/p>\n","protected":false},"excerpt":{"rendered":"<p>La gremial del campo pidi\u00f3 a los intendentes del interior de las provincias de Buenos Aires y La Pampa no aumentar m\u00e1s la presi\u00f3n fiscal con tasas municipales m\u00e1s caras.\u00a0\u00a0<\/p>\n","protected":false},"author":3,"featured_media":16823,"comment_status":"closed","ping_status":"closed","sticky":false,"template":"","format":"standard","meta":{"_monsterinsights_skip_tracking":false,"_monsterinsights_sitenote_active":false,"_monsterinsights_sitenote_note":"","_monsterinsights_sitenote_category":0,"footnotes":""},"categories":[8],"tags":[141,1279,148,217],"class_list":["post-16822","post","type-post","status-publish","format-standard","has-post-thumbnail","hentry","category-interes-general","tag-aumentos","tag-municipales","tag-municipios","tag-tasas"],"_links":{"self":[{"href":"https:\/\/www.visionweb.com.ar\/index.php?rest_route=\/wp\/v2\/posts\/16822","targetHints":{"allow":["GET"]}}],"collection":[{"href":"https:\/\/www.visionweb.com.ar\/index.php?rest_route=\/wp\/v2\/posts"}],"about":[{"href":"https:\/\/www.visionweb.com.ar\/index.php?rest_route=\/wp\/v2\/types\/post"}],"author":[{"embeddable":true,"href":"https:\/\/www.visionweb.com.ar\/index.php?rest_route=\/wp\/v2\/users\/3"}],"replies":[{"embeddable":true,"href":"https:\/\/www.visionweb.com.ar\/index.php?rest_route=%2Fwp%2Fv2%2Fcomments&post=16822"}],"version-history":[{"count":1,"href":"https:\/\/www.visionweb.com.ar\/index.php?rest_route=\/wp\/v2\/posts\/16822\/revisions"}],"predecessor-version":[{"id":16824,"href":"https:\/\/www.visionweb.com.ar\/index.php?rest_route=\/wp\/v2\/posts\/16822\/revisions\/16824"}],"wp:featuredmedia":[{"embeddable":true,"href":"https:\/\/www.visionweb.com.ar\/index.php?rest_route=\/wp\/v2\/media\/16823"}],"wp:attachment":[{"href":"https:\/\/www.visionweb.com.ar\/index.php?rest_route=%2Fwp%2Fv2%2Fmedia&parent=16822"}],"wp:term":[{"taxonomy":"category","embeddable":true,"href":"https:\/\/www.visionweb.com.ar\/index.php?rest_route=%2Fwp%2Fv2%2Fcategories&post=16822"},{"taxonomy":"post_tag","embeddable":true,"href":"https:\/\/www.visionweb.com.ar\/index.php?rest_route=%2Fwp%2Fv2%2Ftags&post=16822"}],"curies":[{"name":"wp","href":"https:\/\/api.w.org\/{rel}","templated":true}]}}