{"id":16820,"date":"2024-12-27T09:15:30","date_gmt":"2024-12-27T12:15:30","guid":{"rendered":"https:\/\/www.visionweb.com.ar\/?p=16820"},"modified":"2024-12-27T09:15:30","modified_gmt":"2024-12-27T12:15:30","slug":"la-ciudad-de-buenos-aires-desdobla-las-elecciones","status":"publish","type":"post","link":"https:\/\/www.visionweb.com.ar\/?p=16820","title":{"rendered":"La ciudad de Buenos Aires desdobla las elecciones"},"content":{"rendered":"<p>El Jefe de Gobierno porte\u00f1o, Jorge Macri quiere despegar las elecciones de la Ciudad de la Nacionales. ser\u00e1n en julio.<!--more--><\/p>\n<p><strong><img loading=\"lazy\" decoding=\"async\" class=\"size-medium wp-image-12837 alignleft\" src=\"https:\/\/www.visionweb.com.ar\/wp-content\/uploads\/2023\/12\/jorge-macri-y-clara-muzzio-300x246.png\" alt=\"\" width=\"300\" height=\"246\" srcset=\"https:\/\/www.visionweb.com.ar\/wp-content\/uploads\/2023\/12\/jorge-macri-y-clara-muzzio-300x246.png 300w, https:\/\/www.visionweb.com.ar\/wp-content\/uploads\/2023\/12\/jorge-macri-y-clara-muzzio.png 532w\" sizes=\"auto, (max-width: 300px) 100vw, 300px\" \/>El jefe de Gobierno porte\u00f1o, Jorge Macri, anunci\u00f3 el desdoblamiento de la elecci\u00f3n en la Ciudad de Buenos Aires,<\/strong>\u00a0a la vez que convoc\u00f3 a sesiones extraordinarias en la Legislatura para suspender las PASO.<\/p>\n<p><strong>Macri anunci\u00f3 que la Ciudad de Buenos Aires adelanta las elecciones: se realizar\u00e1n el 6 de julio.<\/strong><\/p>\n<p>Tambi\u00e9n anunci\u00f3 que enviar\u00e1n al Gobierno un proyecto para suspender las elecciones primarias abiertas simult\u00e1neas y obligatorias.<\/p>\n<p><strong>\u201cLe pedimos al Gobierno nacional la suspensi\u00f3n de las PASO porque nos permitir\u00eda ahorrar m\u00e1s de 200 mil millones de pesos\u201d,<\/strong>\u00a0expres\u00f3 en una conferencia de prensa que brind\u00f3 en la sede de Gobierno porte\u00f1o en Parque de los Patricios.<\/p>\n<p>Adem\u00e1s, Macri habl\u00f3 acerca de\u00a0\u201cla\u00a0<strong>deuda\u00a0<\/strong>que la Naci\u00f3n tiene con la Ciudad y que gener\u00f3 el kirchnerismo\u201d y dijo que \u201cestar\u00eda bueno saber qu\u00e9 postura va a tomar cada legislador en defensa de los recursos de la Ciudad\u201d.<strong>(VW)<\/strong><\/p>\n<p>&nbsp;<\/p>\n<p>&nbsp;<\/p>\n","protected":false},"excerpt":{"rendered":"<p>El Jefe de Gobierno porte\u00f1o, Jorge Macri quiere despegar las elecciones de la Ciudad de la Nacionales. ser\u00e1n en julio.<\/p>\n","protected":false},"author":3,"featured_media":12837,"comment_status":"closed","ping_status":"closed","sticky":false,"template":"","format":"standard","meta":{"_monsterinsights_skip_tracking":false,"_monsterinsights_sitenote_active":false,"_monsterinsights_sitenote_note":"","_monsterinsights_sitenote_category":0,"footnotes":""},"categories":[4],"tags":[330,7122,340,502],"class_list":["post-16820","post","type-post","status-publish","format-standard","has-post-thumbnail","hentry","category-politica","tag-caba","tag-desdoblamiento","tag-elecciones","tag-macri"],"_links":{"self":[{"href":"https:\/\/www.visionweb.com.ar\/index.php?rest_route=\/wp\/v2\/posts\/16820","targetHints":{"allow":["GET"]}}],"collection":[{"href":"https:\/\/www.visionweb.com.ar\/index.php?rest_route=\/wp\/v2\/posts"}],"about":[{"href":"https:\/\/www.visionweb.com.ar\/index.php?rest_route=\/wp\/v2\/types\/post"}],"author":[{"embeddable":true,"href":"https:\/\/www.visionweb.com.ar\/index.php?rest_route=\/wp\/v2\/users\/3"}],"replies":[{"embeddable":true,"href":"https:\/\/www.visionweb.com.ar\/index.php?rest_route=%2Fwp%2Fv2%2Fcomments&post=16820"}],"version-history":[{"count":1,"href":"https:\/\/www.visionweb.com.ar\/index.php?rest_route=\/wp\/v2\/posts\/16820\/revisions"}],"predecessor-version":[{"id":16821,"href":"https:\/\/www.visionweb.com.ar\/index.php?rest_route=\/wp\/v2\/posts\/16820\/revisions\/16821"}],"wp:featuredmedia":[{"embeddable":true,"href":"https:\/\/www.visionweb.com.ar\/index.php?rest_route=\/wp\/v2\/media\/12837"}],"wp:attachment":[{"href":"https:\/\/www.visionweb.com.ar\/index.php?rest_route=%2Fwp%2Fv2%2Fmedia&parent=16820"}],"wp:term":[{"taxonomy":"category","embeddable":true,"href":"https:\/\/www.visionweb.com.ar\/index.php?rest_route=%2Fwp%2Fv2%2Fcategories&post=16820"},{"taxonomy":"post_tag","embeddable":true,"href":"https:\/\/www.visionweb.com.ar\/index.php?rest_route=%2Fwp%2Fv2%2Ftags&post=16820"}],"curies":[{"name":"wp","href":"https:\/\/api.w.org\/{rel}","templated":true}]}}