{"id":16808,"date":"2024-12-26T10:47:15","date_gmt":"2024-12-26T13:47:15","guid":{"rendered":"https:\/\/www.visionweb.com.ar\/?p=16808"},"modified":"2024-12-26T10:47:15","modified_gmt":"2024-12-26T13:47:15","slug":"por-decreto-el-salario-minimo-vital-y-movil-de-diciembre-quedo-en-279-718","status":"publish","type":"post","link":"https:\/\/www.visionweb.com.ar\/?p=16808","title":{"rendered":"Por decreto: El Salario M\u00ednimo, Vital y M\u00f3vil de diciembre qued\u00f3 en $279.718"},"content":{"rendered":"<p><em><strong>Sin acuerdo con los gremios, que reclamaban un aumento del 100%, el Gobierno fij\u00f3 los nuevos valores de la remuneraci\u00f3n b\u00e1sica. El monto establecido por el gobierno es similar al que hab\u00edan ofrecido los empresarios en la reuni\u00f3n fallida de hace una semana con los representantes de los trabajadores.<\/strong><\/em><!--more--><\/p>\n<p><strong>\u00a0 <img loading=\"lazy\" decoding=\"async\" class=\"size-medium wp-image-13613 alignright\" src=\"https:\/\/www.visionweb.com.ar\/wp-content\/uploads\/2024\/02\/billetera-pesos-300x163.png\" alt=\"\" width=\"300\" height=\"163\" srcset=\"https:\/\/www.visionweb.com.ar\/wp-content\/uploads\/2024\/02\/billetera-pesos-300x163.png 300w, https:\/\/www.visionweb.com.ar\/wp-content\/uploads\/2024\/02\/billetera-pesos.png 515w\" sizes=\"auto, (max-width: 300px) 100vw, 300px\" \/> \u00a0 \u00a0 L<\/strong>uego de que, una vez m\u00e1s, las c\u00e1maras empresarias y los sindicatos no llegaran a un acuerdo en torno a la cifra, el Ejecutivo intervino para establecerla, a trav\u00e9s de La Secretar\u00eda de Trabajo, Empleo y Seguridad Social, y oficializ\u00f3 una actualizaci\u00f3n en los valores del\u00a0<strong>Salario M\u00ednimo, Vital y M\u00f3vil (SMVM)<\/strong> para los pr\u00f3ximos meses.<\/p>\n<p>De acuerdo a la<strong>\u00a0Resoluci\u00f3n 17\/2024,\u00a0publicada este jueves en el\u00a0Bolet\u00edn Oficial,\u00a0el salario m\u00ednimo ser\u00e1 de\u00a0$279.718\u00a0a partir del 1\u00b0 de diciembre de 2024 para todos los\u00a0trabajadores mensualizados\u00a0que cumplen la jornada legal completa de trabajo, mientras que\u00a0ser\u00e1 de\u00a0\u00a0$1.399 por hora, para los jornalizados.<\/strong><\/p>\n<p><strong>Luego, en enero pr\u00f3ximo la suma ascender\u00e1 a $ 286.711 para los mensualizados y $1.434 por hora, para los jornalizados.<\/strong><\/p>\n<p><strong>\u2013 Febrero 2025: $292.446 mensuales y $1.462 por hora.<br \/>\n\u2013 Marzo 2025: $296.832 mensuales y $1.484 por hora.<\/strong><\/p>\n<p>Adem\u00e1s, se mantiene la f\u00f3rmula para la Prestaci\u00f3n por Desempleo, que establece un monto equivalente al 75% de la mejor remuneraci\u00f3n mensual del trabajador en los \u00faltimos seis meses, con un piso del 50% y un tope del 100% del SMVM vigente.<\/p>\n<p>La decisi\u00f3n de actualizar el salario m\u00ednimo responde al compromiso de garantizar un ingreso b\u00e1sico para los trabajadores y, simult\u00e1neamente, mantener la asistencia social a trav\u00e9s de la prestaci\u00f3n por desempleo. <strong>(VW)<\/strong><\/p>\n","protected":false},"excerpt":{"rendered":"<p>Sin acuerdo con los gremios, que reclamaban un aumento del 100%, el Gobierno fij\u00f3 los nuevos valores de la remuneraci\u00f3n b\u00e1sica. El monto establecido por el gobierno es similar al que hab\u00edan ofrecido los&#46;&#46;&#46;<\/p>\n","protected":false},"author":4,"featured_media":13613,"comment_status":"closed","ping_status":"closed","sticky":false,"template":"","format":"standard","meta":{"_monsterinsights_skip_tracking":false,"_monsterinsights_sitenote_active":false,"_monsterinsights_sitenote_note":"","_monsterinsights_sitenote_category":0,"footnotes":""},"categories":[4,5],"tags":[3785,7119,6019],"class_list":["post-16808","post","type-post","status-publish","format-standard","has-post-thumbnail","hentry","category-politica","category-sociedad","tag-diciembre","tag-salario-por-decreto","tag-smvm"],"_links":{"self":[{"href":"https:\/\/www.visionweb.com.ar\/index.php?rest_route=\/wp\/v2\/posts\/16808","targetHints":{"allow":["GET"]}}],"collection":[{"href":"https:\/\/www.visionweb.com.ar\/index.php?rest_route=\/wp\/v2\/posts"}],"about":[{"href":"https:\/\/www.visionweb.com.ar\/index.php?rest_route=\/wp\/v2\/types\/post"}],"author":[{"embeddable":true,"href":"https:\/\/www.visionweb.com.ar\/index.php?rest_route=\/wp\/v2\/users\/4"}],"replies":[{"embeddable":true,"href":"https:\/\/www.visionweb.com.ar\/index.php?rest_route=%2Fwp%2Fv2%2Fcomments&post=16808"}],"version-history":[{"count":1,"href":"https:\/\/www.visionweb.com.ar\/index.php?rest_route=\/wp\/v2\/posts\/16808\/revisions"}],"predecessor-version":[{"id":16809,"href":"https:\/\/www.visionweb.com.ar\/index.php?rest_route=\/wp\/v2\/posts\/16808\/revisions\/16809"}],"wp:featuredmedia":[{"embeddable":true,"href":"https:\/\/www.visionweb.com.ar\/index.php?rest_route=\/wp\/v2\/media\/13613"}],"wp:attachment":[{"href":"https:\/\/www.visionweb.com.ar\/index.php?rest_route=%2Fwp%2Fv2%2Fmedia&parent=16808"}],"wp:term":[{"taxonomy":"category","embeddable":true,"href":"https:\/\/www.visionweb.com.ar\/index.php?rest_route=%2Fwp%2Fv2%2Fcategories&post=16808"},{"taxonomy":"post_tag","embeddable":true,"href":"https:\/\/www.visionweb.com.ar\/index.php?rest_route=%2Fwp%2Fv2%2Ftags&post=16808"}],"curies":[{"name":"wp","href":"https:\/\/api.w.org\/{rel}","templated":true}]}}